{"id":699583,"date":"2026-08-07T17:41:15","date_gmt":"2026-08-07T17:41:15","guid":{"rendered":"https:\/\/www.europesays.com\/es\/699583\/"},"modified":"2026-08-07T17:41:15","modified_gmt":"2026-08-07T17:41:15","slug":"iberdrola-invertira-526-millones-en-las-redes-electricas-de-brasil-expansion","status":"publish","type":"post","link":"https:\/\/www.europesays.com\/es\/699583\/","title":{"rendered":"Iberdrola invertir\u00e1 526 millones en las redes el\u00e9ctricas de Brasil &#8211; Expansi\u00f3n"},"content":{"rendered":"<ol>\n<li><a href=\"https:\/\/news.google.com\/rss\/articles\/CBMiiwFBVV95cUxOT25IUi1SYXNvV3hEbmcwSkN5VlNxRks2Mk9YSlVBR05fZTNqa1BNWlNWV0RXSEIzYVVoTUhpVGM4a0FjMlBEQzdCS0pDQ3ZRcVZaN1dFQmlnbVM5T1lWaUJUTEhpd3htY3Y2U19MWS1hMEp0WFFuM3BoV3IwejlNVjlTeEJJR0Q1cU400gGLAUFVX3lxTFAtY2puZGJObW5vS1lnYng3cnpZNWttS3dPMlM3Vjl0bHpUZlc5WGhpVWtkbG1LR29leEo3dUtoSnJxUFBsX050dkt6S09OVDNaSUZVZ3NFODFmbmd6ZFlkMXMwMzdCdnlLQUljMnBRTlNMU2Rvb0JBOE54Y1diVWZDX0xzYUFPLTVESUU?oc=5\" target=\"_blank\" rel=\"nofollow noopener\">Iberdrola invertir\u00e1 526 millones en las redes el\u00e9ctricas de Brasil<\/a>&nbsp;&nbsp;Expansi\u00f3n<\/li>\n<li><a href=\"https:\/\/news.google.com\/rss\/articles\/CBMi9wFBVV95cUxQdm9DMXRGR3JqZjdidXl4ekVTeWpDeUdSbGxFNkZwZDRKZFZOOXpUWTdudDFWX0pGZ3NuV2FqWFpUZldzSC1mLXowVC1uLUgwdk82MzNTbkJEMHl3SXBMSG9oUmdhbmY1TVVKbWRtMnppMkYybkVyVkdObXdFTC1lcjAxSjZLZzdqaklSS0RTYS0xRExpZ2I4WE10Slh2dDk2alc3VUJWa3p6QmVVY1l3RnhFazlJamsxcmtWY21xU2pIMmx5X2FBR2dKVGlsWm1MLU8yMlE5QkM2QlVfUkJXYmtwREhpQVFNdUFfUDMtVVVfaFN6SVFJ?oc=5\" target=\"_blank\" rel=\"nofollow noopener\">Neoenergia anuncia un plan r\u00e9cord de 3.100 millones de reales para reforzar la infraestructura el\u00e9ctrica del Distrito Federal<\/a>&nbsp;&nbsp;Iberdrola<\/li>\n<li><a href=\"https:\/\/news.google.com\/rss\/articles\/CBMi_wFBVV95cUxPTFRPS00tRXNEUDBMdVpOTktHMlBpX3c2S2d1TDdRcVA3Ql9Wc0hPODFrNXM2ZXVsZy16bFVxaHpORnFYQTA4cUJ0OVl4by1ROGRndndQRkRyQVFOSE5yYjM4UDBuOFJhS0I2NndmY0NQV3NsZnZxTnNYUHB5eGo5dGNoZlMxbkZmM1V4Y0VuT0htVmg2cTZscHhCX3g2RXN4Zl82QnF3aEJiRnA4M2FCTzZURE1HODMzSGZDWEE4U2J5WmpyeU5EV3ZlLV9SdHRGck1QMVRYeWNZbU41YWQ4VE5XLWVQQklqZmcxRjdXSWhGSHhMc2lNSkxNTU9oUzDSAYQCQVVfeXFMUHRqRXJrVk5kMXhaU1hzX29YSG1FYndibjFqU0VMczFfRm9vUXlHLXgxUU1YRmpzNGRvaXJucW1YSEs4a2NhV2ozYUVEY0lCSU9QaVFjYTFJV1Z2dU5iTzZMSl9TQzk5N1A5V2JWeXk3RTlzWU84UE5LSXRxMGM5c3pQOTZ4WjI4OUtsVlk1NlFPYTNodUdwUzctRjh5N25mOVp6X05FMWdpZGJEemgtOHZuUUJrU2hybDZ0XzZxOWQ4S0tPcEdsOEFvbVdxUDNtS2RMbjJiUWJwb3VBWVdneW1XYVJWc3NocEI3WDAxZi1iZzN5UWlnQ1lLOEJhRUV6QUZHQno?oc=5\" target=\"_blank\" rel=\"nofollow noopener\">Econom\u00eda.- Iberdrola invertir\u00e1 526 millones para modernizar las redes el\u00e9ctricas del Distrito Federal de Brasil<\/a>&nbsp;&nbsp;Bolsamania<\/li>\n<li><a href=\"https:\/\/news.google.com\/rss\/articles\/CBMiwAFBVV95cUxNMmpJbmYzUGVvbWJxbGFLLUtqNFEwSTloaElMRFpzaTg2TzFsSktiYWNmaDNBRjRjME5QcnNrbGlYdWQ0bW52TVNZMVM1dkxzMW9Kdk1wdjc5NkFrc0hmVWZpblFVdmFnMmI1alNPMF85OGllTkZJRWpJR1hNQzRMTmNIVkVDbWd4aHBTNXZDeDlUa1M0VnpnS0g4d3AtdzVhMG5ET185Sjdub2JmaExRM0NwYmkzekVXeGFwMzAyQVfSAZ8BQVVfeXFMT0xqZmRLdnZ4VjdFSGtZaGswYW5RbVZ2bXRVUG9LcGthc2FvS3N6RXc2cDJPLVl2cW1nQXEzVkk5QXhrWlhWLUpocHFxUmJBZUhIVWZiNGpfd0Y4d1ZiSktHTWZjdzMtWmJrN1ozeVJDa3RQWE9xLXZ0ekNna0xaX01oSEdNZExRWEJDWDR0SEFSY3dpMUZfUW44YzRrSlc4?oc=5\" target=\"_blank\" rel=\"nofollow noopener\">Iberdrola apuesta por Brasil con una inversi\u00f3n r\u00e9cord de 526 millones de euros en infraestructuras el\u00e9ct&#8230;<\/a>&nbsp;&nbsp;Estrategias de Inversi\u00f3n<\/li>\n<li><a href=\"https:\/\/news.google.com\/rss\/articles\/CBMizgFBVV95cUxQM19LQS1PMjI1YjY4Y3JwLU5tbEFuYXdocnFOclFXbzkwYzR0bkdsZ3VkbWt5YUhjdFpsOEFKNWhkdjF0LXJOX3AxTkN1aG1UNngyTkloQVdEYndtX1Y3VzB4WHFjSTl1azlHbVNDUHZ6M0k4MEhPZXRnam45YkVBUk92OFI4d0wzNmxlXzVKRDVWLUZKdjBZRzIzZHJXRkxFNWx1alZkeThreDZoOXJfRlVWTnk5bXdibHBNV3hqZGhMRHJSdmplOFByQ0hkZw?oc=5\" target=\"_blank\" rel=\"nofollow noopener\">Iberdrola lanza una inversi\u00f3n r\u00e9cord de m\u00e1s de 500 millones en Brasil<\/a>&nbsp;&nbsp;Cinco D\u00edas<\/li>\n<\/ol>\n","protected":false},"excerpt":{"rendered":"Iberdrola invertir\u00e1 526 millones en las redes el\u00e9ctricas de Brasil&nbsp;&nbsp;Expansi\u00f3n Neoenergia anuncia un plan r\u00e9cord de 3.100 millones&hellip;\n","protected":false},"author":2,"featured_media":699584,"comment_status":"","ping_status":"","sticky":false,"template":"","format":"standard","meta":{"footnotes":""},"categories":[80],"tags":[82,95,94,2308,61012,5220,25,24,7131,23],"class_list":["post-699583","post","type-post","status-publish","format-standard","has-post-thumbnail","category-economia","tag-business","tag-economia","tag-economy","tag-empresas","tag-empresas-energia","tag-energia","tag-es","tag-espana","tag-iberdrola","tag-spain"],"share_on_mastodon":{"url":"","error":""},"_links":{"self":[{"href":"https:\/\/www.europesays.com\/es\/wp-json\/wp\/v2\/posts\/699583","targetHints":{"allow":["GET"]}}],"collection":[{"href":"https:\/\/www.europesays.com\/es\/wp-json\/wp\/v2\/posts"}],"about":[{"href":"https:\/\/www.europesays.com\/es\/wp-json\/wp\/v2\/types\/post"}],"author":[{"embeddable":true,"href":"https:\/\/www.europesays.com\/es\/wp-json\/wp\/v2\/users\/2"}],"replies":[{"embeddable":true,"href":"https:\/\/www.europesays.com\/es\/wp-json\/wp\/v2\/comments?post=699583"}],"version-history":[{"count":0,"href":"https:\/\/www.europesays.com\/es\/wp-json\/wp\/v2\/posts\/699583\/revisions"}],"wp:featuredmedia":[{"embeddable":true,"href":"https:\/\/www.europesays.com\/es\/wp-json\/wp\/v2\/media\/699584"}],"wp:attachment":[{"href":"https:\/\/www.europesays.com\/es\/wp-json\/wp\/v2\/media?parent=699583"}],"wp:term":[{"taxonomy":"category","embeddable":true,"href":"https:\/\/www.europesays.com\/es\/wp-json\/wp\/v2\/categories?post=699583"},{"taxonomy":"post_tag","embeddable":true,"href":"https:\/\/www.europesays.com\/es\/wp-json\/wp\/v2\/tags?post=699583"}],"curies":[{"name":"wp","href":"https:\/\/api.w.org\/{rel}","templated":true}]}}