{"id":699651,"date":"2026-08-07T18:29:14","date_gmt":"2026-08-07T18:29:14","guid":{"rendered":"https:\/\/www.europesays.com\/es\/699651\/"},"modified":"2026-08-07T18:29:14","modified_gmt":"2026-08-07T18:29:14","slug":"la-moncloa-pedro-sanchez-preside-la-reunion-de-coordinacion-sobre-la-evolucion-de-la-situacion-en-ceuta-2","status":"publish","type":"post","link":"https:\/\/www.europesays.com\/es\/699651\/","title":{"rendered":"La Moncloa. Pedro S\u00e1nchez preside la reuni\u00f3n de coordinaci\u00f3n sobre la evoluci\u00f3n de la situaci\u00f3n en Ceuta"},"content":{"rendered":"<p>&#13;<\/p>\n<p>El jefe del Ejecutivo, Pedro S\u00e1nchez, ha presidido una reuni\u00f3n de coordinaci\u00f3n, por videoconferencia, sobre la situaci\u00f3n actual en la Ciudad Aut\u00f3noma de Ceuta, en la que tambi\u00e9n han participado la ministra de Defensa, Margarita Robles; el ministro del Interior, Fernando Grande-Marlaska; el ministro de Pol\u00edtica Territorial y Memoria Democr\u00e1tica, \u00c1ngel V\u00edctor Torres; la ministra de Inclusi\u00f3n, Seguridad Social y Migraciones, Elma Saiz; la ministra de Juventud e Infancia, Sira Rego, y el secretario de Estado de Asuntos Exteriores y Globales, Diego Mart\u00ednez.<\/p>\n<p>El presidente del Gobierno y los ministros han realizado un balance de la situaci\u00f3n en Ceuta, de cara a examinar las labores en curso y poner en marcha nuevas medidas destinadas a auxiliar a los migrantes que a\u00fan est\u00e1n en la ciudad aut\u00f3noma y reforzar las garant\u00edas de seguridad y bienestar de la poblaci\u00f3n ceut\u00ed. El Gobierno de Espa\u00f1a va seguir utilizando todos los resortes y recursos del Estado que sean necesarios para garantizar que, en el menor tiempo posible, Ceuta y su ciudadan\u00eda recuperen la total normalidad.<\/p>\n<p>Por otro lado, el Ejecutivo ha solicitado este mismo viernes la comparecencia en el Congreso de los Diputados, a petici\u00f3n propia y en periodo extraordinario, de los ministros del Interior, Fernando Grande-Marlaska; de Exteriores, Jos\u00e9 Manuel Albares, de Defensa, Margarita Robles, y del ministro de la Presidencia, Justicia y Relaciones con las Cortes, F\u00e9lix Bola\u00f1os, para dar cuentas de su gesti\u00f3n ante las comisiones de Interior, Exteriores, Defensa y Seguridad Nacional.<\/p>\n<p>&#13;<\/p>\n","protected":false},"excerpt":{"rendered":"&#13; El jefe del Ejecutivo, Pedro S\u00e1nchez, ha presidido una reuni\u00f3n de coordinaci\u00f3n, por videoconferencia, sobre la situaci\u00f3n&hellip;\n","protected":false},"author":2,"featured_media":699652,"comment_status":"","ping_status":"","sticky":false,"template":"","format":"standard","meta":{"footnotes":""},"categories":[8],"tags":[3382,17,18,25,24,13,14,11,19,20,9,10,15,16,1461,23,12,21,22],"class_list":["post-699651","post","type-post","status-publish","format-standard","has-post-thumbnail","category-espana","tag-actividad","tag-breaking-news","tag-breakingnews","tag-es","tag-espana","tag-featured-news","tag-featurednews","tag-headlines","tag-latest-news","tag-latestnews","tag-news","tag-noticias","tag-noticias-destacadas","tag-noticiasdestacadas","tag-presidente","tag-spain","tag-titulares","tag-ultimas-noticias","tag-ultimasnoticias"],"share_on_mastodon":{"url":"https:\/\/pubeurope.com\/@es\/117055649848198208","error":""},"_links":{"self":[{"href":"https:\/\/www.europesays.com\/es\/wp-json\/wp\/v2\/posts\/699651","targetHints":{"allow":["GET"]}}],"collection":[{"href":"https:\/\/www.europesays.com\/es\/wp-json\/wp\/v2\/posts"}],"about":[{"href":"https:\/\/www.europesays.com\/es\/wp-json\/wp\/v2\/types\/post"}],"author":[{"embeddable":true,"href":"https:\/\/www.europesays.com\/es\/wp-json\/wp\/v2\/users\/2"}],"replies":[{"embeddable":true,"href":"https:\/\/www.europesays.com\/es\/wp-json\/wp\/v2\/comments?post=699651"}],"version-history":[{"count":0,"href":"https:\/\/www.europesays.com\/es\/wp-json\/wp\/v2\/posts\/699651\/revisions"}],"wp:featuredmedia":[{"embeddable":true,"href":"https:\/\/www.europesays.com\/es\/wp-json\/wp\/v2\/media\/699652"}],"wp:attachment":[{"href":"https:\/\/www.europesays.com\/es\/wp-json\/wp\/v2\/media?parent=699651"}],"wp:term":[{"taxonomy":"category","embeddable":true,"href":"https:\/\/www.europesays.com\/es\/wp-json\/wp\/v2\/categories?post=699651"},{"taxonomy":"post_tag","embeddable":true,"href":"https:\/\/www.europesays.com\/es\/wp-json\/wp\/v2\/tags?post=699651"}],"curies":[{"name":"wp","href":"https:\/\/api.w.org\/{rel}","templated":true}]}}