{"id":700047,"date":"2026-08-07T23:26:45","date_gmt":"2026-08-07T23:26:45","guid":{"rendered":"https:\/\/www.europesays.com\/es\/700047\/"},"modified":"2026-08-07T23:26:45","modified_gmt":"2026-08-07T23:26:45","slug":"las-chicas-gilmore-tiene-en-marcha-el-rodaje-de-un-documental-especial-para-hbo-max","status":"publish","type":"post","link":"https:\/\/www.europesays.com\/es\/700047\/","title":{"rendered":"&#8216;Las chicas Gilmore&#8217; tiene en marcha el rodaje de un documental especial para HBO Max"},"content":{"rendered":"<p>Antes de terminar la d\u00e9cada vamos a tener una \u00faltima reuni\u00f3n con las muy queridas protagonistas de &#8216;<a href=\"https:\/\/www.ecartelera.com\/series\/las-chicas-gilmore\/\" data-mention-type=\"serie\" data-mention-id=\"64\" data-space-before=\"\" rel=\"nofollow noopener\" target=\"_blank\">Las chicas Gilmore<\/a>&#8216;. HBO Max ha anunciado la <strong>producci\u00f3n de un documental muy especial<\/strong> alrededor de la producci\u00f3n de la serie original, del cual han puesto al cargo como directora a <a href=\"https:\/\/www.ecartelera.com\/personas\/bonni-cohen\/\" data-mention-type=\"persona\" data-mention-id=\"17354\" data-space-before=\"\" rel=\"nofollow noopener\" target=\"_blank\">Bonni Cohen<\/a>, acompa\u00f1ada por los estudios Warner Horizon Unscripted Television y la marca This Machine, dirigida por <a href=\"https:\/\/www.ecartelera.com\/personas\/rj-cutler\/\" data-mention-type=\"persona\" data-mention-id=\"9236\" data-space-before=\"\" rel=\"nofollow noopener\" target=\"_blank\">R.J. Cutler<\/a>.<\/p>\n<p>Una de las caras conocidas que forman parte de la producci\u00f3n ser\u00e1 la de <strong>la creadora de la serie<\/strong>, <a href=\"https:\/\/www.ecartelera.com\/personas\/amy-sherman-palladino\/\" data-mention-type=\"persona\" data-mention-id=\"18482\" data-space-before=\"\" rel=\"nofollow noopener\" target=\"_blank\">Amy Sherman-Palladino<\/a>, que toma con orgullo la ocasi\u00f3n para dar a conocer su trabajo en la d\u00e9cada de los 2000. Se le sumar\u00e1n el productor ejecutivo <strong>Daniel Palladino<\/strong> y la m\u00edtica actriz <a href=\"https:\/\/www.ecartelera.com\/personas\/lauren-graham\/\" data-mention-type=\"persona\" data-mention-id=\"4928\" data-space-before=\"\" rel=\"nofollow noopener\" target=\"_blank\">Lauren Graham<\/a>, que nos recordar\u00e1 aquellos tiempos felices con otros tantos miembros del reparto que hicieron posibles las siete temporadas de la serie.<\/p>\n<p>\t\t\t\t\t\t\t<img decoding=\"async\" loading=\"lazy\" src=\"https:\/\/www.europesays.com\/es\/wp-content\/uploads\/2026\/08\/222787_las-chicas-gilmore.jpg\" alt=\"Las chicas Gilmore\" width=\"1200\" height=\"800\"\/><\/p>\n<p>\t\t\t\t\t\tLas mujeres que definieron a toda una generaci\u00f3n en televisi\u00f3n por los 2000 volver\u00e1n para recordar su trabajo en &#8216;Las chicas Gil (Warner Bros.)<br \/>\n\t\t\t\t\t\tM\u00e1s Gilmore en camino<\/p>\n<p>Este documental, el cual tiene el objetivo de mostrar c\u00f3mo super\u00f3 todas las expectativas puestas sobre \u00e9l para convertirse en un <strong>proyecto de envergadura a nivel internacional<\/strong>, repasar\u00e1 los ocho a\u00f1os de su vida que marcaron un nuevo est\u00e1ndar en las series de televisi\u00f3n. No ser\u00e1 la \u00fanica obra con la que revisitaremos los primeros a\u00f1os de la producci\u00f3n, pues tambi\u00e9n est\u00e1 en marcha un libro<strong> escrito por Amy Sherman-Palladino y Lauren Graham<\/strong> que profundizar\u00e1 en lo que no vimos detr\u00e1s de las c\u00e1maras de la serie, con una fecha marcada para su lanzamiento en oto\u00f1o de 2027.<\/p>\n<p>Esto es lo m\u00e1s cerca que veremos de una secuela de la serie en bastante tiempo, aunque por suerte contamos con una en 2016 conocida aqu\u00ed como &#8216;<a href=\"https:\/\/www.ecartelera.com\/series\/gilmore-girls-a-year-in-the-life\/\" data-mention-type=\"serie\" data-mention-id=\"197\" data-space-before=\"\" rel=\"nofollow noopener\" target=\"_blank\">Las 4 estaciones de las chicas Gilmore<\/a>&#8216;. Aquella miniserie producida por Netflix sirvi\u00f3 como ep\u00edlogo diez a\u00f1os despu\u00e9s del final de la serie original y puede seguir vi\u00e9ndose en su plataforma, mientras que los derechos de los episodios originales cambian de productora a productora. Actualmente <strong>podemos encontrarla en Disney+<\/strong>.<\/p>\n<p>Tr\u00e1iler espa\u00f1ol &#8216;Las cuatro estaciones de las chicas Gilmore&#8217;<\/p>\n<p><video id=\"vid-13427\" class=\"video-js vjs-default-skin\" data-title=\"Tr\u00e1iler espa\u00f1ol 'Las cuatro estaciones de las chicas Gilmore'\" poster=\"https:\/\/www.ecartelera.com\/images\/videos\/13400\/13427-m.jpg\" controls=\"\" preload=\"auto\" width=\"640\" height=\"360\" playsinline=\"\" data-vtt=\"\/\/v1.ecartelera.com\/video\/13400\/13427_sprite.vtt\" data-stream=\"1\">El navegador no soporta el tag de v\u00eddeo.<\/video><\/p>\n<p>X<\/p>\n<p>Lugar de documentales<\/p>\n<p>La apuesta por un documental de &#8216;Las chicas Gilmore&#8217; en HBO Max pilla algo por sorpresa, aunque no deber\u00eda. La serie originalmente se retransmiti\u00f3 en las cadenas The WB y The CW, ambas <strong>propiedad de Warner Bros<\/strong>. Aunque los derechos de distribuci\u00f3n han bailado mucho en la \u00faltima d\u00e9cada, los or\u00edgenes de la franquicia est\u00e1n en manos de Warner, y por tanto querer alimentar la leyenda a su alrededor les corresponde a ellos tambi\u00e9n.<\/p>\n","protected":false},"excerpt":{"rendered":"Antes de terminar la d\u00e9cada vamos a tener una \u00faltima reuni\u00f3n con las muy queridas protagonistas de &#8216;Las&hellip;\n","protected":false},"author":2,"featured_media":700048,"comment_status":"","ping_status":"","sticky":false,"template":"","format":"standard","meta":{"footnotes":""},"categories":[171],"tags":[1014,1015,1013,177,1011,146,147,25,24,782,1019,1016,753,1012,23,1017,214,1018],"class_list":["post-700047","post","type-post","status-publish","format-standard","has-post-thumbnail","category-tv","tag-actores","tag-actrices","tag-cartelera","tag-cine","tag-ecartelera","tag-entertainment","tag-entretenimiento","tag-es","tag-espana","tag-estrellas","tag-fotogramas","tag-fotos","tag-peliculas","tag-pelis","tag-spain","tag-trailers","tag-tv","tag-videos"],"share_on_mastodon":{"url":"https:\/\/pubeurope.com\/@es\/117056818390134458","error":""},"_links":{"self":[{"href":"https:\/\/www.europesays.com\/es\/wp-json\/wp\/v2\/posts\/700047","targetHints":{"allow":["GET"]}}],"collection":[{"href":"https:\/\/www.europesays.com\/es\/wp-json\/wp\/v2\/posts"}],"about":[{"href":"https:\/\/www.europesays.com\/es\/wp-json\/wp\/v2\/types\/post"}],"author":[{"embeddable":true,"href":"https:\/\/www.europesays.com\/es\/wp-json\/wp\/v2\/users\/2"}],"replies":[{"embeddable":true,"href":"https:\/\/www.europesays.com\/es\/wp-json\/wp\/v2\/comments?post=700047"}],"version-history":[{"count":0,"href":"https:\/\/www.europesays.com\/es\/wp-json\/wp\/v2\/posts\/700047\/revisions"}],"wp:featuredmedia":[{"embeddable":true,"href":"https:\/\/www.europesays.com\/es\/wp-json\/wp\/v2\/media\/700048"}],"wp:attachment":[{"href":"https:\/\/www.europesays.com\/es\/wp-json\/wp\/v2\/media?parent=700047"}],"wp:term":[{"taxonomy":"category","embeddable":true,"href":"https:\/\/www.europesays.com\/es\/wp-json\/wp\/v2\/categories?post=700047"},{"taxonomy":"post_tag","embeddable":true,"href":"https:\/\/www.europesays.com\/es\/wp-json\/wp\/v2\/tags?post=700047"}],"curies":[{"name":"wp","href":"https:\/\/api.w.org\/{rel}","templated":true}]}}