{"id":700093,"date":"2026-08-07T23:58:10","date_gmt":"2026-08-07T23:58:10","guid":{"rendered":"https:\/\/www.europesays.com\/es\/700093\/"},"modified":"2026-08-07T23:58:10","modified_gmt":"2026-08-07T23:58:10","slug":"gabinete-por-la-vida-ivan-cepeda-anuncia-gobierno-alterno-para-vigilar-a-de-la-espriella-y-liderar-la-oposicion-desde-el-primer-dia","status":"publish","type":"post","link":"https:\/\/www.europesays.com\/es\/700093\/","title":{"rendered":"\u201cGabinete por la Vida\u201d: Iv\u00e1n Cepeda anuncia gobierno alterno para vigilar a De La Espriella y liderar la oposici\u00f3n desde el primer d\u00eda"},"content":{"rendered":"<p class=\"text-base\" data-type=\"text\">La posesi\u00f3n de<a href=\"https:\/\/www.semana.com\/semana-tv\/semana-noticias\/articulo\/en-vivo-abelardo-de-la-espriella-toma-posesion-como-presidente-de-colombia\/202656\/\" target=\"_blank\" rel=\"noreferrer nofollow noopener\" title=\"https:\/\/www.semana.com\/semana-tv\/semana-noticias\/articulo\/en-vivo-abelardo-de-la-espriella-toma-posesion-como-presidente-de-colombia\/202656\/\"> Abelardo De La Espriella<\/a> como presidente de Colombia no solo marca el inicio de un nuevo Gobierno, sino tambi\u00e9n el comienzo de una oposici\u00f3n liderada por quien fue su principal rival en las urnas: Iv\u00e1n Cepeda. <\/p>\n<p><a href=\"https:\/\/www.semana.com\/politica\/articulo\/director-de-la-policia-se-despide-con-el-mantra-que-usa-francia-marquez-hasta-que-la-dignidad-se-vuelva-costumbre\/202613\/\" data-type=\"link_list\" target=\"_blank\" rel=\"noopener noreferrer nofollow\" class=\"no-underline\"><img decoding=\"async\" data-chromatic=\"ignore\" alt=\".\" class=\"c-image m-0 h-full w-full object-cover\" loading=\"lazy\" src=\"https:\/\/www.europesays.com\/es\/wp-content\/uploads\/2026\/08\/QREJIVCFCVGA5CT2FLRZPFN7BM.jpg\"  width=\"128\" height=\"128\"\/><\/p>\n<p>Director de la Polic\u00eda se despide con el mantra que usa Francia M\u00e1rquez: \u201cHasta que la dignidad se vuelva costumbre\u201d<\/p>\n<p><\/a><\/p>\n<p class=\"text-base\" data-type=\"text\">Desde Barranquilla, Cepeda hizo este viernes 7 de agosto su primer pronunciamiento antes de la ceremonia de investidura presidencial. Reiter\u00f3 su llamado a la denominada <b>\u201cdesobediencia civil pac\u00edfica\u201d<\/b>, insistiendo en sus cuestionamientos sobre la legitimidad del nuevo mandatario. <\/p>\n<p class=\"text-base\" data-type=\"text\">El senador particip\u00f3 en una concentraci\u00f3n convocada por organizaciones sociales y sectores afines al <b>Pacto Hist\u00f3rico en la capital del Atl\u00e1ntico<\/b>, donde cientos de personas se reunieron con pancartas y consignas en rechazo al nuevo Gobierno. <\/p>\n<p class=\"text-base\" data-type=\"text\">La movilizaci\u00f3n hizo parte de una jornada nacional de protesta convocada para coincidir con la posesi\u00f3n presidencial, <a href=\"https:\/\/www.semana.com\/politica\/articulo\/exponen-en-vivo-encrucijada-que-tienen-el-pacto-historico-petro-y-cepeda-de-cara-al-gobierno-de-la-espriella-momento-paradojico\/202623\/\" target=\"_blank\" rel=\"noreferrer nofollow noopener\" title=\"https:\/\/www.semana.com\/politica\/articulo\/exponen-en-vivo-encrucijada-que-tienen-el-pacto-historico-petro-y-cepeda-de-cara-al-gobierno-de-la-espriella-momento-paradojico\/202623\/\">mientras en Cali se desarrolla el acto oficial<\/a> de transmisi\u00f3n del mando.<\/p>\n<p class=\"text-base\" data-type=\"text\">Durante su intervenci\u00f3n en Barranquilla, Cepeda asegur\u00f3 que el progresismo no permitir\u00e1 que se reviertan las pol\u00edticas impulsadas durante el Gobierno Petro. \u201cNada de lo alcanzado dejaremos que se pierda. <b>Lucharemos hasta el l\u00edmite y m\u00e1s, para garantizar y ampliar los derechos<\/b> del pueblo colombiano\u201d, afirm\u00f3. <\/p>\n<p class=\"text-base\" data-type=\"text\">Adem\u00e1s, sostuvo que \u201choy culmina una fase. <b>Pero la historia de las transformaciones no se detiene ni aqu\u00ed ni ahora<\/b>\u201d, al insistir en que la oposici\u00f3n continuar\u00e1 defendiendo las reformas sociales.<\/p>\n<p class=\"text-base\" data-type=\"text\">El senador tambi\u00e9n endureci\u00f3 sus cr\u00edticas contra el nuevo mandatario al afirmar que \u201c<b>no reconozco la legitimidad de Abelardo De La Espriella para ejercer la jefatura del Estado<\/b>\u201d. Incluso asegur\u00f3 que el presidente electo \u201cser\u00e1 no jefe de Estado de Colombia, sino agente al servicio de los intereses de Estados Unidos\u201d. Defendi\u00f3 el inicio de la desobediencia civil pac\u00edfica al se\u00f1alar que esta \u201cconstituye una respuesta democr\u00e1tica frente a lo que consideramos una grave amenaza para la Rep\u00fablica\u201d.<\/p>\n<blockquote class=\"twitter-tweet\">\n<p lang=\"es\" dir=\"ltr\">Iv\u00e1n Cepeda declara en Barranquilla el inicio de la desobediencia civil pac\u00edfica en defensa de la democracia y la soberan\u00eda nacional <a href=\"https:\/\/t.co\/cmN2acvttY\" rel=\"nofollow\">pic.twitter.com\/cmN2acvttY<\/a><\/p>\n<p>\u2014 Iv\u00e1n Cepeda Castro (@IvanCepedaCast) <a href=\"https:\/\/x.com\/IvanCepedaCast\/status\/2085798689222631569?ref_src=twsrc%5Etfw\" rel=\"nofollow\">August 7, 2026<\/a><\/p><\/blockquote>\n<p>As\u00ed funcionar\u00e1 el \u201cGabinete por la Vida\u201d que anunci\u00f3 Cepeda<\/p>\n<p class=\"text-base\" data-type=\"text\">Uno de los anuncios m\u00e1s relevantes de Cepeda durante la jornada de movilizaci\u00f3n en Barranquilla fue la creaci\u00f3n del denominado \u201cGabinete por la Vida\u201d, una instancia con la que <b>el progresismo buscar\u00e1 organizar la oposici\u00f3n al Gobierno De La Espriella.<\/b> El senador explic\u00f3 que este espacio, conformado por distintos sectores pol\u00edticos y sociales, tendr\u00e1 como misi\u00f3n hacer seguimiento permanente a las decisiones que adopte la nueva administraci\u00f3n.<\/p>\n<p class=\"text-base\" data-type=\"text\">Seg\u00fan Cepeda, este gabinete alterno no pretende reemplazar las funciones del Ejecutivo, sino <b>convertirse en un mecanismo de control pol\u00edtico y ciudadano.<\/b> En ese sentido, asegur\u00f3 que desde all\u00ed se evaluar\u00e1n las pol\u00edticas p\u00fablicas del nuevo Gobierno y se promover\u00e1n acciones para defender las reformas impulsadas durante la administraci\u00f3n Petro, especialmente en temas sociales, laborales y ambientales.<\/p>\n<p><a href=\"https:\/\/www.semana.com\/politica\/articulo\/jose-manuel-restrepo-es-el-momento-de-recuperar-la-seguridad-y-construir-la-patria-milagro\/202623\/\" data-type=\"link_list\" target=\"_blank\" rel=\"noopener noreferrer nofollow\" class=\"no-underline\"><img decoding=\"async\" data-chromatic=\"ignore\" alt=\"Posesi\u00f3n presidencial Abelardo De La Espriella\" class=\"c-image m-0 h-full w-full object-cover\" loading=\"lazy\" src=\"https:\/\/www.europesays.com\/es\/wp-content\/uploads\/2026\/08\/DGNTEGW23ZEJLNO46TFIHC73C4.jpeg\"  width=\"128\" height=\"128\"\/><\/p>\n<p>Jos\u00e9 Manuel Restrepo: \u201cEs el momento de recuperar la seguridad y construir la Patria Milagro\u201d<\/p>\n<p><\/a><\/p>\n<blockquote class=\"twitter-tweet\" data-media-max-width=\"560\">\n<p lang=\"es\" dir=\"ltr\">\ud83c\udde8\ud83c\uddf4 \u00bfSe le olvid\u00f3 que perdi\u00f3 las elecciones? Iv\u00e1n Cepeda anuncia un gabinete alterno<\/p>\n<p>Mientras en Cali se desarrolla la ceremonia de posesi\u00f3n presidencial de <a href=\"https:\/\/x.com\/ABDELAESPRIELLA?ref_src=twsrc%5Etfw\" rel=\"nofollow\">@ABDELAESPRIELLA<\/a>, el excandidato presidencial <a href=\"https:\/\/x.com\/IvanCepedaCast?ref_src=twsrc%5Etfw\" rel=\"nofollow\">@IvanCepedaCast<\/a> encabez\u00f3 un acto alternativo en el que anunci\u00f3 la creaci\u00f3n\u2026 <a href=\"https:\/\/t.co\/jp4vukn2h1\" rel=\"nofollow\">pic.twitter.com\/jp4vukn2h1<\/a><\/p>\n<p>\u2014 Pol\u00edtico Latam (@politico_latam) <a href=\"https:\/\/x.com\/politico_latam\/status\/2085787883332383144?ref_src=twsrc%5Etfw\" rel=\"nofollow\">August 7, 2026<\/a><\/p><\/blockquote>\n<p class=\"text-base\" data-type=\"text\">El l\u00edder de la oposici\u00f3n sostuvo que este nuevo espacio servir\u00e1 para <b>coordinar iniciativas con organizaciones sociales, sindicatos, comunidades <\/b>y distintos sectores que rechazan el rumbo del Gobierno entrante.<\/p>\n<p class=\"text-base\" data-type=\"text\">Durante su intervenci\u00f3n, Cepeda asever\u00f3 que la oposici\u00f3n <b>mantendr\u00e1 una vigilancia constante sobre las decisiones del presidente De La Espriella.<\/b> Reiter\u00f3 que este gabinete alterno ser\u00e1 el escenario desde el cual se articular\u00e1n propuestas, pronunciamientos y acciones pol\u00edticas frente a las medidas que adopte la nueva administraci\u00f3n. Con ello, el senador dej\u00f3 claro que el progresismo buscar\u00e1 mantener una presencia activa en el debate nacional desde el inicio del nuevo mandato.<\/p>\n<p class=\"text-base\" data-type=\"text\">La ceremonia de posesi\u00f3n del Tigre comenz\u00f3 a las <b>3:00 p. m. en la Arena USC de Cali,<\/b> convirti\u00e9ndose en la primera investidura presidencial realizada fuera de Bogot\u00e1. El evento cuenta con un amplio dispositivo de seguridad y la asistencia de delegaciones internacionales, en medio de un ambiente de alta polarizaci\u00f3n pol\u00edtica.<\/p>\n<p><script async src=\"https:\/\/platform.twitter.com\/widgets.js\" charset=\"utf-8\"><\/script><\/p>\n","protected":false},"excerpt":{"rendered":"La posesi\u00f3n de Abelardo De La Espriella como presidente de Colombia no solo marca el inicio de un&hellip;\n","protected":false},"author":2,"featured_media":700094,"comment_status":"","ping_status":"","sticky":false,"template":"","format":"standard","meta":{"footnotes":""},"categories":[42],"tags":[126223,17,18,126224,13,14,421,11,61,62,63,64,19,20,104071,9,10,15,16,24077,126225,12,126226,21,22,65,66,67],"class_list":["post-700093","post","type-post","status-publish","format-standard","has-post-thumbnail","category-internacional","tag-119th-congress","tag-breaking-news","tag-breakingnews","tag-carlos-gimenez","tag-featured-news","tag-featurednews","tag-florida","tag-headlines","tag-internacional","tag-international","tag-international-news","tag-internationalnews","tag-latest-news","tag-latestnews","tag-maria-elvira-salazar","tag-news","tag-noticias","tag-noticias-destacadas","tag-noticiasdestacadas","tag-raul-castro","tag-rick-scott","tag-titulares","tag-u-s-capitol","tag-ultimas-noticias","tag-ultimasnoticias","tag-world","tag-world-news","tag-worldnews"],"share_on_mastodon":{"url":"","error":"Validation failed: Text character limit of 500 exceeded"},"_links":{"self":[{"href":"https:\/\/www.europesays.com\/es\/wp-json\/wp\/v2\/posts\/700093","targetHints":{"allow":["GET"]}}],"collection":[{"href":"https:\/\/www.europesays.com\/es\/wp-json\/wp\/v2\/posts"}],"about":[{"href":"https:\/\/www.europesays.com\/es\/wp-json\/wp\/v2\/types\/post"}],"author":[{"embeddable":true,"href":"https:\/\/www.europesays.com\/es\/wp-json\/wp\/v2\/users\/2"}],"replies":[{"embeddable":true,"href":"https:\/\/www.europesays.com\/es\/wp-json\/wp\/v2\/comments?post=700093"}],"version-history":[{"count":0,"href":"https:\/\/www.europesays.com\/es\/wp-json\/wp\/v2\/posts\/700093\/revisions"}],"wp:featuredmedia":[{"embeddable":true,"href":"https:\/\/www.europesays.com\/es\/wp-json\/wp\/v2\/media\/700094"}],"wp:attachment":[{"href":"https:\/\/www.europesays.com\/es\/wp-json\/wp\/v2\/media?parent=700093"}],"wp:term":[{"taxonomy":"category","embeddable":true,"href":"https:\/\/www.europesays.com\/es\/wp-json\/wp\/v2\/categories?post=700093"},{"taxonomy":"post_tag","embeddable":true,"href":"https:\/\/www.europesays.com\/es\/wp-json\/wp\/v2\/tags?post=700093"}],"curies":[{"name":"wp","href":"https:\/\/api.w.org\/{rel}","templated":true}]}}