{"id":700535,"date":"2026-08-08T06:41:31","date_gmt":"2026-08-08T06:41:31","guid":{"rendered":"https:\/\/www.europesays.com\/es\/700535\/"},"modified":"2026-08-08T06:41:31","modified_gmt":"2026-08-08T06:41:31","slug":"petro-arremete-contra-javier-milei-tras-recibir-doctorado-honoris-causa-en-cali-ignorante-fascista","status":"publish","type":"post","link":"https:\/\/www.europesays.com\/es\/700535\/","title":{"rendered":"Petro arremete contra Javier Milei tras recibir doctorado &#8216;honoris causa&#8217; en Cali: \u201cIgnorante fascista\u201d"},"content":{"rendered":"<p class=\"text-base\" data-type=\"text\">La entrega del doctorado honoris causa al presidente de Argentina, <a href=\"https:\/\/www.semana.com\/confidenciales\/articulo\/javier-milei-llego-a-cali-para-acompanar-a-abelardo-de-la-espriella-en-su-posesion-presidencial\/202622\/\" target=\"_blank\" rel=\"noreferrer nofollow noopener\" title=\"https:\/\/www.semana.com\/confidenciales\/articulo\/javier-milei-llego-a-cali-para-acompanar-a-abelardo-de-la-espriella-en-su-posesion-presidencial\/202622\/\">Javier Milei, por parte de la Universidad Santiago de Cali <\/a>desat\u00f3 una nueva controversia pol\u00edtica. <\/p>\n<p class=\"text-base\" data-type=\"text\">Uno de los primeros en reaccionar fue <b>el expresidente Gustavo Petro, quien public\u00f3 un fuerte mensaje en su cuenta de X, <\/b>en el que calific\u00f3 el reconocimiento como un respaldo al fascismo.<\/p>\n<p><a href=\"https:\/\/www.semana.com\/politica\/articulo\/gabinete-por-la-vida-ivan-cepeda-anuncia-gobierno-alterno-para-vigilar-a-de-la-espriella-y-liderar-la-oposicion-desde-el-primer-dia\/202623\/\" data-type=\"link_list\" target=\"_blank\" rel=\"noopener noreferrer nofollow\" class=\"no-underline\"><img decoding=\"async\" data-chromatic=\"ignore\" alt=\"Iv\u00e1n Cepeda en su discurso 7 de agosto, desde Barranquilla.\" class=\"c-image m-0 h-full w-full object-cover\" loading=\"lazy\" src=\"https:\/\/www.europesays.com\/es\/wp-content\/uploads\/2026\/08\/1786171291_752_QEXR6XAUPVDGJCWW6ZGBVWHTPE.jpeg\"  width=\"128\" height=\"128\"\/><\/p>\n<p>\u201cGabinete por la Vida\u201d: Iv\u00e1n Cepeda anuncia gobierno alterno para vigilar a De La Espriella y liderar la oposici\u00f3n desde el primer d\u00eda<\/p>\n<p><\/a><\/p>\n<p class=\"text-base\" data-type=\"text\"><b>\u201cLa Universidad Santiago de Cali le dio un doctorado a quien toda esta gente ve como ignorante fascista\u201d,<\/b> escribi\u00f3 Petro. <\/p>\n<p class=\"text-base\" data-type=\"text\">En el mismo mensaje record\u00f3 una de las frases asociadas a la Guerra Civil espa\u00f1ola al afirmar: <b>\u201c\u00a1Que muera la inteligencia!<\/b> Gritaron en Salamanca en medio de un mill\u00f3n de muertos en Espa\u00f1a\u201d. Luego remat\u00f3 su publicaci\u00f3n con una frase a\u00fan m\u00e1s contundente: \u201cDoctorado al fascismo\u201d.<\/p>\n<p class=\"text-base\" data-type=\"text\">El pronunciamiento <a href=\"https:\/\/www.semana.com\/confidenciales\/articulo\/la-ultima-foto-de-gustavo-petro-en-su-oficina-asi-se-despidio-de-la-casa-de-narino-antes-de-dejar-la-presidencia\/202607\/\" target=\"_blank\" rel=\"noreferrer nofollow noopener\" title=\"https:\/\/www.semana.com\/confidenciales\/articulo\/la-ultima-foto-de-gustavo-petro-en-su-oficina-asi-se-despidio-de-la-casa-de-narino-antes-de-dejar-la-presidencia\/202607\/\">del exmandatario se produjo luego de que <\/a>la Universidad Santiago de Cali <b>entregara el t\u00edtulo de doctor <\/b><b>honoris causa<\/b><b> a Milei en reconocimiento a su trayectoria y liderazgo pol\u00edtico, <\/b>en una ceremonia realizada en el marco de la posesi\u00f3n presidencial de Abelardo De La Espriella, este viernes 7 de agosto. <\/p>\n<p class=\"text-base\" data-type=\"text\">De acuerdo con la instituci\u00f3n, la distinci\u00f3n exalta los aportes del mandatario argentino al debate sobre la libertad econ\u00f3mica, el desarrollo institucional y el liderazgo en Am\u00e9rica Latina. <\/p>\n<p class=\"text-base\" data-type=\"text\"><a href=\"https:\/\/www.semana.com\/politica\/articulo\/petro-ya-es-expresidente-en-10-imagenes-su-adios-a-la-casa-de-narino\/202646\/\" target=\"_blank\" rel=\"noreferrer nofollow noopener\" title=\"https:\/\/www.semana.com\/politica\/articulo\/petro-ya-es-expresidente-en-10-imagenes-su-adios-a-la-casa-de-narino\/202646\/\">La publicaci\u00f3n de Petro estuvo acompa\u00f1ada<\/a> por un video que hace referencia a la hist\u00f3rica expresi\u00f3n \u201c\u00a1Que muera la inteligencia!\u201d, pronunciada durante la Guerra Civil espa\u00f1ola y asociada al enfrentamiento entre sectores franquistas e intelectuales en Espa\u00f1a. <\/p>\n<p class=\"text-base\" data-type=\"text\">Con esa comparaci\u00f3n, el exmandatario busc\u00f3 <b>cuestionar la decisi\u00f3n de otorgar el reconocimiento acad\u00e9mico<\/b> al presidente argentino.<\/p>\n<blockquote class=\"twitter-tweet\">\n<p lang=\"es\" dir=\"ltr\">La universidad Santiago de Cali le dio un doctorado a quien toda esta gente ve como ingnorante fascista.<\/p>\n<p>\u00a1Que muera la inteligencia! Gritaron en Salamanca en medio de un mill\u00f3n de muertos en Espa\u00f1a. <\/p>\n<p>Doctorado al fascismo. <a href=\"https:\/\/t.co\/8qMaJP9PhM\" rel=\"nofollow\">pic.twitter.com\/8qMaJP9PhM<\/a><\/p>\n<p>\u2014 Gustavo Petro (@petrogustavo) <a href=\"https:\/\/x.com\/petrogustavo\/status\/2085847601241620580?ref_src=twsrc%5Etfw\" rel=\"nofollow\">August 7, 2026<\/a><\/p><\/blockquote>\n<p><a href=\"https:\/\/www.semana.com\/politica\/articulo\/director-de-la-policia-se-despide-con-el-mantra-que-usa-francia-marquez-hasta-que-la-dignidad-se-vuelva-costumbre\/202613\/\" data-type=\"link_list\" target=\"_blank\" rel=\"noopener noreferrer nofollow\" class=\"no-underline\"><img decoding=\"async\" data-chromatic=\"ignore\" alt=\".\" class=\"c-image m-0 h-full w-full object-cover\" loading=\"lazy\" src=\"https:\/\/www.europesays.com\/es\/wp-content\/uploads\/2026\/08\/1786171291_972_QREJIVCFCVGA5CT2FLRZPFN7BM.jpg\"  width=\"128\" height=\"128\"\/><\/p>\n<p>Director de la Polic\u00eda se despide con el mantra que usa Francia M\u00e1rquez: \u201cHasta que la dignidad se vuelva costumbre\u201d<\/p>\n<p><\/a><\/p>\n<p class=\"text-base\" data-type=\"text\">El doctorado honoris causa fue entregado mientras Milei se encontraba en Cali para asistir a la <b>posesi\u00f3n de De La Espriella como nuevo presidente de Colombia,<\/b> un evento que reuni\u00f3 a varios jefes de Estado y delegaciones internacionales.<\/p>\n<p class=\"text-base\" data-type=\"text\">La visita del mandatario argentino y el homenaje recibido en la capital del Valle del Cauca generaron reacciones divididas en el \u00e1mbito pol\u00edtico colombiano.<\/p>\n<blockquote class=\"twitter-tweet\">\n<p lang=\"es\" dir=\"ltr\">El Presidente Javier Milei fue distinguido con el Doctorado Honoris Causa otorgado por la Universidad Santiago de Cali, en una ceremonia realizada en la sede de la C\u00e1mara de Comercio de Cali. <a href=\"https:\/\/t.co\/kaTz29nyj3\" rel=\"nofollow\">pic.twitter.com\/kaTz29nyj3<\/a><\/p>\n<p>\u2014 Oficina del Presidente (@OPRArgentina) <a href=\"https:\/\/x.com\/OPRArgentina\/status\/2085808872342557059?ref_src=twsrc%5Etfw\" rel=\"nofollow\">August 7, 2026<\/a><\/p><\/blockquote>\n<p><script async src=\"https:\/\/platform.twitter.com\/widgets.js\" charset=\"utf-8\"><\/script><\/p>\n","protected":false},"excerpt":{"rendered":"La entrega del doctorado honoris causa al presidente de Argentina, Javier Milei, por parte de la Universidad Santiago&hellip;\n","protected":false},"author":2,"featured_media":700536,"comment_status":"","ping_status":"","sticky":false,"template":"","format":"standard","meta":{"footnotes":""},"categories":[5],"tags":[17,18,636,28727,25,24,13,14,11,408,32894,19,20,9,10,15,16,23,12,21,22],"class_list":["post-700535","post","type-post","status-publish","format-standard","has-post-thumbnail","category-titulares","tag-breaking-news","tag-breakingnews","tag-conflict","tag-court","tag-es","tag-espana","tag-featured-news","tag-featurednews","tag-headlines","tag-horizontal","tag-justice","tag-latest-news","tag-latestnews","tag-news","tag-noticias","tag-noticias-destacadas","tag-noticiasdestacadas","tag-spain","tag-titulares","tag-ultimas-noticias","tag-ultimasnoticias"],"share_on_mastodon":{"url":"https:\/\/pubeurope.com\/@es\/117058528838267637","error":""},"_links":{"self":[{"href":"https:\/\/www.europesays.com\/es\/wp-json\/wp\/v2\/posts\/700535","targetHints":{"allow":["GET"]}}],"collection":[{"href":"https:\/\/www.europesays.com\/es\/wp-json\/wp\/v2\/posts"}],"about":[{"href":"https:\/\/www.europesays.com\/es\/wp-json\/wp\/v2\/types\/post"}],"author":[{"embeddable":true,"href":"https:\/\/www.europesays.com\/es\/wp-json\/wp\/v2\/users\/2"}],"replies":[{"embeddable":true,"href":"https:\/\/www.europesays.com\/es\/wp-json\/wp\/v2\/comments?post=700535"}],"version-history":[{"count":0,"href":"https:\/\/www.europesays.com\/es\/wp-json\/wp\/v2\/posts\/700535\/revisions"}],"wp:featuredmedia":[{"embeddable":true,"href":"https:\/\/www.europesays.com\/es\/wp-json\/wp\/v2\/media\/700536"}],"wp:attachment":[{"href":"https:\/\/www.europesays.com\/es\/wp-json\/wp\/v2\/media?parent=700535"}],"wp:term":[{"taxonomy":"category","embeddable":true,"href":"https:\/\/www.europesays.com\/es\/wp-json\/wp\/v2\/categories?post=700535"},{"taxonomy":"post_tag","embeddable":true,"href":"https:\/\/www.europesays.com\/es\/wp-json\/wp\/v2\/tags?post=700535"}],"curies":[{"name":"wp","href":"https:\/\/api.w.org\/{rel}","templated":true}]}}