{"id":700599,"date":"2026-08-08T07:43:17","date_gmt":"2026-08-08T07:43:17","guid":{"rendered":"https:\/\/www.europesays.com\/es\/700599\/"},"modified":"2026-08-08T07:43:17","modified_gmt":"2026-08-08T07:43:17","slug":"x-men-toma-forma-en-marvel-studios-samara-weaving-y-kit-connor-lideraran-la-patrulla-x","status":"publish","type":"post","link":"https:\/\/www.europesays.com\/es\/700599\/","title":{"rendered":"&#8216;X-Men&#8217; toma forma en Marvel Studios: Samara Weaving y Kit Connor liderar\u00e1n la Patrulla X"},"content":{"rendered":"<p>El futuro de Marvel Studios parece estar claro en cuanto a proyectos se refiere. Con el fin de la saga del multiverso tras &#8216;<a href=\"https:\/\/www.ecartelera.com\/peliculas\/avengers-secret-wars\/\" data-mention-type=\"pelicula\" data-mention-id=\"17361\" data-space-before=\"\" data-space-after=\"\" rel=\"nofollow noopener\" target=\"_blank\">Avengers: Secret Wars<\/a>&#8216; en 2027, la productora se prepar\u00e1 para centrar su foco en un campo nuevo para Feige y compa\u00f1\u00eda. Lo que quede del universo va a tener que hacer frente a la amenaza mutante y <strong>los X-Men van a ser una parte fundamental de lo que viene<\/strong>.<\/p>\n<p>Algunas de las pel\u00edculas y series ya han apuntado en esa direcci\u00f3n, y tenemos entre nosotros <strong>algunos personajes clave con el gen mutante<\/strong> en lucha con fuerzas del gobierno. La reciente &#8216;<a href=\"https:\/\/www.ecartelera.com\/series\/wonder-man\/\" data-mention-type=\"serie\" data-mention-id=\"2099\" data-space-before=\"\" data-space-after=\"\" rel=\"nofollow noopener\" target=\"_blank\">Wonder Man<\/a>&#8216; y la serie de &#8216;<a href=\"https:\/\/www.ecartelera.com\/series\/ms-marvel\/\" data-mention-type=\"serie\" data-mention-id=\"1493\" data-space-before=\"\" data-space-after=\"\" rel=\"nofollow noopener\" target=\"_blank\">Ms. Marvel<\/a>&#8216; son algunos ejemplos. El objetivo de reunir a los X-Men est\u00e1 en el aire, y Marvel lo ha confirmado con el anuncio de uno de los fichajes m\u00e1s importantes para su Fase 7: <a href=\"https:\/\/www.ecartelera.com\/personas\/samara-weaving\/\" data-mention-type=\"persona\" data-mention-id=\"22388\" data-space-before=\"\" data-space-after=\"\" rel=\"nofollow noopener\" target=\"_blank\">Samara Weaving<\/a> da el salto al Universo Cinematogr\u00e1fico de Marvel y ser\u00e1 la <strong>popular hero\u00edna Emma Frost<\/strong>.<\/p>\n<p>\t\t\t\t\t\t\t<img decoding=\"async\" loading=\"lazy\" src=\"https:\/\/www.europesays.com\/es\/wp-content\/uploads\/2026\/08\/250619_cclope-arrasa-con-su-rayo-y-los-x-men-vuelven-en-el-teaser-de-vengadores-doomsda.jpg\" alt=\"C\u00edclope arrasa con su rayo y los X-Men vuelven en el teaser de 'Vengadores: Doomsday'\" width=\"1200\" height=\"556\"\/><\/p>\n<p>\t\t\t\t\t\tC\u00edclope podr\u00eda haber encontrado a su actor para reemplazar la versi\u00f3n de James Marsden en &#8216;Vengadores: Doomsday&#8217; (Marvel Studios)<br \/>\n\t\t\t\t\t\tA m\u00ed, mis X-Men<\/p>\n<p>Una patrulla se tiene que componer de varios miembros, y por mucho que el talento de Weaving sea admirado no podr\u00e1 ser la \u00fanica al cago. Por eso otro nombre est\u00e1 sonando con fuerza para dar vida a uno de sus personajes m\u00e1s importantes: el <strong>l\u00edder del escuadr\u00f3n C\u00edclope<\/strong>, que podr\u00eda cobrar vida con <a href=\"https:\/\/www.ecartelera.com\/personas\/kit-connor\/\" data-mention-type=\"persona\" data-mention-id=\"25513\" data-space-before=\"\" rel=\"nofollow noopener\" target=\"_blank\">Kit Connor<\/a>. Las <a href=\"https:\/\/www.hollywoodreporter.com\/movies\/movie-news\/kit-connor-cyclops-marvel-x-men-1236666003\/\" target=\"_blank\" rel=\"nofollow noopener\">fuentes<\/a> dicen que el actor ya negocia con Marvel para verlo hecho una realidad y que ser\u00eda cuesti\u00f3n de tiempo confirmarlo de forma oficial.<\/p>\n<p>C\u00edclope es uno de los miembros m\u00e1s queridos del grupo. En las pel\u00edculas de Fox fue interpretado por <a href=\"https:\/\/www.ecartelera.com\/personas\/james-marsden\/\" data-mention-type=\"persona\" data-mention-id=\"77\" data-space-before=\"\" rel=\"nofollow noopener\" target=\"_blank\">James Marsden<\/a>, que volver\u00e1 a darle vida en la anticipada &#8216;<a href=\"https:\/\/www.ecartelera.com\/peliculas\/vengadores-doomsday\/\" data-mention-type=\"pelicula\" data-mention-id=\"17360\" data-space-before=\"\" rel=\"nofollow noopener\" target=\"_blank\">Vengadores: Doomsday<\/a>&#8216;. <strong>En los comics, en cambio, su papel ha sido mucho mayor<\/strong>, especialmente en los \u00faltimos a\u00f1os, donde ha llegado a convertirse en un villano en toda regla. \u00bfPodr\u00edamos ver adaptada esa interpretaci\u00f3n moderna por parte de Marvel Studios para distinguirse con los anteriores X-Men?<\/p>\n<p>Tr\u00e1iler espa\u00f1ol &#8216;X-Men &#8217;97&#8217;<\/p>\n<p><video id=\"vid-33504\" class=\"video-js vjs-default-skin\" data-title=\"Tr\u00e1iler espa\u00f1ol 'X-Men '97'\" poster=\"https:\/\/www.ecartelera.com\/images\/videos\/33500\/f33504.jpg\" controls=\"\" preload=\"auto\" width=\"640\" height=\"360\" playsinline=\"\" data-vtt=\"\/\/v1.ecartelera.com\/video\/33500\/33504_sprite.vtt\" data-stream=\"1\">El navegador no soporta el tag de v\u00eddeo.<\/video><\/p>\n<p>X<\/p>\n<p>La Fase 7 se complica<\/p>\n<p>El anuncio de la llegada de estos actores se junta con los proyectos que <a href=\"https:\/\/www.ecartelera.com\/noticias\/marvel-studios-comic-con-ghost-rider-black-panther-3-83937\/\" rel=\"nofollow noopener\" target=\"_blank\">ya sabemos a ciencia cierta de &#8216;Ghost Rider&#8217; y &#8216;Black Panther 3&#8217;<\/a>. Quiz\u00e1s en uno de ellos veamos por primera vez a Weaving o Connor, o tal vez tengamos una sorpresa may\u00fascula durante &#8216;<a href=\"https:\/\/www.ecartelera.com\/peliculas\/avengers-secret-wars\/\" data-mention-type=\"pelicula\" data-mention-id=\"17361\" data-space-before=\"\" rel=\"nofollow noopener\" target=\"_blank\">Avengers: Secret Wars<\/a>&#8216;. \u00bfQui\u00e9n sabe? Ahora mismo <strong>Marvel Studios parece que quiere jugar con la intriga<\/strong>, y est\u00e1 funcionando.<\/p>\n","protected":false},"excerpt":{"rendered":"El futuro de Marvel Studios parece estar claro en cuanto a proyectos se refiere. Con el fin de&hellip;\n","protected":false},"author":2,"featured_media":700600,"comment_status":"","ping_status":"","sticky":false,"template":"","format":"standard","meta":{"footnotes":""},"categories":[169],"tags":[1014,1015,1013,177,1011,146,147,25,24,782,176,1019,1016,175,753,1012,23,1017,1018],"class_list":["post-700599","post","type-post","status-publish","format-standard","has-post-thumbnail","category-cine","tag-actores","tag-actrices","tag-cartelera","tag-cine","tag-ecartelera","tag-entertainment","tag-entretenimiento","tag-es","tag-espana","tag-estrellas","tag-film","tag-fotogramas","tag-fotos","tag-movies","tag-peliculas","tag-pelis","tag-spain","tag-trailers","tag-videos"],"share_on_mastodon":{"url":"https:\/\/pubeurope.com\/@es\/117058772723191060","error":""},"_links":{"self":[{"href":"https:\/\/www.europesays.com\/es\/wp-json\/wp\/v2\/posts\/700599","targetHints":{"allow":["GET"]}}],"collection":[{"href":"https:\/\/www.europesays.com\/es\/wp-json\/wp\/v2\/posts"}],"about":[{"href":"https:\/\/www.europesays.com\/es\/wp-json\/wp\/v2\/types\/post"}],"author":[{"embeddable":true,"href":"https:\/\/www.europesays.com\/es\/wp-json\/wp\/v2\/users\/2"}],"replies":[{"embeddable":true,"href":"https:\/\/www.europesays.com\/es\/wp-json\/wp\/v2\/comments?post=700599"}],"version-history":[{"count":0,"href":"https:\/\/www.europesays.com\/es\/wp-json\/wp\/v2\/posts\/700599\/revisions"}],"wp:featuredmedia":[{"embeddable":true,"href":"https:\/\/www.europesays.com\/es\/wp-json\/wp\/v2\/media\/700600"}],"wp:attachment":[{"href":"https:\/\/www.europesays.com\/es\/wp-json\/wp\/v2\/media?parent=700599"}],"wp:term":[{"taxonomy":"category","embeddable":true,"href":"https:\/\/www.europesays.com\/es\/wp-json\/wp\/v2\/categories?post=700599"},{"taxonomy":"post_tag","embeddable":true,"href":"https:\/\/www.europesays.com\/es\/wp-json\/wp\/v2\/tags?post=700599"}],"curies":[{"name":"wp","href":"https:\/\/api.w.org\/{rel}","templated":true}]}}