{"id":700741,"date":"2026-08-08T09:32:24","date_gmt":"2026-08-08T09:32:24","guid":{"rendered":"https:\/\/www.europesays.com\/es\/700741\/"},"modified":"2026-08-08T09:32:24","modified_gmt":"2026-08-08T09:32:24","slug":"hay-que-admitir-que-isaac-del-toro-hace-tiempo-que-dejo-atras-a-juan-ayuso","status":"publish","type":"post","link":"https:\/\/www.europesays.com\/es\/700741\/","title":{"rendered":"Hay que admitir que Isaac del Toro hace tiempo que dej\u00f3 atr\u00e1s a Juan Ayuso\u00a0"},"content":{"rendered":"<p>\t\t\t\t\t\t\t\t\t\t\t\t\t\t<a href=\"https:\/\/www.grancanaria.com\/turismo\/es\/naturaleza\/deportes-de-montana\/ciclismo\/\" rel=\"nofollow noopener\" target=\"_blank\"><img fetchpriority=\"high\" decoding=\"async\" class=\"aligncenter size-full wp-image-68752\" src=\"data:image\/svg+xml,%3Csvg%20xmlns=\" http:=\"\" alt=\"\" width=\"800\" height=\"100\" data-lazy- data-lazy- data-lazy-src=\"https:\/\/www.europesays.com\/es\/wp-content\/uploads\/2026\/08\/1786181538_512_tgc-banner-joan-1600x200-1.jpg\"\/><\/a><br \/>\nHay que admitir que Isaac del Toro hace tiempo que dej\u00f3 atr\u00e1s a Juan Ayuso<\/p>\n<p>Visto ahora, pero pensando en muchos de los momentos en los que le vimos delante en el Tour de Francia, <strong>cabe preguntarse qu\u00e9 habr\u00eda sido de Juan Ayuso de haber seguido en UAE<\/strong>, sobre todo viendo c\u00f3mo le ha ido a Isaac del Toro.<\/p>\n<p><strong>Desde el primer minuto con la irrupci\u00f3n del mexicano pensamos en el espa\u00f1ol<\/strong>.<\/p>\n<p>Compa\u00f1eros ambos en la estructura emirat\u00ed, este ciclismo a mil por hora tiene estas cosas: <strong>eres joven, exploras r\u00e1pido, logras un podio en la Vuelta con apenas diecinueve a\u00f1os y de repente llega un compa\u00f1ero<\/strong> un poco m\u00e1s joven y te deja fuera de juego.<\/p>\n<p><a class=\"wppaslink\" href=\"https:\/\/joanseguidor.com\/pas\/ccmm-valenciana\/44016\/0\" target=\"_blank\" rel=\"nofollow noopener\"><img decoding=\"async\" src=\"data:image\/svg+xml,%3Csvg%20xmlns=\" http:=\"\" alt=\"CCMM Valenciana\" border=\"0\" data-lazy-src=\"https:\/\/www.europesays.com\/es\/wp-content\/uploads\/2026\/08\/1786181539_529_anunci-generic-bla-1-1024x120-px-v3-02.jpg\"\/><\/a><\/p>\n<p>No sabemos c\u00f3mo fue exactamente la relaci\u00f3n entre ambos en su etapa compartida, aunque se puede intuir por lo visto en el Giro, especialmente en aquella etapa de Siena.<\/p>\n<p>Lo cierto es que desde el primer segundo Del Toro tom\u00f3 el mando en esa carrera particular.<\/p>\n<p><strong>El mexicano supo jugar sus bazas mejor que el espa\u00f1ol<\/strong>, quiz\u00e1 sabedor de que las opciones de triunfar a corto plazo pasaban por acoplarse y no por buscar diferencias.<\/p>\n<p>Mientras Ayuso chocaba contra el equipo en la Vuelta,<\/p>\n<p data-path-to-node=\"1\"><a href=\" https:\/\/aralleida.cat\/es\/\" target=\"_blank\" rel=\"noopener\"><img loading=\"lazy\" decoding=\"async\" class=\"aligncenter wp-image-70055 size-full\" src=\"data:image\/svg+xml,%3Csvg%20xmlns=\" http:=\"\" alt=\"\" width=\"1600\" height=\"200\" data-lazy- data-lazy- data-lazy-src=\"https:\/\/www.europesays.com\/es\/wp-content\/uploads\/2026\/08\/1786181540_181_aralleida-baner-1600x200-llavorsi-es.jpg\"\/><\/a><\/p>\n<p><a href=\"https:\/\/tiendafinisher.com\/\" rel=\"nofollow noopener\" target=\"_blank\"><img loading=\"lazy\" decoding=\"async\" class=\"aligncenter wp-image-69986 size-full\" src=\"data:image\/svg+xml,%3Csvg%20xmlns=\" http:=\"\" alt=\"\" width=\"1024\" height=\"300\" data-lazy- data-lazy- data-lazy-src=\"https:\/\/www.europesays.com\/es\/wp-content\/uploads\/2026\/08\/1786181542_16_finisher-ekp-1024x300jpg-1.jpeg\"\/><\/a><\/p>\n<p>Del Toro aceptaba una realidad compleja: asumir que en esa plantilla hay alguien superior a todos y que el l\u00edder indiscutible es Pogacar.<\/p>\n<p>As\u00ed le ha llegado un podio en la gran ronda francesa, el maillot blanco y una etapa nada m\u00e1s empezar en Barcelona.<\/p>\n<p>\u00bfLe habr\u00eda ido mejor a Ayuso de haberse quedado?<\/p>\n<p>Sinceramente no lo creo. <strong>Ayuso tiene m\u00e1s que ofrecer que lo mostrado en las carreteras francesas<\/strong>, pero el nivel de Del Toro se sit\u00faa un escal\u00f3n por encima.<\/p>\n<p>Los resultados y el paso del tiempo lo corroboran.<\/p>\n<p>El mexicano no alcanza la solidezde su jefe de filas, pero se mete entre los tres mejores cuando la carrera se pone al l\u00edmite, un terreno reservado para muy pocos.<\/p>\n<p>Con Ayuso cuesta saber si explot\u00f3 demasiado pronto o si las expectativas pecaron de exageradas, pero su progresi\u00f3n no ha llevado el ritmo de su excompa\u00f1ero.<\/p>\n<p><strong><a href=\"https:\/\/www.grancanaria.com\/turismo\/es\/naturaleza\/deportes-de-montana\/ciclismo\/\" rel=\"nofollow noopener\" target=\"_blank\"><img loading=\"lazy\" decoding=\"async\" class=\"aligncenter size-full wp-image-68757\" src=\"data:image\/svg+xml,%3Csvg%20xmlns=\" http:=\"\" alt=\"\" width=\"300\" height=\"300\" data-lazy- data-lazy- data-lazy-src=\"https:\/\/www.europesays.com\/es\/wp-content\/uploads\/2026\/08\/1786181543_272_tgc-banner-joan-400x400-2.jpg\"\/><\/a><\/strong><\/p>\n<p><strong>Ahora en Lidl-Trek deben decidir qu\u00e9 rumbo tomar con su gran apuesta<\/strong>.<\/p>\n<p>Existen otras alternativas antes que empe\u00f1arse en tropezar con la misma piedra julio tras julio, aunque al menos en su caso todav\u00eda le queda margen tras su debut.<\/p>\n<p>El tiempo dir\u00e1 si acert\u00f3 con el cambio, pero resulta imposible no pensar qu\u00e9 suerte habr\u00eda corrido de haber aceptado el papel que termin\u00f3 asumiendo Del Toro.<\/p>\n<p>Imagen: ASO-Thomas Maheux<\/p>\n<p><strong><a href=\"https:\/\/www.dtswiss.com\/es\/ruedas\/ruedas-carretera\/aero\/arc-1100-dicut-db\" rel=\"nofollow noopener\" target=\"_blank\"><img loading=\"lazy\" decoding=\"async\" class=\"aligncenter wp-image-69569 size-full\" src=\"data:image\/svg+xml,%3Csvg%20xmlns=\" http:=\"\" alt=\"\" width=\"1024\" height=\"140\" data-lazy- data-lazy- data-lazy-src=\"https:\/\/www.europesays.com\/es\/wp-content\/uploads\/2026\/08\/1786181544_226_joanseguidor-1024x140px-es-erc1100-1.png\"\/><\/a><\/strong><\/p>\n","protected":false},"excerpt":{"rendered":"Hay que admitir que Isaac del Toro hace tiempo que dej\u00f3 atr\u00e1s a Juan Ayuso Visto ahora, pero&hellip;\n","protected":false},"author":2,"featured_media":700742,"comment_status":"","ping_status":"","sticky":false,"template":"","format":"standard","meta":{"footnotes":""},"categories":[273],"tags":[313,312,168,25,24,2548,11730,4657,23,167],"class_list":["post-700741","post","type-post","status-publish","format-standard","has-post-thumbnail","category-ciclismo","tag-ciclismo","tag-cycling","tag-deportes","tag-es","tag-espana","tag-featured","tag-isaac-del-toro","tag-juan-ayuso","tag-spain","tag-sports"],"share_on_mastodon":{"url":"https:\/\/pubeurope.com\/@es\/117059200420397714","error":""},"_links":{"self":[{"href":"https:\/\/www.europesays.com\/es\/wp-json\/wp\/v2\/posts\/700741","targetHints":{"allow":["GET"]}}],"collection":[{"href":"https:\/\/www.europesays.com\/es\/wp-json\/wp\/v2\/posts"}],"about":[{"href":"https:\/\/www.europesays.com\/es\/wp-json\/wp\/v2\/types\/post"}],"author":[{"embeddable":true,"href":"https:\/\/www.europesays.com\/es\/wp-json\/wp\/v2\/users\/2"}],"replies":[{"embeddable":true,"href":"https:\/\/www.europesays.com\/es\/wp-json\/wp\/v2\/comments?post=700741"}],"version-history":[{"count":0,"href":"https:\/\/www.europesays.com\/es\/wp-json\/wp\/v2\/posts\/700741\/revisions"}],"wp:featuredmedia":[{"embeddable":true,"href":"https:\/\/www.europesays.com\/es\/wp-json\/wp\/v2\/media\/700742"}],"wp:attachment":[{"href":"https:\/\/www.europesays.com\/es\/wp-json\/wp\/v2\/media?parent=700741"}],"wp:term":[{"taxonomy":"category","embeddable":true,"href":"https:\/\/www.europesays.com\/es\/wp-json\/wp\/v2\/categories?post=700741"},{"taxonomy":"post_tag","embeddable":true,"href":"https:\/\/www.europesays.com\/es\/wp-json\/wp\/v2\/tags?post=700741"}],"curies":[{"name":"wp","href":"https:\/\/api.w.org\/{rel}","templated":true}]}}