{"id":700901,"date":"2026-08-08T11:44:12","date_gmt":"2026-08-08T11:44:12","guid":{"rendered":"https:\/\/www.europesays.com\/es\/700901\/"},"modified":"2026-08-08T11:44:12","modified_gmt":"2026-08-08T11:44:12","slug":"el-euromillones-deja-un-premio-de-segunda-categoria-en-malaga","status":"publish","type":"post","link":"https:\/\/www.europesays.com\/es\/700901\/","title":{"rendered":"El Euromillones deja un premio de segunda categor\u00eda en M\u00e1laga"},"content":{"rendered":"<p style=\"\">El Euromillones vuelve a dejarse sentir en la provincia de M\u00e1laga. En esta ocasi\u00f3n, el sorteo de este viernes 7 de agosto dej\u00f3 un premio  &#8230; de segunda categor\u00eda (cinco aciertos m\u00e1s una estrella) dotado con 112.479,15 euros.<\/p>\n<p class=\"v-d-p\" style=\"\">Concretamente, el boleto se sell\u00f3 en la administraci\u00f3n n\u00famero 3 de V\u00e9lez-M\u00e1laga situada en la calle Cristo, 11. Adem\u00e1s, ha habido otro acertante de segunda categor\u00eda en Espa\u00f1a, concretamente en Oropesa del Mar (Castell\u00f3n). El bote del sorteo fue a parar a un boleto sellado en B\u00e9lgica, que se lleva m\u00e1s de 111 millones de premio. <\/p>\n<p class=\"v-d-p\" style=\"\">La combinaci\u00f3n ganadora ha correspondido a los n\u00fameros 35, 26, 29, 47 y 38 m\u00e1s las estrellas 1 y 2. <\/p>\n","protected":false},"excerpt":{"rendered":"El Euromillones vuelve a dejarse sentir en la provincia de M\u00e1laga. En esta ocasi\u00f3n, el sorteo de este&hellip;\n","protected":false},"author":2,"featured_media":700902,"comment_status":"","ping_status":"","sticky":false,"template":"","format":"standard","meta":{"footnotes":""},"categories":[80],"tags":[82,51,95,94,25,24,3037,3855,843,1566,23],"class_list":["post-700901","post","type-post","status-publish","format-standard","has-post-thumbnail","category-economia","tag-business","tag-deja","tag-economia","tag-economy","tag-es","tag-espana","tag-euromillones","tag-malaga","tag-premio","tag-segundo","tag-spain"],"share_on_mastodon":{"url":"","error":""},"_links":{"self":[{"href":"https:\/\/www.europesays.com\/es\/wp-json\/wp\/v2\/posts\/700901","targetHints":{"allow":["GET"]}}],"collection":[{"href":"https:\/\/www.europesays.com\/es\/wp-json\/wp\/v2\/posts"}],"about":[{"href":"https:\/\/www.europesays.com\/es\/wp-json\/wp\/v2\/types\/post"}],"author":[{"embeddable":true,"href":"https:\/\/www.europesays.com\/es\/wp-json\/wp\/v2\/users\/2"}],"replies":[{"embeddable":true,"href":"https:\/\/www.europesays.com\/es\/wp-json\/wp\/v2\/comments?post=700901"}],"version-history":[{"count":0,"href":"https:\/\/www.europesays.com\/es\/wp-json\/wp\/v2\/posts\/700901\/revisions"}],"wp:featuredmedia":[{"embeddable":true,"href":"https:\/\/www.europesays.com\/es\/wp-json\/wp\/v2\/media\/700902"}],"wp:attachment":[{"href":"https:\/\/www.europesays.com\/es\/wp-json\/wp\/v2\/media?parent=700901"}],"wp:term":[{"taxonomy":"category","embeddable":true,"href":"https:\/\/www.europesays.com\/es\/wp-json\/wp\/v2\/categories?post=700901"},{"taxonomy":"post_tag","embeddable":true,"href":"https:\/\/www.europesays.com\/es\/wp-json\/wp\/v2\/tags?post=700901"}],"curies":[{"name":"wp","href":"https:\/\/api.w.org\/{rel}","templated":true}]}}