{"id":701033,"date":"2026-08-08T13:33:29","date_gmt":"2026-08-08T13:33:29","guid":{"rendered":"https:\/\/www.europesays.com\/es\/701033\/"},"modified":"2026-08-08T13:33:29","modified_gmt":"2026-08-08T13:33:29","slug":"la-ud-logrones-golea-al-eibar-b-y-sigue-creciendo","status":"publish","type":"post","link":"https:\/\/www.europesays.com\/es\/701033\/","title":{"rendered":"La UD Logro\u00f1\u00e9s golea al Eibar B y sigue creciendo"},"content":{"rendered":"<p><a href=\"#\" onclick=\"window.open('https:\/\/www.facebook.com\/sharer.php?u=https:\/\/nuevecuatrouno.com\/2026\/08\/08\/la-ud-logrones-golea-al-eibar-b-y-sigue-creciendo-en-pretemporada\/&amp;t=La UD Logro\u00f1\u00e9s golea al Eibar B y sigue creciendo en pretemporada', 'facebookShare', 'width=626,height=436'); return false;\" title=\"Facebook\"><\/p>\n<p>COMPARTE<\/p>\n<p><\/a><br \/>\n<a href=\"#\" onclick=\"window.open('https:\/\/x.com\/share?text=La UD Logro\u00f1\u00e9s golea al Eibar B y sigue creciendo en pretemporada -&amp;url=https:\/\/nuevecuatrouno.com\/2026\/08\/08\/la-ud-logrones-golea-al-eibar-b-y-sigue-creciendo-en-pretemporada\/', 'twitterShare', 'width=626,height=436'); return false;\" title=\"X\"><img decoding=\"async\" src=\"https:\/\/www.europesays.com\/es\/wp-content\/uploads\/2026\/08\/1786196007_324_x-twitter-art.png\" style=\"padding-top: 6px;\"\/>POSTEA<\/a><br \/>\n<a href=\"whatsapp:\/\/send?text=La UD Logro\u00f1\u00e9s golea al Eibar B y sigue creciendo en pretemporada https:\/\/nuevecuatrouno.com\/2026\/08\/08\/la-ud-logrones-golea-al-eibar-b-y-sigue-creciendo-en-pretemporada\/\" rel=\"nofollow\"><\/p>\n<p>WHATSAPP<\/p>\n<p><\/a><br \/>\n<a href=\"http:\/\/nuevecuatrouno.com\/cdn-cgi\/l\/email-protection#c1feb2b4a3aba4a2b5fc8da0e19485e18daea6b3ae02700268b2e1a6aeada4a0e1a0ade184a8a3a0b3e183e1b8e1b2a8a6b4a4e1a2b3a4a2a8a4afa5aee1a4afe1b1b3a4b5a4acb1aeb3a0a5a0e7a0acb1fa838e8598fc037e90b40268e1b7a8a5a0fee189a4e1b7a8b2b5aee1a4b2b5a4e1a0b3b5026ca2b4adaee1a4afe1afb4a4b7a4a2b4a0b5b3aeb4afaeefa2aeace1b8e1a2b3a4aee1b0b4a4e1b5a4e1b1b4a4a5a4e1a8afb5a4b3a4b2a0b3fbe1a9b5b5b1b2fbeeeeafb4a4b7a4a2b4a0b5b3aeb4afaeefa2aeaceef3f1f3f7eef1f9eef1f9eeada0ecb4a5ecadaea6b3aeafa4b2eca6aeada4a0eca0adeca4a8a3a0b3eca3ecb8ecb2a8a6b4a4eca2b3a4a2a8a4afa5aeeca4afecb1b3a4b5a4acb1aeb3a0a5a0ee\" rel=\"nofollow noopener\" target=\"_blank\"><\/p>\n<p>Email<\/p>\n<p><\/a><\/p>\n<p>La UD Logro\u00f1\u00e9s sigue dejando buenas sensaciones en su preparaci\u00f3n para el regreso a Primera Federaci\u00f3n. El conjunto blanquirrojo ha goleado este s\u00e1bado al Eibar B por 4-0 en la Ciudad Deportiva, en el que ha sido su primer amistoso de la pretemporada ante su afici\u00f3n. Un partido que comenz\u00f3 equilibrado, pero que los de Unai Mendia fueron haciendo suyo con el paso de los minutos.<\/p>\n<p>Los riojanos avisaron pronto. Apenas hab\u00edan transcurrido tres minutos cuando David Amigo busc\u00f3 porter\u00eda con un disparo que se march\u00f3 por poco. Vallejo tambi\u00e9n lo intent\u00f3 nada m\u00e1s arrancar, aunque el Eibar B consigui\u00f3 contener durante buena parte de la primera media hora el empuje local. Hubo posesiones repartidas, pocas ocasiones claras y una pausa de hidrataci\u00f3n que Mendia aprovech\u00f3 para sustituir a Eder en el minuto 28.<\/p>\n<p>A partir de ah\u00ed, el partido cambi\u00f3. La UD Logro\u00f1\u00e9s aument\u00f3 la intensidad, comenz\u00f3 a combinar con mayor facilidad cerca del \u00e1rea rival y encontr\u00f3 el premio en el minuto 33. Vallejo puso el bal\u00f3n desde la esquina y Mar\u00ed aprovech\u00f3 el saque de c\u00f3rner para colocar el 1-0.<\/p>\n<p>El gol desat\u00f3 los mejores minutos blanquirrojos. En el 37, Rivero encontr\u00f3 a David Amigo con un gran pase y el atacante fabric\u00f3 una excelente acci\u00f3n individual que oblig\u00f3 al guardameta armero a salvar el mano a mano. No pudo hacerlo cuatro minutos despu\u00e9s. Una bonita jugada de Santana termin\u00f3 con Amigo marcando el 2-0 en el minuto 41, resultado con el que se alcanz\u00f3 el descanso.<\/p>\n<p>La segunda mitad confirm\u00f3 el dominio de una UDL que no levant\u00f3 el pie. Los de Mendia ampliaron su ventaja hasta colocar el 3-0 y siguieron buscando la porter\u00eda rival pese a los numerosos cambios propios de estas fechas, cuando el objetivo est\u00e1 tanto en ganar como en repartir esfuerzos y acumular minutos.<\/p>\n<p>Todav\u00eda quedaba tiempo para poner la guinda. En el minuto 85, la presi\u00f3n volvi\u00f3 a dar resultado: Eder recuper\u00f3 el bal\u00f3n y asisti\u00f3 a Baselga, que firm\u00f3 el 4-0. Una acci\u00f3n que resumi\u00f3 bien buena parte de la ma\u00f1ana blanquirroja, con intensidad para robar y rapidez para castigar al rival.<\/p>\n<p>El resultado prolonga adem\u00e1s el pleno de victorias de la UD Logro\u00f1\u00e9s en este verano. Primero lleg\u00f3 el 0-5 ante el N\u00e1xara, despu\u00e9s el meritorio 0-1 frente al Huesca, reci\u00e9n descendido de Segunda Divisi\u00f3n, y ahora una goleada ante el filial armero.<\/p>\n<p>Son resultados de pretemporada y Unai Mendia ya ha insistido en que agosto sirve sobre todo para construir el equipo, pero las se\u00f1ales empiezan a ser alentadoras. La UDL suma minutos, gana confianza y encuentra gol mientras se acerca el verdadero examen: el 31 de agosto ante el Extremadura en Las Gaunas, en el regreso blanquirrojo a Primera Federaci\u00f3n tres temporadas despu\u00e9s.<\/p>\n<p><img decoding=\"async\" src=\"https:\/\/www.europesays.com\/es\/wp-content\/uploads\/2026\/08\/1786196009_308_cabecera-nuevecuatrouno-2026.png\"\/><\/p>\n","protected":false},"excerpt":{"rendered":"COMPARTE POSTEA WHATSAPP Email La UD Logro\u00f1\u00e9s sigue dejando buenas sensaciones en su preparaci\u00f3n para el regreso a&hellip;\n","protected":false},"author":2,"featured_media":701034,"comment_status":"","ping_status":"","sticky":false,"template":"","format":"standard","meta":{"footnotes":""},"categories":[268],"tags":[168,109993,25,24,280,282,16144,281,23,167,104405],"class_list":["post-701033","post","type-post","status-publish","format-standard","has-post-thumbnail","category-futbol","tag-deportes","tag-deportes-1","tag-es","tag-espana","tag-football","tag-futbol","tag-primera-federacion","tag-soccer","tag-spain","tag-sports","tag-ud-logrones"],"share_on_mastodon":{"url":"https:\/\/pubeurope.com\/@es\/117060149129215774","error":""},"_links":{"self":[{"href":"https:\/\/www.europesays.com\/es\/wp-json\/wp\/v2\/posts\/701033","targetHints":{"allow":["GET"]}}],"collection":[{"href":"https:\/\/www.europesays.com\/es\/wp-json\/wp\/v2\/posts"}],"about":[{"href":"https:\/\/www.europesays.com\/es\/wp-json\/wp\/v2\/types\/post"}],"author":[{"embeddable":true,"href":"https:\/\/www.europesays.com\/es\/wp-json\/wp\/v2\/users\/2"}],"replies":[{"embeddable":true,"href":"https:\/\/www.europesays.com\/es\/wp-json\/wp\/v2\/comments?post=701033"}],"version-history":[{"count":0,"href":"https:\/\/www.europesays.com\/es\/wp-json\/wp\/v2\/posts\/701033\/revisions"}],"wp:featuredmedia":[{"embeddable":true,"href":"https:\/\/www.europesays.com\/es\/wp-json\/wp\/v2\/media\/701034"}],"wp:attachment":[{"href":"https:\/\/www.europesays.com\/es\/wp-json\/wp\/v2\/media?parent=701033"}],"wp:term":[{"taxonomy":"category","embeddable":true,"href":"https:\/\/www.europesays.com\/es\/wp-json\/wp\/v2\/categories?post=701033"},{"taxonomy":"post_tag","embeddable":true,"href":"https:\/\/www.europesays.com\/es\/wp-json\/wp\/v2\/tags?post=701033"}],"curies":[{"name":"wp","href":"https:\/\/api.w.org\/{rel}","templated":true}]}}