{"id":701171,"date":"2026-08-08T15:17:15","date_gmt":"2026-08-08T15:17:15","guid":{"rendered":"https:\/\/www.europesays.com\/es\/701171\/"},"modified":"2026-08-08T15:17:15","modified_gmt":"2026-08-08T15:17:15","slug":"ferran-torres-cada-vez-mas-cerca-del-psg-futbol","status":"publish","type":"post","link":"https:\/\/www.europesays.com\/es\/701171\/","title":{"rendered":"Ferran Torres, cada vez m\u00e1s cerca del PSG | F\u00fatbol"},"content":{"rendered":"<p>Ferran Torres prepara un cambio de rumbo. El h\u00e9roe de la selecci\u00f3n espa\u00f1ola en el \u00faltimo Mundial estar\u00eda dispuesto a abandonar el Barcelona para emprender una nueva aventura en Francia. Seg\u00fan apuntan medios de referencia como L\u2019\u00c9quipe y RMC Sport, <a href=\"https:\/\/cadenaser.com\/nacional\/2026\/08\/07\/ferran-torres-se-da-un-bano-de-masas-en-su-tierra-mientras-espera-que-se-resuelva-su-futuro-cadena-ser\/\" target=\"_blank\" rel=\"nofollow noopener\" title=\"https:\/\/cadenaser.com\/nacional\/2026\/08\/07\/ferran-torres-se-da-un-bano-de-masas-en-su-tierra-mientras-espera-que-se-resuelva-su-futuro-cadena-ser\/\">el delantero de Foios<\/a> habr\u00eda alcanzado un principio de acuerdo con el PSG para convertirse en jugador del conjunto parisino la pr\u00f3xima temporada, a falta de que ambos clubes encuentren un punto de encuentro por su traspaso.<\/p>\n<p>El proyecto de Luis Enrique habr\u00eda terminado de convencer al internacional espa\u00f1ol. Un contrato m\u00e1s lucrativo y la promesa de asumir un papel de mayor importancia dentro del equipo aparecen como dos de los principales argumentos que habr\u00edan empujado a Ferran a tomar la decisi\u00f3n. L&#8217;\u00c9quipe asegura incluso que el futbolista habr\u00eda pactado un contrato de cinco temporadas con el campe\u00f3n franc\u00e9s.<\/p>\n<p>M\u00e1s informaci\u00f3n<\/p>\n<p>Ahora comienza la parte m\u00e1s complicada de la operaci\u00f3n: negociar con el Barcelona. Ferran, de 26 a\u00f1os, llega a esta situaci\u00f3n despu\u00e9s de haber vivido uno de los momentos m\u00e1s importantes de su carrera. El atacante fue protagonista con Espa\u00f1a en el Mundial y se convirti\u00f3 en uno de los grandes nombres de la final ante Argentina gracias a su decisivo gol. En el Barcelona ha acumulado 25 tantos en 65 partidos, adem\u00e1s de ofrecer una de sus principales virtudes: la capacidad para desenvolverse tanto en las bandas como en posiciones m\u00e1s centradas.<\/p>\n<p>Barcola sale, entra Ferran Torres<\/p>\n<p>Esa polivalencia es precisamente uno de los aspectos que seducen al PSG. El equipo parisino podr\u00eda afrontar una profunda remodelaci\u00f3n de su ataque, especialmente si finalmente se confirma la salida de Bradley Barcola. El Liverpool estar\u00eda preparando una oferta de 115 millones de euros por el extremo franc\u00e9s, una operaci\u00f3n que abrir\u00eda todav\u00eda m\u00e1s espacio para la llegada de Ferran.<\/p>\n<p>En Barcelona, adem\u00e1s, la sensaci\u00f3n del futbolista habr\u00eda sido determinante. Seg\u00fan ha podido saber la Cadena SER, Ferran no se habr\u00eda sentido suficientemente valorado en el proyecto azulgrana. La ausencia de una mejora salarial considerable y las dudas sobre su protagonismo en el once de Hansi Flick habr\u00edan terminado inclinando la balanza hacia una salida. En Par\u00eds, en cambio, encontrar\u00eda un escenario en el que podr\u00eda tener un rol m\u00e1s relevante bajo las \u00f3rdenes de Luis Enrique.<\/p>\n<p>El PSG espera a Ferran Torres <\/p>\n<p>El problema para el Barcelona es que la marcha de Ferran llegar\u00eda en un momento especialmente delicado para su ataque. La salida de Robert Lewandowski rumbo a la MLS dejar\u00eda todav\u00eda m\u00e1s debilitada la delantera azulgrana y obligar\u00eda al club a buscar alternativas en el mercado.<\/p>\n<p>    <img decoding=\"async\" src=\"https:\/\/www.europesays.com\/es\/wp-content\/uploads\/2026\/08\/1786202235_904_app-ser-4.png\" alt=\"Nueva APP de Cadena SER\" loading=\"lazy\" width=\"109\" height=\"82\"\/><\/p>\n<p>Descubre la nueva app de Cadena\u00a0SER<br \/>\n        Te ofrecemos una mejor experiencia de audio y video\n    <\/p>\n<p>    <a href=\"https:\/\/trackingcodes.prisamedia.com\/ser.html?utm_campaign=app-include-articulo&amp;utm_source=web\" class=\"p-a-fa-b\" rel=\"nofollow noopener\" target=\"_blank\">Descargar<\/a><\/p>\n<p><a href=\"https:\/\/cadenaser.com\/nacional\/2026\/08\/04\/el-barca-da-el-aceleron-final-por-julian-alvarez-deco-en-madrid-para-reunirse-con-su-agente-cadena-ser\/\" target=\"_blank\" rel=\"nofollow noopener\" title=\"https:\/\/cadenaser.com\/nacional\/2026\/08\/04\/el-barca-da-el-aceleron-final-por-julian-alvarez-deco-en-madrid-para-reunirse-con-su-agente-cadena-ser\/\">Una de ellas vuelve a ser Juli\u00e1n Alvarez,<\/a> un nombre que el Bar\u00e7a ha perseguido en diferentes momentos. Sin embargo, el delantero argentino contin\u00faa vinculado al Atl\u00e9tico de Madrid y, por ahora, su salida del Metropolitano parece una operaci\u00f3n complicada.<\/p>\n<p>As\u00ed, <a href=\"https:\/\/cadenaser.com\/nacional\/2026\/08\/07\/ronald-araujo-se-marcha-cedido-al-liverpool-cadena-ser\/\" target=\"_blank\" rel=\"nofollow noopener\" title=\"https:\/\/cadenaser.com\/nacional\/2026\/08\/07\/ronald-araujo-se-marcha-cedido-al-liverpool-cadena-ser\/\">el Bar\u00e7a podr\u00eda encontrarse ante un doble desaf\u00edo:<\/a> encontrar una soluci\u00f3n para la salida de Ferran Torres y, al mismo tiempo, reconstruir su ataque. Mientras tanto, el PSG de Luis Enrique espera acontecimientos y el futbolista de Foios parece haber tomado una decisi\u00f3n sobre su futuro.<\/p>\n","protected":false},"excerpt":{"rendered":"Ferran Torres prepara un cambio de rumbo. El h\u00e9roe de la selecci\u00f3n espa\u00f1ola en el \u00faltimo Mundial estar\u00eda&hellip;\n","protected":false},"author":2,"featured_media":701172,"comment_status":"","ping_status":"","sticky":false,"template":"","format":"standard","meta":{"footnotes":""},"categories":[93],"tags":[126374,28593,168,25,24,28594,23,167],"class_list":["post-701171","post","type-post","status-publish","format-standard","has-post-thumbnail","category-deportes","tag-american-league","tag-baseball","tag-deportes","tag-es","tag-espana","tag-national-league","tag-spain","tag-sports"],"share_on_mastodon":{"url":"https:\/\/pubeurope.com\/@es\/117060557838426791","error":""},"_links":{"self":[{"href":"https:\/\/www.europesays.com\/es\/wp-json\/wp\/v2\/posts\/701171","targetHints":{"allow":["GET"]}}],"collection":[{"href":"https:\/\/www.europesays.com\/es\/wp-json\/wp\/v2\/posts"}],"about":[{"href":"https:\/\/www.europesays.com\/es\/wp-json\/wp\/v2\/types\/post"}],"author":[{"embeddable":true,"href":"https:\/\/www.europesays.com\/es\/wp-json\/wp\/v2\/users\/2"}],"replies":[{"embeddable":true,"href":"https:\/\/www.europesays.com\/es\/wp-json\/wp\/v2\/comments?post=701171"}],"version-history":[{"count":0,"href":"https:\/\/www.europesays.com\/es\/wp-json\/wp\/v2\/posts\/701171\/revisions"}],"wp:featuredmedia":[{"embeddable":true,"href":"https:\/\/www.europesays.com\/es\/wp-json\/wp\/v2\/media\/701172"}],"wp:attachment":[{"href":"https:\/\/www.europesays.com\/es\/wp-json\/wp\/v2\/media?parent=701171"}],"wp:term":[{"taxonomy":"category","embeddable":true,"href":"https:\/\/www.europesays.com\/es\/wp-json\/wp\/v2\/categories?post=701171"},{"taxonomy":"post_tag","embeddable":true,"href":"https:\/\/www.europesays.com\/es\/wp-json\/wp\/v2\/tags?post=701171"}],"curies":[{"name":"wp","href":"https:\/\/api.w.org\/{rel}","templated":true}]}}