{"id":701193,"date":"2026-08-08T15:32:21","date_gmt":"2026-08-08T15:32:21","guid":{"rendered":"https:\/\/www.europesays.com\/es\/701193\/"},"modified":"2026-08-08T15:32:21","modified_gmt":"2026-08-08T15:32:21","slug":"palencia-se-enciende-para-llenar-el-pabellon","status":"publish","type":"post","link":"https:\/\/www.europesays.com\/es\/701193\/","title":{"rendered":"&#8216;Palencia se enciende&#8217; para llenar el Pabell\u00f3n"},"content":{"rendered":"<p style=\"\">El Palencia Baloncesto vuelve a llamar a la puerta de sus aficionados con una idea que pretende trascender al propio Pabell\u00f3n Municipal de Deportes. &#8216;Palencia  &#8230; se enciende&#8217; es el lema elegido por la entidad morada para la campa\u00f1a de abonados de la temporada 2026-27, una invitaci\u00f3n a mantener viva la pasi\u00f3n por el baloncesto, que se ha convertido en uno de los principales rasgos de identidad del club durante los \u00faltimos a\u00f1os. Una campa\u00f1a que llega, adem\u00e1s, apenas unos d\u00edas despu\u00e9s de que S\u00faper Agropal anunciara que <a href=\"https:\/\/www.elnortedecastilla.es\/palencia\/super-agropal-deja-patrocinador-principal-palencia-baloncesto-20260803130040-nt.html\" target=\"_blank\" data-voc-vtm-id=\"in-text-traffic\" data-mrf-link=\"www.elnortedecastilla.es\" rel=\"nofollow noopener\">dejar\u00e1 de ser el patrocinador principal<\/a> del primer equipo, aunque mantendr\u00e1 su vinculaci\u00f3n con la entidad a trav\u00e9s de la cantera.<\/p>\n<p class=\"v-d-p\" style=\"\">El presidente del <a href=\"https:\/\/www.elnortedecastilla.es\/temas\/entidades\/palencia-baloncesto.html\" target=\"_blank\" data-voc-vtm-id=\"in-text-traffic\" data-mrf-link=\"www.elnortedecastilla.es\" rel=\"nofollow noopener\">Palencia Baloncesto<\/a>, Gonzalo Ib\u00e1\u00f1ez, y el gerente y director general, Ra\u00fal Villagr\u00e1, fueron los encargados de presentar este viernes una campa\u00f1a que vuelve a situar a la masa social en el centro del proyecto. Gonzalo Ib\u00e1\u00f1ez quiso echar la vista atr\u00e1s para recordar que los abonados han sido desde los primeros a\u00f1os \u00abel motor\u00bb de una entidad que inici\u00f3 en el a\u00f1o 2000 su andadura en competici\u00f3n nacional. Desde entonces, el crecimiento de la afici\u00f3n ha permitido consolidar un proyecto que ha alcanzado la ACB y que se ha convertido en uno de los referentes de la Primera FEB.<\/p>\n<ul class=\"v-cmp-rld__u\">\n<li class=\"v-cmp-rld__l\">\n<p><a class=\"v-a-lnk\" href=\"http:\/\/www.elnortedecastilla.es\/palencia\/super-agropal-palencia-abrira-primera-feb-albacete-20260729130052-nt.html#vtm_modulosEngag=noticiasrelacionadas-cmp-uno:palencia:noticia:1\" data-voc-vtm-id=\"in-text-traffic\" rel=\"nofollow noopener\" target=\"_blank\"><br \/>\n<img decoding=\"async\" loading=\"lazy\" src=\"https:\/\/www.europesays.com\/es\/wp-content\/uploads\/2026\/08\/1786203141_525_lezkano-U22065508763FFb-366x256@El Norte.jpg\" class=\"v-a-img\" width=\"258\" height=\"180\" alt=\"El S\u00faper Agropal Palencia abrir\u00e1 la Primera FEB en Albacete el 25 de septiembre\"\/><br \/>\n<\/a><\/p>\n<p>Adri\u00e1n Garc\u00eda Gonz\u00e1lez<\/p>\n<\/li>\n<\/ul>\n<p class=\"v-d-p\" style=\"\">El dirigente palentino destac\u00f3 precisamente la capacidad del club para apoyarse en diferentes pilares, desde las empresas y patrocinadores hasta las instituciones y, especialmente, los aficionados. Una estructura que, seg\u00fan explic\u00f3, ha permitido al Palencia Baloncesto mantener estabilidad incluso cuando alguna de esas patas ha fallado. \u00abNos ha permitido estar en los \u00faltimos a\u00f1os, ser un poco referentes en esta liga tan bonita como es la Primera FEB\u00bb, se\u00f1al\u00f3 Ib\u00e1\u00f1ez, que record\u00f3 tambi\u00e9n el ambiente generado durante la temporada en la que el equipo alcanz\u00f3 la Liga Endesa.<\/p>\n<p class=\"v-d-p\" style=\"\">El nuevo lema pretende continuar con esa l\u00ednea de identificaci\u00f3n entre equipo y ciudad. Despu\u00e9s del &#8216;Sentimiento Palentino&#8217; de la campa\u00f1a del ascenso a la ACB, el &#8216;Juega Palencia&#8217; o el &#8216;Hechos de Palencia&#8217;, ahora llega &#8216;Palencia se enciende&#8217;. Ra\u00fal Villagr\u00e1 explic\u00f3 que la elecci\u00f3n nace de una sensaci\u00f3n que se repite cada jornada en la ciudad. \u00abCuando juega el Palencia Baloncesto se respira algo especial, se nota en las calles, en los bares, en las conversaciones y, por supuesto, alcanza su punto m\u00e1ximo cuando llegamos al pabell\u00f3n\u00bb, se\u00f1al\u00f3.<\/p>\n<ul class=\"v-cmp-flg__u\">\n<li class=\"v-cmp-flg__l\">\n<ul class=\"v-u\">\n<li class=\"v-u__l\">\n<p class=\"v-u__p\">\n185<br \/>\nPara los nuevos abonados, la horquilla ser\u00e1 de 185 a 350 euros.\n<\/p>\n<\/li>\n<li class=\"v-u__l\">\n<p class=\"v-u__p\">\n525<br \/>\nEl abono VIP tendr\u00e1 un precio de entre 525 y 600 euros para los nuevos abonados e incluir\u00e1 todos los partidos disputados en casa, adem\u00e1s de los servicios de catering de la zona VIP.\n<\/p>\n<\/li>\n<li class=\"v-u__l\">\n<p class=\"v-u__p\">\n285<br \/>\nlos precios para antiguos abonados oscilar\u00e1n entre los 125 euros del junior de fondo alto y los 285 euros del adulto de baja central.\n<\/p>\n<\/li>\n<\/ul>\n<\/li>\n<\/ul>\n<p class=\"v-d-p\" style=\"\">La campa\u00f1a pretende, por tanto, que el morado vuelva a ganar presencia en las calles y que la ciudad acompa\u00f1e al equipo tanto en casa como lejos de Palencia. \u00abUna ciudad no se enciende sola, se enciende con su gente\u00bb, resumi\u00f3 Villagr\u00e1, que situ\u00f3 a la masa social como \u00abel bien m\u00e1s preciado\u00bb de la entidad y anunci\u00f3 que los aficionados tendr\u00e1n tambi\u00e9n protagonismo en diferentes acciones durante la temporada.<\/p>\n<p class=\"v-d-p\" style=\"\">En el apartado econ\u00f3mico, el club mantiene las categor\u00edas de adulto, junior y baby. El abono baby, destinado a menores de cinco a\u00f1os que no ocupan asiento, tendr\u00e1 un coste de 25 euros. En los carn\u00e9s con derecho a asiento, los precios para antiguos abonados oscilar\u00e1n entre los 125 euros del junior de fondo alto y los 285 euros del adulto de baja central. Para los nuevos abonados, la horquilla ser\u00e1 de 185 a 350 euros. El abono VIP tendr\u00e1 un precio de entre 525 y 600 euros para los nuevos abonados e incluir\u00e1 todos los partidos disputados en casa, adem\u00e1s de los servicios de catering de la zona VIP.<\/p>\n<p class=\"v-a-t\">\nLa campa\u00f1a llega unos d\u00edas despu\u00e9s de que S\u00faper Agropal anunciara que dejar\u00e1 de ser el patrocinador principal del equipo\n<\/p>\n<p class=\"v-d-p\" style=\"\">El carn\u00e9 simpatizante se mantiene a 80 euros y permitir\u00e1 escoger dos partidos de Liga regular, adem\u00e1s de contar con prioridad para entradas para el resto de encuentros. Tambi\u00e9n incluir\u00e1 una camiseta con el lema &#8216;Palencia se enciende&#8217;. El club mantendr\u00e1 el descuento familiar del 10% para unidades familiares de tres o m\u00e1s personas, aunque esta promoci\u00f3n deber\u00e1 tramitarse presencialmente.<\/p>\n<p class=\"v-d-p\" style=\"\">Otra de las posibilidades ser\u00e1 el fraccionamiento del pago en dos plazos. El 50% podr\u00e1 abonarse durante la renovaci\u00f3n y el resto se cargar\u00e1 en noviembre mediante domiciliaci\u00f3n bancaria. Tambi\u00e9n continuar\u00e1 la posibilidad de utilizar el dinero acumulado en el monedero del abonado mediante la cesi\u00f3n de asientos para descontarlo del precio del nuevo carn\u00e9. La renovaci\u00f3n online ya est\u00e1 activa y permanecer\u00e1 abierta hasta el 8 de septiembre, mientras que la renovaci\u00f3n presencial arrancar\u00e1 el 10 de agosto, en horario de 11:00 a 14:00 y de 17:00 a 20:00 horas. <\/p>\n<p class=\"v-d-p\" style=\"\">Los d\u00edas 9 y 10 de septiembre se reservar\u00e1n para que los antiguos abonados puedan mejorar su ubicaci\u00f3n si existen asientos disponibles. Los simpatizantes y quienes adquirieron la pasada temporada el pack de entradas tendr\u00e1n prioridad los d\u00edas 14 y 15 de septiembre. La venta para nuevos abonados comenzar\u00e1 el 17 de septiembre.<\/p>\n<p>\u00abSomos un producto claro y evidente\u00bb, afirma Gonzalo Ib\u00e1\u00f1ez<\/p>\n<p class=\"v-d-p \">\nEl club ha decidido adelantar el inicio de la campa\u00f1a aproximadamente dos semanas respecto a otros a\u00f1os. Ra\u00fal Villagr\u00e1 explic\u00f3 que el objetivo es que el mayor n\u00famero posible de aficionados pueda renovar antes del partido de presentaci\u00f3n ante el Leyma Coru\u00f1a, previsto para el 29 de agosto, y beneficiarse as\u00ed de las condiciones especiales para abonados en los encuentros de preparaci\u00f3n.\n<\/p>\n<p class=\"v-d-p \">\nLa pretemporada incluir\u00e1 adem\u00e1s la Copa Castilla y Le\u00f3n, con partidos ante el Caja Rural CB Zamora el 3 de septiembre y el Grupo Ureta Tizona Burgos el d\u00eda 4, ambos en Zamora. El 11 de septiembre llegar\u00e1 otro encuentro en el Pabell\u00f3n Municipal de Deportes ante el Movistar Estudiantes.\n<\/p>\n<p class=\"v-d-p \">\nSi el equipo conquista el triangular auton\u00f3mico, disputar\u00e1 la final frente al Recoletas San Pablo Burgos el 16 de septiembre en Palencia. La preparaci\u00f3n concluir\u00e1 los d\u00edas 18 y 19 de septiembre con un triangular en Ourense junto al conjunto local, el Oliveirense y el FC Porto.\n<\/p>\n<p class=\"v-d-p \">\nEn paralelo a la campa\u00f1a de abonados, el Palencia Baloncesto contin\u00faa buscando un nuevo patrocinador principal despu\u00e9s de la salida de S\u00faper Agropal de esa posici\u00f3n. Gonzalo Ib\u00e1\u00f1ez asegur\u00f3 que el club est\u00e1 analizando propuestas tanto de empresas palentinas como de fuera de la provincia y se mostr\u00f3 optimista ante la posibilidad de alcanzar un acuerdo. \u00abSomos un producto claro y evidente\u00bb, defendi\u00f3 el presidente, poniendo en valor los cerca de 5.000 aficionados que llenan el Pabell\u00f3n cada viernes.<\/p>\n","protected":false},"excerpt":{"rendered":"El Palencia Baloncesto vuelve a llamar a la puerta de sus aficionados con una idea que pretende trascender&hellip;\n","protected":false},"author":2,"featured_media":701194,"comment_status":"","ping_status":"","sticky":false,"template":"","format":"standard","meta":{"footnotes":""},"categories":[269],"tags":[299,298,168,20791,25,24,17825,15356,6442,23,167],"class_list":["post-701193","post","type-post","status-publish","format-standard","has-post-thumbnail","category-baloncesto","tag-baloncesto","tag-basketball","tag-deportes","tag-enciende","tag-es","tag-espana","tag-llenar","tag-pabellon","tag-palencia","tag-spain","tag-sports"],"share_on_mastodon":{"url":"https:\/\/pubeurope.com\/@es\/117060616898626258","error":""},"_links":{"self":[{"href":"https:\/\/www.europesays.com\/es\/wp-json\/wp\/v2\/posts\/701193","targetHints":{"allow":["GET"]}}],"collection":[{"href":"https:\/\/www.europesays.com\/es\/wp-json\/wp\/v2\/posts"}],"about":[{"href":"https:\/\/www.europesays.com\/es\/wp-json\/wp\/v2\/types\/post"}],"author":[{"embeddable":true,"href":"https:\/\/www.europesays.com\/es\/wp-json\/wp\/v2\/users\/2"}],"replies":[{"embeddable":true,"href":"https:\/\/www.europesays.com\/es\/wp-json\/wp\/v2\/comments?post=701193"}],"version-history":[{"count":0,"href":"https:\/\/www.europesays.com\/es\/wp-json\/wp\/v2\/posts\/701193\/revisions"}],"wp:featuredmedia":[{"embeddable":true,"href":"https:\/\/www.europesays.com\/es\/wp-json\/wp\/v2\/media\/701194"}],"wp:attachment":[{"href":"https:\/\/www.europesays.com\/es\/wp-json\/wp\/v2\/media?parent=701193"}],"wp:term":[{"taxonomy":"category","embeddable":true,"href":"https:\/\/www.europesays.com\/es\/wp-json\/wp\/v2\/categories?post=701193"},{"taxonomy":"post_tag","embeddable":true,"href":"https:\/\/www.europesays.com\/es\/wp-json\/wp\/v2\/tags?post=701193"}],"curies":[{"name":"wp","href":"https:\/\/api.w.org\/{rel}","templated":true}]}}