{"id":701197,"date":"2026-08-08T15:34:36","date_gmt":"2026-08-08T15:34:36","guid":{"rendered":"https:\/\/www.europesays.com\/es\/701197\/"},"modified":"2026-08-08T15:34:36","modified_gmt":"2026-08-08T15:34:36","slug":"cari-lapique-emociona-a-todos-con-una-foto-de-su-marido-y-su-hija-2-anos-despues-de-su-tragica-muerte-fue-un-dia-como-hoy-en-guadalmina","status":"publish","type":"post","link":"https:\/\/www.europesays.com\/es\/701197\/","title":{"rendered":"Cari Lapique emociona a todos con una foto de su marido y su hija 2 a\u00f1os despu\u00e9s de su tr\u00e1gica muerte: \u00abFue un d\u00eda como hoy en Guadalmina\u00bb"},"content":{"rendered":"<p id=\"ecX1R_qxx1\" data-wc=\"118\">Agosto vuelve a ser un mes especialmente delicado para la familia Goyanes-Lapique. <strong>Se cumplen dos a\u00f1os de aquel verano de 2024 que marc\u00f3 para siempre su historia:<\/strong> el <strong>7 de agosto fallec\u00eda Carlos Goyanes,<\/strong> a los 79 a\u00f1os, v\u00edctima de un infarto mientras dorm\u00eda en su casa de Guadalmina (Marbella). Apenas diecinueve d\u00edas despu\u00e9s, la familia afrontaba otro golpe devastador: la muerte de <a class=\"hm-link ho-link\" href=\"https:\/\/www.hola.com\/actualidad\/20240826714659\/caritina-goyanes-muere-46\/\" data-mrf-recirculation=\"article-body-link\" rel=\"nofollow noopener\" target=\"_blank\">Caritina Goyanes, de 46 a\u00f1os,\u00a0<\/a>a causa de un paro card\u00edaco mientras disfrutaba de sus vacaciones familiares en la Costa del Sol. Dos p\u00e9rdidas consecutivas que dejaron una huella profunda y que, desde entonces, han convertido estas fechas en un momento de uni\u00f3n familiar, donde los recuerdos por quienes faltan est\u00e1n m\u00e1s presentes que nunca.<\/p>\n<p>Te recomendamosSeguir leyendo<br \/>\n <img src=\"https:\/\/www.europesays.com\/es\/wp-content\/uploads\/2026\/08\/e86cf1436027-carla-foto9.jpg\"   width=\"1024\" height=\"763\" loading=\"lazy\" decoding=\"async\" alt=\"Carla Goyanes se despide de su padre Carlos Goyanes\" fetchpriority=\"auto\" class=\"image ho-image\"\/>\u00a9 carlugoyanesUna imagen llena de recuerdos: Carla Goyanes junto a su padre Carlos Goyanes y su hermana Caritina<\/p>\n<p id=\"e5uq1nOtcaB\" data-wc=\"59\">Recientemente, Cari confesaba en una entrevista a Informalia: \u201cVolver a Marbella a\u00fan me cuesta. Todav\u00eda no me siento con fuerzas y \u00bfpara qu\u00e9 hacer esfuerzos sin necesidad? Todo llega y que sea as\u00ed, poco a poco\u201d. La localidad malague\u00f1a, donde la familia vivi\u00f3 algunos de sus momentos m\u00e1s felices, es hoy tambi\u00e9n un lugar cargado de dolor y memoria.<\/p>\n<p> <img src=\"https:\/\/www.europesays.com\/es\/wp-content\/uploads\/2026\/08\/1acda671ab97-carlos-goyanes-getty5.jpg\"   width=\"672\" height=\"1024\" loading=\"lazy\" decoding=\"async\" alt=\"Cari Lapique y Carlos Goyanes, as\u00ed ha sido su historia de amor \" fetchpriority=\"auto\" class=\"image ho-image\"\/>\u00a9 Getty ImagesCari Lapique y Carlos Goyanes<br \/>\nUna imagen para el recuerdo<\/p>\n<p id=\"etQZCDc2CAK\" data-wc=\"116\">Ayer, coincidiendo con el aniversario del <a class=\"hm-link ho-link\" href=\"https:\/\/www.hola.com\/actualidad\/20240807711466\/carlos-goyanes-muere-marido-cari-lapique-padre-carla-caritina\/\" data-mrf-recirculation=\"article-body-link\" rel=\"nofollow noopener\" target=\"_blank\">fallecimiento de Carlos Goyanes,<\/a> Cari Lapique quiso compartir en sus redes sociales una fotograf\u00eda cargada de significado: una instant\u00e1nea del matrimonio junto a sus dos hijas cuando eran peque\u00f1as, tomada en Guadalmina \u201cun d\u00eda como hoy\u201d, seg\u00fan escribi\u00f3. La foto, recuperada por Facebook, fue publicada por ella hace diez a\u00f1os y ahora ha querido compartirla nuevamente con su comunidad virtual, donde ya supera los cien mil seguidores en Instagram: \u201cGracias Facebook por enviarme esta foto que publiqu\u00e9 hace 10 a\u00f1os y me ha encantado. Como entonces no ten\u00eda tantos seguidores quiero compartirlo con vosotros. La foto tiene much\u00edsimos a\u00f1os y fue un d\u00eda como hoy en Guadalmina\u201d, escribi\u00f3 la empresaria.<\/p>\n<p> <img src=\"https:\/\/www.europesays.com\/es\/wp-content\/uploads\/2026\/08\/fa6992e90b17-saveclipapp769083506186096782410276805066406057596519342n.jpg\"   width=\"768\" height=\"1024\" loading=\"lazy\" decoding=\"async\" alt=\"Imagen compartida por Cari Lapique en el segundo aniversario de la muerte de Carlos Goyanes\" fetchpriority=\"auto\" class=\"image ho-image\"\/>\u00a9 https:\/\/www.instagram.com\/p\/DbvQdDqsNLE\/?hl=esImagen compartida por Cari Lapique en el segundo aniversario de la muerte de Carlos Goyanes<\/p>\n<p id=\"e95Og5RYl8J\" data-wc=\"117\">La imagen, de lo m\u00e1s veraniega, muestra a <strong>un joven matrimonio con sus dos hijas peque\u00f1as: relajados, felices y c\u00f3mplices.\u00a0<\/strong>Funciona como un puente emocional entre el pasado y el presente, un recordatorio de la vida familiar que construyeron desde que <a class=\"hm-link ho-link\" href=\"https:\/\/www.hola.com\/actualidad\/20240807711531\/carlos-goyanes-cari-lapique-matrimonio-historia-amor\/\" data-mrf-recirculation=\"article-body-link\" rel=\"nofollow noopener\" target=\"_blank\">se casaron en septiembre de 1975,<\/a> cuando \u2014como ella misma ha contado en varias ocasiones\u2014 \u201cnadie daba un duro\u201d\u00a0por aquella uni\u00f3n. Sin embargo, el tiempo termin\u00f3 por desmentir cualquier pron\u00f3stico: su boda en la parroquia de la Virgen Madre de Marbella, con cerca de 600 invitados y figuras tan conocidas como Carmen Franco, Lola Flores, Lolita o Pitita Ridruejo, se convirti\u00f3 en el inicio de uno de los matrimonios m\u00e1s s\u00f3lidos de nuestro panorama social.<\/p>\n<p>El homenaje deportivo: el Memorial Carlos Goyanes de P\u00e1del<\/p>\n<p id=\"eYt8nAHO3QR\" data-wc=\"50\">Pero este aniversario no solo se ha vivido desde la nostalgia. Por segundo a\u00f1o consecutivo, <strong>Carla Goyanes ha organizado<\/strong> <a class=\"hm-link ho-link\" href=\"https:\/\/www.hola.com\/actualidad\/20260806916762\/carlos-goyanes-homenaje-carla-goyanes-cari-lapique-nietos\/\" data-mrf-recirculation=\"article-body-link\" rel=\"nofollow noopener\" target=\"_blank\">el Memorial Carlos Goyanes de P\u00e1del,<\/a> un torneo que se ha consolidado como el gran homenaje familiar al empresario y como una celebraci\u00f3n de una de sus grandes pasiones: el deporte.<\/p>\n<p> <img src=\"https:\/\/www.europesays.com\/es\/wp-content\/uploads\/2026\/08\/92b45ab2f3e5-whatsapp-image-2026-08-06-at-163426.jpg\"   width=\"1024\" height=\"997\" loading=\"lazy\" decoding=\"async\" alt=\"Cari Lapique y Carla Goyanes, arropadas por familiares y amigos en la segunda edici\u00f3n del Memorial Carlos Goyanes de P\u00e1del\" fetchpriority=\"auto\" class=\"image ho-image\"\/>\u00a9 Memorial Carlos Goyanes de P\u00e1delCari Lapique y Carla Goyanes, arropadas por familiares y amigos en la segunda edici\u00f3n del Memorial Carlos Goyanes de P\u00e1del<\/p>\n<p id=\"eAipqwzInTV\" data-wc=\"75\">La competici\u00f3n, celebrada en el <strong>Unicorn Racket Club, entre Marbella y Sotogrande,\u00a0<\/strong>ha reunido a ni\u00f1os, j\u00f3venes y adultos en un ambiente cercano y sin \u00e1nimo de lucro. El campeonato comenz\u00f3 el lunes 3 de agosto y concluye este viernes 7, coincidiendo con la fecha del fallecimiento del empresario. Como recordaba Carla en sus redes, se trata de un torneo \u201corganizado con much\u00edsima ilusi\u00f3n para disfrutar del deporte y mantener vivo el recuerdo de Carlos\u201d.<\/p>\n<p id=\"eTtn_ZLjuBG\" data-wc=\"68\">La competici\u00f3n, adem\u00e1s, ha contado con unos participantes muy especiales: <strong>los hijos de Carla y Caritina. Carlos y Santi\u00a0<\/strong>se han proclamado campeones en sus respectivas categor\u00edas, mientras que Mini Cari ha logrado el triunfo en el cuadro de consolaci\u00f3n. Una presencia que a\u00f1ade un significado a\u00fan m\u00e1s emotivo al torneo y que subraya el v\u00ednculo de la familia con el deporte que tanto apasionaba a Carlos Goyanes.<\/p>\n<p> <img src=\"https:\/\/www.europesays.com\/es\/wp-content\/uploads\/2026\/08\/15765504032c-whatsapp-image-2026-08-06-at-171950.jpg\"   width=\"1024\" height=\"811\" loading=\"lazy\" decoding=\"async\" alt=\"Santi, el hijo de Carla Goyanes, ha ganado en la categor\u00eda 'Alev\u00edn masculino'\" fetchpriority=\"auto\" class=\"image ho-image\"\/>\u00a9 Memorial Carlos Goyanes de P\u00e1delSanti, el hijo de Carla Goyanes, ha ganado en la categor\u00eda &#8216;Alev\u00edn masculino&#8217;<\/p>\n<p id=\"e9bqhDZNQji\" data-wc=\"83\">La familia Goyanes-Lapique ha demostrado en estos dos a\u00f1os una gran fortaleza, sostenida por la uni\u00f3n inquebrantable y por el cari\u00f1o de quienes les rodean. Los cinco nietos \u2014Pedro, Mini Cari, Carlos, Santi y Beltr\u00e1n\u2014 se han convertido en un apoyo fundamental para Cari, su refugio y su alegr\u00eda cotidiana. Y este verano, marcado por el recuerdo, vuelve a ser tambi\u00e9n un espacio para celebrar la vida, el deporte y la memoria de quienes ya no est\u00e1n pero siguen presentes en sus corazones.<\/p>\n<p><script async src=\"\/\/www.instagram.com\/embed.js\"><\/script><\/p>\n","protected":false},"excerpt":{"rendered":"Agosto vuelve a ser un mes especialmente delicado para la familia Goyanes-Lapique. Se cumplen dos a\u00f1os de aquel&hellip;\n","protected":false},"author":2,"featured_media":701198,"comment_status":"","ping_status":"","sticky":false,"template":"","format":"standard","meta":{"footnotes":""},"categories":[174],"tags":[517,5277,5276,255,146,147,25,24,256,23],"class_list":["post-701197","post","type-post","status-publish","format-standard","has-post-thumbnail","category-famosos","tag-actualidad","tag-cari-lapique","tag-carla-goyanes","tag-celebrities","tag-entertainment","tag-entretenimiento","tag-es","tag-espana","tag-famosos","tag-spain"],"share_on_mastodon":{"url":"https:\/\/pubeurope.com\/@es\/117060624946207086","error":""},"_links":{"self":[{"href":"https:\/\/www.europesays.com\/es\/wp-json\/wp\/v2\/posts\/701197","targetHints":{"allow":["GET"]}}],"collection":[{"href":"https:\/\/www.europesays.com\/es\/wp-json\/wp\/v2\/posts"}],"about":[{"href":"https:\/\/www.europesays.com\/es\/wp-json\/wp\/v2\/types\/post"}],"author":[{"embeddable":true,"href":"https:\/\/www.europesays.com\/es\/wp-json\/wp\/v2\/users\/2"}],"replies":[{"embeddable":true,"href":"https:\/\/www.europesays.com\/es\/wp-json\/wp\/v2\/comments?post=701197"}],"version-history":[{"count":0,"href":"https:\/\/www.europesays.com\/es\/wp-json\/wp\/v2\/posts\/701197\/revisions"}],"wp:featuredmedia":[{"embeddable":true,"href":"https:\/\/www.europesays.com\/es\/wp-json\/wp\/v2\/media\/701198"}],"wp:attachment":[{"href":"https:\/\/www.europesays.com\/es\/wp-json\/wp\/v2\/media?parent=701197"}],"wp:term":[{"taxonomy":"category","embeddable":true,"href":"https:\/\/www.europesays.com\/es\/wp-json\/wp\/v2\/categories?post=701197"},{"taxonomy":"post_tag","embeddable":true,"href":"https:\/\/www.europesays.com\/es\/wp-json\/wp\/v2\/tags?post=701197"}],"curies":[{"name":"wp","href":"https:\/\/api.w.org\/{rel}","templated":true}]}}