{"id":701401,"date":"2026-08-08T18:08:14","date_gmt":"2026-08-08T18:08:14","guid":{"rendered":"https:\/\/www.europesays.com\/es\/701401\/"},"modified":"2026-08-08T18:08:14","modified_gmt":"2026-08-08T18:08:14","slug":"la-crisis-de-ceuta-da-alas-a-los-partidarios-de-los-centros-de-deportacion-de-migrantes-fuera-de-la-ue-internacional","status":"publish","type":"post","link":"https:\/\/www.europesays.com\/es\/701401\/","title":{"rendered":"La crisis de Ceuta da alas a los partidarios de los centros de deportaci\u00f3n de migrantes fuera de la UE | Internacional"},"content":{"rendered":"<p class=\"\">Por segundo a\u00f1o consecutivo, el centro de deportaci\u00f3n para solicitantes de asilo <a href=\"https:\/\/elpais.com\/internacional\/2026-08-03\/el-centro-de-deportacion-de-migrantes-de-italia-en-albania-sigue-casi-vacio-por-segundo-ano-consecutivo.html\" target=\"_self\" rel=\"nofollow noopener\" title=\"https:\/\/elpais.com\/internacional\/2026-08-03\/el-centro-de-deportacion-de-migrantes-de-italia-en-albania-sigue-casi-vacio-por-segundo-ano-consecutivo.html\">que Italia construy\u00f3 en Albania ha estado casi vac\u00edo<\/a>. En este tiempo, estas instalaciones construidas por Roma fuera de su territorio han acumulado, adem\u00e1s, varapalos judiciales relacionados con el sistema de asilo y pol\u00e9micas por su excesivo coste. Y, en cambio, cuando las im\u00e1genes de la avalancha de Ceuta corrieron como la p\u00f3lvora por todo el mundo, el ministro de Interior italiano, Matteo Piantedosi, aprovech\u00f3 el martes el Consejo de la UE en el que se abord\u00f3 la crisis en la ciudad espa\u00f1ola del norte de \u00c1frica para plantear la necesidad de que la UE construya este tipo de instalaciones para combatir la inmigraci\u00f3n irregular. Pidi\u00f3 \u201cel valor de emprender el camino de las soluciones innovadoras\u201d, <a href=\"https:\/\/elpais.com\/espana\/2026-08-04\/los-socios-de-la-ue-rebajan-las-criticas-a-espana-por-la-crisis-de-ceuta-y-le-muestran-ahora-su-total-solidaridad.html\" target=\"_self\" rel=\"nofollow noopener\" title=\"https:\/\/elpais.com\/espana\/2026-08-04\/los-socios-de-la-ue-rebajan-las-criticas-a-espana-por-la-crisis-de-ceuta-y-le-muestran-ahora-su-total-solidaridad.html\">dijo en la intervenci\u00f3n ante sus colegas<\/a>, empleando ese lenguaje as\u00e9ptico que busca huir de la connotaci\u00f3n pol\u00e9mica de la iniciativa. <\/p>\n<p class=\"\">No estuvo solo. Le apoyaron los pa\u00edses que defienden esta apuesta dura, con la socialdem\u00f3crata Dinamarca en cabeza. \u201cS\u00ed, lo mencionaron los Estados miembros que est\u00e1n negociando con terceros pa\u00edses sobre estos centros de retorno\u201d, confirm\u00f3 el comisario Magnus Brunner, al acabar la reuni\u00f3n, cuid\u00e1ndose mucho de no emplear la palabra \u201cdeportaci\u00f3n\u201d, que hab\u00eda usado un periodista al preguntar. Los partidarios de esta opci\u00f3n <a href=\"https:\/\/elpais.com\/internacional\/2026-06-07\/fin-de-la-europa-abierta-la-ue-apuesta-por-los-muros-y-los-campos-de-deportacion-de-migrantes.html\" target=\"_self\" rel=\"nofollow noopener\" title=\"https:\/\/elpais.com\/internacional\/2026-06-07\/fin-de-la-europa-abierta-la-ue-apuesta-por-los-muros-y-los-campos-de-deportacion-de-migrantes.html\">recibieron este junio un espaldarazo clave<\/a> a su apuesta con la aprobaci\u00f3n del reglamento de retornos, en el que se abre la puerta legalmente a estos centros a los que trasladar migrantes o refugiados rechazados, un paso facilitado por el auge de los ultras en el Parlamento Europeo y la asunci\u00f3n de este camino por parte de los conservadores tradicionales. <\/p>\n<p class=\"\">Brunner es austriaco, como el conservador Gerhard Karner, el ministro de Interior de ese pa\u00eds que, al calor de lo sucedido en Ceuta, destac\u00f3 esta semana que se hab\u00eda reunido por videoconferencia con ese grupo de pa\u00edses \u2015Austria, Grecia, Pa\u00edses Bajos, Alemania y Dinamarca\u2015 que est\u00e1 negociando de forma discreta con un Estado que no sea de la UE en el que<a href=\"https:\/\/elpais.com\/internacional\/2026-06-17\/el-parlamento-europeo-aprueba-el-reglamento-de-retornos-que-facilita-la-creacion-de-centros-de-deportacion.html\" target=\"_self\" rel=\"nofollow noopener\" title=\"https:\/\/elpais.com\/internacional\/2026-06-17\/el-parlamento-europeo-aprueba-el-reglamento-de-retornos-que-facilita-la-creacion-de-centros-de-deportacion.html\"> ubicar este tipo de centros,<\/a> criticados por ONG de derechos humanos, entre otros, y sobre los que hasta hace poco hab\u00eda grandes dudas jur\u00eddicas. \u201cLos acontecimientos de los \u00faltimos d\u00edas ponen de relieve la necesidad y la importancia de este grupo, que se reunir\u00e1 de nuevo a principios de septiembre\u201d, subray\u00f3 Karner. Los que se califican como \u201cgrupo de pa\u00edses ejecutores\u201d intensificar\u00e1n en ese encuentro \u201ca\u00fan m\u00e1s las negociaciones\u201d con Estados \u201cfuera de Europa\u201d y \u201cantes de que finalice el a\u00f1o se tomar\u00e1 una decisi\u00f3n sobre en qu\u00e9 pa\u00edses podr\u00e1n aplicarse estas medidas\u201d. <\/p>\n<p class=\"\">Para Dinamarca, especialmente, este proyecto es capital, un empe\u00f1o personal de su primera ministra, la socialdem\u00f3crata Mette Fredriksen. Su filiaci\u00f3n progresista nunca la ha frenado para ser adalid de estos centros de deportaci\u00f3n. Ya en 2021 aprob\u00f3 una ley que permit\u00eda trasladar a los solicitantes de asilo fuera de la UE para tramitar all\u00ed sus solicitudes y firm\u00f3 un acuerdo con Ruanda. Pero el controvertido proyecto fue suspendido en 2023 y no ha vuelto a ponerse en marcha.<\/p>\n<p class=\"\">Este fracaso, en cambio, no la ha desanimado. En Copenhague se cree que lo sucedido en Ceuta recuerda la importancia de apostar por \u201csoluciones innovadoras\u201d, una expresi\u00f3n as\u00e9ptica con la que se huye de todas las connotaciones negativas de una medida que ha encontrado gran oposici\u00f3n all\u00ed donde se ha intentado. Por eso, cuando hace apenas unas semanas la UE aprob\u00f3 el reglamento de retornos que busca acelerar expulsiones y abre la puerta legal a estos centros fuera de la UE, Fredriksen y Meloni promovieron una carta \u2015igual que hicieron ambas hace una semana con los sucesos de Ceuta\u2015. En ella, junto con otros 17 pa\u00edses animaban \u201ca aplicar las nuevas posibilidades [del reglamento reci\u00e9n aprobado], incluidos los hub en terceros pa\u00edses\u201d. <\/p>\n<p><img alt=\"\" decoding=\"auto\" class=\"_re lazyload a_m-h\" height=\"256\"  width=\"414\"  src=\"https:\/\/www.europesays.com\/es\/wp-content\/uploads\/2026\/08\/2IFSL3YIT5NA5I3IRKWPF2Z4ZE.jpg\" loading=\"lazy\" fetchpriority=\"low\"\/>Protesta contra el centro de deportaci\u00f3n de migrantes de Italia en Gjader (Albania), el el 1 de noviembre de 2025.MALTON DIBRA (EFE)<\/p>\n<p class=\"\">Desde las ONG se critica que esos movimientos a ra\u00edz \u201cno son m\u00e1s que la \u00faltima excusa\u201d, se\u00f1ala Chiara Catelli, asesora de <a href=\"https:\/\/picum.org\/es\/quienes-somos\/\" target=\"_self\" rel=\"nofollow noopener\" title=\"https:\/\/picum.org\/es\/quienes-somos\/\">Picum, una red organizaciones dedicadas a defender los derechos de los migrantes<\/a>. \u201cLo ocurrido en Ceuta no tiene nada que ver con los centros de deportaci\u00f3n fuera de la UE, pero los gobiernos est\u00e1n utilizando cualquier excusa para imponerlos y dar la imagen de que son duros con la inmigraci\u00f3n. Los cruces fronterizos se han utilizado desde hace tiempo para convertir a los migrantes en chivos expiatorios y distraer a los votantes de los verdaderos problemas a los que todos nos enfrentamos\u201d, se\u00f1ala. <\/p>\n<p class=\"\">Consciente de las cr\u00edticas y lo pol\u00e9micos que son estos centros de deportaci\u00f3n, Brunner ha tenido mucho cuidado estos d\u00edas de no vincular nada con los sucesos de Ceuta. Y cuando ha hablado de ellos, ha puesto el acento en que deben situarse \u201cen un tercer pa\u00eds seguro\u201d, un concepto que no existe en la Convenci\u00f3n de Ginebra, pero que se ha construido en Europa para un Estado en el que se presume que se respeta el principio de no devoluci\u00f3n al lugar del que un refugiado huye, y se garantizan la vida y la libertad. <\/p>\n<p class=\"\">No se sabe por ahora con qu\u00e9 pa\u00edses hay negociaciones para que acojan estos centros. Las informaciones de prensa en los Estados que integran \u201cel grupo de pa\u00edses ejecutores\u201d apuntan a Ruanda, Uganda, Uzbekist\u00e1n e, incluso, Montenegro, uno de los pa\u00edses candidatos a entrar pronto en la UE, como tambi\u00e9n lo es Albania. La inc\u00f3gnita tendr\u00e1 que resolverse pronto si, como tambi\u00e9n apuntan desde Alemania, se espera cerrar acuerdos con Estados fuera de la UE \u201ca lo largo de este a\u00f1o\u201d, siguiendo las palabras del ministro de Interior, Alexander Dobrindt. <\/p>\n<p class=\"\">En definitiva, todos estos pa\u00edses que, pese a los fracasos anteriores (tambi\u00e9n hubo un intento fallido del Reino Unido en Ruanda esta misma d\u00e9cada) o al alto coste de esta apuesta a tenor de lo sucedido en Italia, buscan dar otra vuelta de tuerca a las pol\u00edticas migratorias, que ya en los \u00faltimos a\u00f1os se han endurecido a lomos del auge de la ultraderecha y la asunci\u00f3n por parte del PP europeo de buena parte de esos postulados. Eso tambi\u00e9n se refleja en un art\u00edculo escrito esta semana por Kiri\u00e1kos Mitsotakis, primer ministro de Grecia, otro de los pa\u00edses que est\u00e1 en el grupo promotor de los centros de deportaci\u00f3n. <\/p>\n<p class=\"\">El pol\u00edtico conservador, el mismo d\u00eda que se reun\u00edan los ministros de Interior para hablar de Ceuta, public\u00f3 un texto en Politico reclamando \u201cnuevas herramientas para combatir la migraci\u00f3n que se usa como arma\u201d en ataques h\u00edbridos. En el texto no habla de los centros fuera de la UE, lo que plantea es la creaci\u00f3n de nuevas herramientas que sirvan para responder a situaciones como la de Ceuta o <a href=\"https:\/\/elpais.com\/internacional\/2020-03-03\/como-turquia-convierte-en-armas-a-los-refugiados.html\" target=\"_self\" rel=\"nofollow noopener\" title=\"https:\/\/elpais.com\/internacional\/2020-03-03\/como-turquia-convierte-en-armas-a-los-refugiados.html\">como la que vivi\u00f3 su pa\u00eds en 2020 en Evros, <\/a>cuando Turqu\u00eda abri\u00f3 su frontera para dejar pasar a inmigrantes a Grecia, que no est\u00e1n previstas en el Pacto de Migraci\u00f3n y Asilo, a\u00fan no desarrollado plenamente: \u201cEuropa debe ser honesta sobre los l\u00edmites de sus procedimientos de asilo acelerados. En situaciones excepcionales y claramente definidas de presi\u00f3n extrema y desproporcionada \u2014ya sea en las fronteras terrestres o tras llegadas masivas por mar\u2014, los Estados miembros deber\u00edan tener la opci\u00f3n, en el marco de un r\u00e9gimen de emergencia espec\u00edfico de la UE, de suspender temporalmente las solicitudes de asilo de las personas reci\u00e9n llegadas\u201d, escribe. <\/p>\n<p class=\"\">La l\u00f3gica detr\u00e1s de esto tambi\u00e9n la ha expuesto el comisario Brunner. El endurecimiento de las pol\u00edticas migratorias ha provocado que en los \u00faltimos a\u00f1os la migraci\u00f3n irregular haya ca\u00eddo un 55% en dos a\u00f1os y en lo que va de 2026, un 40%. \u201cPero, por supuesto, los sucesos de Ceuta \u2014eso tambi\u00e9n est\u00e1 bastante claro\u2014 demuestran que esas im\u00e1genes dram\u00e1ticas superan, de hecho, a las mejores estad\u00edsticas, y eso es tambi\u00e9n una de las lecciones aprendidas\u201d, advirti\u00f3 el austriaco. <\/p>\n<p>Con informaci\u00f3n de<strong> Almudena de Cabo, Carlos Torrralba, Lorena Pacho y Sara Velert<\/strong>.<\/p>\n","protected":false},"excerpt":{"rendered":"Por segundo a\u00f1o consecutivo, el centro de deportaci\u00f3n para solicitantes de asilo que Italia construy\u00f3 en Albania ha&hellip;\n","protected":false},"author":2,"featured_media":701402,"comment_status":"","ping_status":"","sticky":false,"template":"","format":"standard","meta":{"footnotes":""},"categories":[42],"tags":[1660,15121,17,18,1708,2496,13,14,2023,11,895,61,62,63,64,628,19,20,113131,890,9,10,15,16,12,21,22,1617,65,66,67],"class_list":["post-701401","post","type-post","status-publish","format-standard","has-post-thumbnail","category-internacional","tag-alemania","tag-asilo-politico","tag-breaking-news","tag-breakingnews","tag-comision-europea","tag-dinamarca","tag-featured-news","tag-featurednews","tag-grecia","tag-headlines","tag-inmigracion-irregular","tag-internacional","tag-international","tag-international-news","tag-internationalnews","tag-italia","tag-latest-news","tag-latestnews","tag-magnus-brunner","tag-migrantes","tag-news","tag-noticias","tag-noticias-destacadas","tag-noticiasdestacadas","tag-titulares","tag-ultimas-noticias","tag-ultimasnoticias","tag-union-europea","tag-world","tag-world-news","tag-worldnews"],"share_on_mastodon":{"url":"","error":"Validation failed: Text character limit of 500 exceeded"},"_links":{"self":[{"href":"https:\/\/www.europesays.com\/es\/wp-json\/wp\/v2\/posts\/701401","targetHints":{"allow":["GET"]}}],"collection":[{"href":"https:\/\/www.europesays.com\/es\/wp-json\/wp\/v2\/posts"}],"about":[{"href":"https:\/\/www.europesays.com\/es\/wp-json\/wp\/v2\/types\/post"}],"author":[{"embeddable":true,"href":"https:\/\/www.europesays.com\/es\/wp-json\/wp\/v2\/users\/2"}],"replies":[{"embeddable":true,"href":"https:\/\/www.europesays.com\/es\/wp-json\/wp\/v2\/comments?post=701401"}],"version-history":[{"count":0,"href":"https:\/\/www.europesays.com\/es\/wp-json\/wp\/v2\/posts\/701401\/revisions"}],"wp:featuredmedia":[{"embeddable":true,"href":"https:\/\/www.europesays.com\/es\/wp-json\/wp\/v2\/media\/701402"}],"wp:attachment":[{"href":"https:\/\/www.europesays.com\/es\/wp-json\/wp\/v2\/media?parent=701401"}],"wp:term":[{"taxonomy":"category","embeddable":true,"href":"https:\/\/www.europesays.com\/es\/wp-json\/wp\/v2\/categories?post=701401"},{"taxonomy":"post_tag","embeddable":true,"href":"https:\/\/www.europesays.com\/es\/wp-json\/wp\/v2\/tags?post=701401"}],"curies":[{"name":"wp","href":"https:\/\/api.w.org\/{rel}","templated":true}]}}