{"id":70148,"date":"2025-08-25T01:16:14","date_gmt":"2025-08-25T01:16:14","guid":{"rendered":"https:\/\/www.europesays.com\/es\/70148\/"},"modified":"2025-08-25T01:16:14","modified_gmt":"2025-08-25T01:16:14","slug":"hugo-reinosa-corta-una-oreja-en-atienza-y-destaca-con-la-escuela-taurina-de-alcazar","status":"publish","type":"post","link":"https:\/\/www.europesays.com\/es\/70148\/","title":{"rendered":"Hugo Reinosa corta una oreja en Atienza y destaca con la Escuela Taurina de Alc\u00e1zar"},"content":{"rendered":"<p>La Plaza de Toros de Atienza fue escenario este s\u00e1bado de una grandiosa novillada en clase pr\u00e1ctica, enmarcada en el certamen \u201cGuadalajara busca Torero\u201d, donde se dieron cita j\u00f3venes valores de la tauromaquia procedentes de distintas escuelas taurinas de Espa\u00f1a y Portugal.<\/p>\n<p>Uno de los nombres propios del festejo fue el del alcazare\u00f1o Hugo Reinosa, alumno de la Escuela Taurina El Estoque de Alc\u00e1zar de San Juan, que cort\u00f3 una oreja tras una actuaci\u00f3n firme y templada que le vali\u00f3 el reconocimiento del p\u00fablico. Su intervenci\u00f3n fue especialmente celebrada por los aficionados desplazados desde La Mancha y por el jurado del certamen, que valor\u00f3 su evoluci\u00f3n y entrega en el ruedo.<\/p>\n<p>El festejo cont\u00f3 con media entrada en los tendidos y una notable presencia de j\u00f3venes y aficionados. Se lidiaron cinco bravos erales de la ganader\u00eda de Ana Isabel Vicente, de Cubo de Don Sancho (Salamanca), bien presentados y de buen juego en general, lo que permiti\u00f3 el lucimiento de los novilleros.<\/p>\n<p>Los resultados del festejo fueron:<\/p>\n<p><strong>Fernando Donoso<\/strong> (Escuela de Tauromaquia de la Diputaci\u00f3n de Badajoz): una oreja<\/p>\n<p><strong>Hugo Reinosa<\/strong> (Escuela Taurina El Estoque, de Alc\u00e1zar de San Juan): una oreja<\/p>\n<p><strong>Manuel Le\u00f3n<\/strong> (Escuela de Tauromaquia de la Diputaci\u00f3n de Badajoz): dos orejas, el triunfador de la tarde<\/p>\n<p><strong>Joao Fernandes<\/strong> (Escuela de Toreo Jos\u00e9 Falc\u00e3o de Vila Franca de Xira, Portugal): ovaci\u00f3n<\/p>\n<p><strong>Miguel Remiro<\/strong> (Centro de Tauromaquia de Arag\u00f3n Mar de Nubes): una oreja<\/p>\n<p>El evento, organizado por la Asociaci\u00f3n Taurina de Aficionados Pr\u00e1cticos con el patrocinio del Excmo. Ayuntamiento de Atienza, fue calificado como un extraordinario acontecimiento taurino que sirve de impulso a las nuevas generaciones del toreo. La actuaci\u00f3n de Hugo Reinosa refuerza el papel de la Escuela Taurina de Alc\u00e1zar de San Juan como referente en la formaci\u00f3n de j\u00f3venes toreros en Castilla-La Mancha.<\/p>\n<p><img loading=\"lazy\" decoding=\"async\" width=\"484\" height=\"366\" alt=\"2\" src=\"https:\/\/www.europesays.com\/es\/wp-content\/uploads\/2025\/08\/2025082413124365275.jpg\" class=\"lazyload\" \/><\/p>\n<p><img loading=\"lazy\" decoding=\"async\" width=\"517\" height=\"349\" alt=\"3\" src=\"https:\/\/www.europesays.com\/es\/wp-content\/uploads\/2025\/08\/2025082413124387737.jpg\" class=\"lazyload\" \/><\/p>\n<p>\u00a0<\/p>\n<p><img loading=\"lazy\" decoding=\"async\" width=\"524\" height=\"320\" alt=\"5\" src=\"https:\/\/www.europesays.com\/es\/wp-content\/uploads\/2025\/08\/2025082413124453233.jpg\" class=\"lazyload\" \/><\/p>\n","protected":false},"excerpt":{"rendered":"La Plaza de Toros de Atienza fue escenario este s\u00e1bado de una grandiosa novillada en clase pr\u00e1ctica, enmarcada&hellip;\n","protected":false},"author":2,"featured_media":70149,"comment_status":"","ping_status":"","sticky":false,"template":"","format":"standard","meta":{"footnotes":""},"categories":[277],"tags":[373,168,25,28005,24,7507,23,167,374,444],"class_list":{"0":"post-70148","1":"post","2":"type-post","3":"status-publish","4":"format-standard","5":"has-post-thumbnail","7":"category-toreo","8":"tag-bullfighting","9":"tag-deportes","10":"tag-es","11":"tag-escuela-taurina-alcazarena","12":"tag-espana","13":"tag-hugo-reinosa","14":"tag-spain","15":"tag-sports","16":"tag-toreo","17":"tag-toros"},"share_on_mastodon":{"url":"","error":""},"_links":{"self":[{"href":"https:\/\/www.europesays.com\/es\/wp-json\/wp\/v2\/posts\/70148","targetHints":{"allow":["GET"]}}],"collection":[{"href":"https:\/\/www.europesays.com\/es\/wp-json\/wp\/v2\/posts"}],"about":[{"href":"https:\/\/www.europesays.com\/es\/wp-json\/wp\/v2\/types\/post"}],"author":[{"embeddable":true,"href":"https:\/\/www.europesays.com\/es\/wp-json\/wp\/v2\/users\/2"}],"replies":[{"embeddable":true,"href":"https:\/\/www.europesays.com\/es\/wp-json\/wp\/v2\/comments?post=70148"}],"version-history":[{"count":0,"href":"https:\/\/www.europesays.com\/es\/wp-json\/wp\/v2\/posts\/70148\/revisions"}],"wp:featuredmedia":[{"embeddable":true,"href":"https:\/\/www.europesays.com\/es\/wp-json\/wp\/v2\/media\/70149"}],"wp:attachment":[{"href":"https:\/\/www.europesays.com\/es\/wp-json\/wp\/v2\/media?parent=70148"}],"wp:term":[{"taxonomy":"category","embeddable":true,"href":"https:\/\/www.europesays.com\/es\/wp-json\/wp\/v2\/categories?post=70148"},{"taxonomy":"post_tag","embeddable":true,"href":"https:\/\/www.europesays.com\/es\/wp-json\/wp\/v2\/tags?post=70148"}],"curies":[{"name":"wp","href":"https:\/\/api.w.org\/{rel}","templated":true}]}}