{"id":701539,"date":"2026-08-08T20:04:25","date_gmt":"2026-08-08T20:04:25","guid":{"rendered":"https:\/\/www.europesays.com\/es\/701539\/"},"modified":"2026-08-08T20:04:25","modified_gmt":"2026-08-08T20:04:25","slug":"bulgaria-convoca-al-embajador-de-ucrania-tras-explosion-de-un-dron-en-su-territorio","status":"publish","type":"post","link":"https:\/\/www.europesays.com\/es\/701539\/","title":{"rendered":"Bulgaria convoca al embajador de Ucrania tras explosi\u00f3n de un dron en su territorio"},"content":{"rendered":"<p>    <img src=\"https:\/\/www.europesays.com\/es\/wp-content\/uploads\/2026\/08\/2026-08-08T123A343A58Z-91866461.jpg\" width=\"1024\" height=\"682\" alt=\"\" loading=\"eager\" decoding=\"sync\" fetchpriority=\"high\"\/><\/p>\n<p>            afp_tickers        <\/p>\n<p>        Este contenido fue publicado en    <\/p>\n<p>        08 agosto 2026 &#8211; 19:32\n<\/p>\n<p>Bulgaria convoc\u00f3 al embajador ucraniano despu\u00e9s de que un dron con \u00abcantidad importante de explosivos\u00bb ingresara este s\u00e1bado en su territorio y estallara cerca de un gasoducto transbalc\u00e1nico sin causar v\u00edctimas.<\/p>\n<p>El Ministerio de Defensa b\u00falgaro dijo que el dron era de un tipo \u00abampliamente usado por el ej\u00e9rcito ucraniano\u00bb y la canciller\u00eda convoc\u00f3 al embajador de Kiev para una reuni\u00f3n el lunes, dijo su oficina a la AFP.<\/p>\n<p>Un portavoz del Ministerio de Relaciones Exteriores ucraniano asegur\u00f3 que sus fuerzas \u00abno atacaron deliberadamente\u00bb Bulgaria y afirm\u00f3 que estaban \u00aben estrecho contacto con la parte b\u00falgara para aclarar las circunstancias del incidente\u00bb.<\/p>\n<p>Desde el inicio de la invasi\u00f3n rusa de Ucrania en 2022, numerosos drones de las partes beligerantes terminaron entrando en el espacio a\u00e9reo de pa\u00edses vecinos, algunos miembros de la OTAN.<\/p>\n<p>Aunque el suceso no dej\u00f3 v\u00edctimas, el primer ministro b\u00falgaro, Rumen Radev, indic\u00f3 que \u00abel dron transportaba una cantidad considerable de explosivos\u00bb.<\/p>\n<p>\u00abEl dron explot\u00f3 en las inmediaciones del paso fronterizo de Kardam con Rumania\u00bb, cerca del mar Negro, en el noreste del pa\u00eds, \u00aba unos 1.000 metros\u00bb de una estaci\u00f3n de compresi\u00f3n del gasoducto transbalc\u00e1nico que conecta Turqu\u00eda con Ucrania, declar\u00f3.<\/p>\n<p>Seg\u00fan explic\u00f3, la polic\u00eda fronteriza rumana registr\u00f3 primero el sonido del aparato y posteriormente una patrulla de la polic\u00eda fronteriza b\u00falgara observ\u00f3 \u00abuna fuerte explosi\u00f3n acompa\u00f1ada de humo negro\u00bb.<\/p>\n<p>Pese a se\u00f1alar que el tipo de dron era utilizado por Ucrania, el Ministerio de Defensa b\u00falgaro precis\u00f3 que \u00abactualmente, naga sugiere que fuera un incidente deliberado\u00bb.<\/p>\n<p>Seg\u00fan Radev, ni Bulgaria ni Rumania detectaron el dron, que termin\u00f3 cayendo en un campo de girasoles. \u00abComo saben, la identificaci\u00f3n y neutralizaci\u00f3n de este tipo de drones representa un gran desaf\u00edo\u00bb, subray\u00f3.<\/p>\n<p>Los incidentes relacionados con drones se multiplicaron en los \u00faltimos meses en varios pa\u00edses de Europa del Este miembros de la OTAN y aliados de Ucrania frente a Rusia. Pero es el primero de este tipo que ocurre en Bulgaria.<\/p>\n<p>Rumania, que desde el inicio de la invasi\u00f3n rusa de Ucrania en 2022 registra frecuentes incursiones de drones, algunos de los cuales llegaron a estrellarse en su territorio, orden\u00f3 a finales de julio la expulsi\u00f3n de un miembro de la embajada rusa.<\/p>\n<p>\u00abA ra\u00edz de este incidente, vamos a redistribuir efectivos y recursos de la polic\u00eda fronteriza destinados a la detecci\u00f3n de drones y a las operaciones antidrones\u00bb, a\u00f1adi\u00f3 Radev.<\/p>\n<p>str-pyv\/meb\/dbh\/mab<\/p>\n","protected":false},"excerpt":{"rendered":"afp_tickers Este contenido fue publicado en 08 agosto 2026 &#8211; 19:32 Bulgaria convoc\u00f3 al embajador ucraniano despu\u00e9s de&hellip;\n","protected":false},"author":2,"featured_media":701540,"comment_status":"","ping_status":"","sticky":false,"template":"","format":"standard","meta":{"footnotes":""},"categories":[42],"tags":[17,18,82,11643,14686,13,14,4437,11,61,62,63,64,19,20,9,10,15,16,54558,88,90,12,21,22,65,66,67],"class_list":["post-701539","post","type-post","status-publish","format-standard","has-post-thumbnail","category-internacional","tag-breaking-news","tag-breakingnews","tag-business","tag-defence","tag-energy-and-resource","tag-featured-news","tag-featurednews","tag-government","tag-headlines","tag-internacional","tag-international","tag-international-news","tag-internationalnews","tag-latest-news","tag-latestnews","tag-news","tag-noticias","tag-noticias-destacadas","tag-noticiasdestacadas","tag-oil-and-gas-downstream-activities","tag-politics","tag-ticker","tag-titulares","tag-ultimas-noticias","tag-ultimasnoticias","tag-world","tag-world-news","tag-worldnews"],"share_on_mastodon":{"url":"https:\/\/pubeurope.com\/@es\/117061686167905298","error":""},"_links":{"self":[{"href":"https:\/\/www.europesays.com\/es\/wp-json\/wp\/v2\/posts\/701539","targetHints":{"allow":["GET"]}}],"collection":[{"href":"https:\/\/www.europesays.com\/es\/wp-json\/wp\/v2\/posts"}],"about":[{"href":"https:\/\/www.europesays.com\/es\/wp-json\/wp\/v2\/types\/post"}],"author":[{"embeddable":true,"href":"https:\/\/www.europesays.com\/es\/wp-json\/wp\/v2\/users\/2"}],"replies":[{"embeddable":true,"href":"https:\/\/www.europesays.com\/es\/wp-json\/wp\/v2\/comments?post=701539"}],"version-history":[{"count":0,"href":"https:\/\/www.europesays.com\/es\/wp-json\/wp\/v2\/posts\/701539\/revisions"}],"wp:featuredmedia":[{"embeddable":true,"href":"https:\/\/www.europesays.com\/es\/wp-json\/wp\/v2\/media\/701540"}],"wp:attachment":[{"href":"https:\/\/www.europesays.com\/es\/wp-json\/wp\/v2\/media?parent=701539"}],"wp:term":[{"taxonomy":"category","embeddable":true,"href":"https:\/\/www.europesays.com\/es\/wp-json\/wp\/v2\/categories?post=701539"},{"taxonomy":"post_tag","embeddable":true,"href":"https:\/\/www.europesays.com\/es\/wp-json\/wp\/v2\/tags?post=701539"}],"curies":[{"name":"wp","href":"https:\/\/api.w.org\/{rel}","templated":true}]}}