{"id":701805,"date":"2026-08-08T23:58:21","date_gmt":"2026-08-08T23:58:21","guid":{"rendered":"https:\/\/www.europesays.com\/es\/701805\/"},"modified":"2026-08-08T23:58:21","modified_gmt":"2026-08-08T23:58:21","slug":"el-uno-a-uno-del-celta-ante-el-napoles-starfelt-despeja-dudas-en-el-discreto-debut-de-abdoulaye-faye","status":"publish","type":"post","link":"https:\/\/www.europesays.com\/es\/701805\/","title":{"rendered":"El uno a uno del Celta ante el N\u00e1poles, Starfelt despeja dudas en el discreto debut de Abdoulaye Faye"},"content":{"rendered":"<p>                        <a data-no-instant=\"1\" href=\"https:\/\/www.google.com\/preferences\/source?q=metropolitano.gal\" rel=\"noopener nofollow\" class=\"a2t-link\" target=\"_blank\" aria-label=\"boton3google\"><img loading=\"lazy\" decoding=\"async\" src=\"https:\/\/www.europesays.com\/es\/wp-content\/uploads\/2026\/08\/1786233499_912_boton3google.png\" alt=\"\" width=\"300\" height=\"70\" style=\"display: inline-block;\"\/><\/a><\/p>\n<p><strong>El Celta de Vigo ha empatado 1-1 ante el N\u00e1poles con un gol de Ferran Jutgl\u00e0 en el debut, con m\u00e1s errores que aciertos, de Abdoulaye Faye<\/strong>. No arrancaron bien los de Claudio Gir\u00e1ldez ante un rival de Champions League. Sobrepasados constantemente terminaron encajando un gol a bal\u00f3n parado, el gran debe del equipo. <strong>Andrei Radu evit\u00f3 que el cuadro italiano ampliase la ventaja.<\/strong> Apenas apareci\u00f3 en ataque el conjunto vigu\u00e9s en una primera mitad discreta. Mejor\u00f3 en la segunda parte. Los celestes mostraron un punto m\u00e1s de intensidad aprovech\u00e1ndose de una mayor preparaci\u00f3n. Llegaron las ocasiones, especialmente tras el carrusel de cambios del N\u00e1poles. Marc\u00f3 Ferran Jutgl\u00e0 tras robarle la pelota a Kevin De Bruyne. <strong>En el tramo final tuvieron los de Gir\u00e1ldez opciones de ganar en Castel di Sangro.<\/strong><\/p>\n<p><strong>Estas son las notas individuales de los jugadores del Celta de Vigo en el \u00faltimo partido amistoso de pretemporada ante el N\u00e1poles<\/strong> en la concentraci\u00f3n en Italia. El pr\u00f3ximo partido ya ser\u00e1 en Liga, el pr\u00f3ximo 16 de agosto en Bala\u00eddos ante CA Osasuna.<\/p>\n<p><strong>Las notas del Celta en N\u00e1poles<\/strong><\/p>\n<p><strong>(6) Andrei Radu<\/strong>: seguro en los primeros disparos del N\u00e1poles, bien colocado. Evit\u00f3 el 2-0 con una buena intervenci\u00f3n. Bastante trabajo para el rumano que sigue rayando a gran nivel. No tuvo tanto trabajo en una segunda mitad donde el Celta se mostr\u00f3 m\u00e1s s\u00f3lido. A\u00fan as\u00ed todo lo que le lleg\u00f3 a su porter\u00eda lo gestion\u00f3 con acierto.<\/p>\n<p><strong>(5) Jones El-Abdellaoui<\/strong>: sus conducciones en velocidad fueron de las pocas noticias positivas del equipo en una primera mitad con poco peligro. Le falt\u00f3 tener claridad en la toma final de decisiones.<\/p>\n<p><strong>(5) Javi Rodr\u00edguez:<\/strong> en la l\u00ednea del resto del equipo. Le toc\u00f3 pasarlo mal en el arranque del partido. Se fue entonando con el paso de los minutos. No cometi\u00f3 errores.<\/p>\n<p><strong>(4) Abdoulaye Faye<\/strong>: se situ\u00f3 como hombre libre en la l\u00ednea de tres centrales en sus primeros minutos de celeste. Perdi\u00f3 el sitio y la concentraci\u00f3n en el 1-0 a bal\u00f3n parado de Di Lorenzo. Regal\u00f3 un bal\u00f3n en el \u00e1rea que casi termina en el 2-0 en un grav\u00edsimo error. S\u00ed dej\u00f3 detalles de su capacidad para anticiparse al rival.<\/p>\n<p><strong>(6) Carl Starfelt<\/strong>: sufriendo much\u00edsimo con Hojlund el principio, se llev\u00f3 una temprana amarilla que supo gestionar. Mantuvo un bonito duelo con el delantero dan\u00e9s en el que logr\u00f3 imponerse en varias ocasiones. La mejor noticia es que logr\u00f3 jugar todo el partido termin\u00e1ndolo, adem\u00e1s, a buen nivel.<\/p>\n<p><strong>(5) \u00c1lvaro N\u00fa\u00f1ez:<\/strong> percutieron por su costado con insistencia. Lo pas\u00f3 mal. En ataque apareci\u00f3 pasado el minuto 20. Fue de los m\u00e1s activos en la construcci\u00f3n pero sigue sin dar un paso al frente para ser importante.<\/p>\n<p><strong>(5) Hugo Burcio<\/strong>: partido de m\u00e1xima exigencia para el canterano ante un rival de Champions. Sum\u00f3 muchos minutos en un momento en el que es el tercer centrocampista del equipo. Le hicieron un penalti que no le pitaron. Creci\u00f3 con el paso de los minutos.<\/p>\n<p><strong>(6) Aleix Febas<\/strong>: lo pararon a base de faltas. El jugador m\u00e1s estable del Celta en la primera mitad. Apunta a ser una de las grandes revelaciones del equipo este curso. Manda y dirige con maestr\u00eda.<\/p>\n<p><strong>(5) Andr\u00e9s Anta\u00f1\u00f3n<\/strong>: dej\u00f3 algunos detalles de su buen nivel. Activo en la presi\u00f3n, yendo casi de &#8216;nueve&#8217; para molestar en la salida de bal\u00f3n rival. Le falt\u00f3 entrar de manera m\u00e1s continua en el juego.<\/p>\n<p><strong>(5) Ferran Jutgl\u00e0<\/strong>: apareci\u00f3 muy poco en el primer tiempo, adem\u00e1s en el 1-0 no est\u00e1 fino en la acci\u00f3n. Trabaj\u00f3 en defensa y tuvo alguna en ataque que no pudo convertir. Se resarci\u00f3 en el 65&#8242; con un disparo cruzado para hacer su segundo gol de pretemporada rob\u00e1ndole la cartera a De Bruyne.<\/p>\n<p><strong>(5) Hugo \u00c1lvarez<\/strong>: a cuenta gotas el ourensano. Poco del canterano que a\u00fan as\u00ed fue el que m\u00e1s gener\u00f3 de todo el equipo en ataque en el primer acto. En la segunda mitad tampoco fue capaz de aparecer mucho. Correcto.<\/p>\n<p><img fetchpriority=\"high\" decoding=\"async\" class=\"alignnone size-full wp-image-410605\" src=\"https:\/\/www.europesays.com\/es\/wp-content\/uploads\/2026\/08\/hugoalvarezcelta.jpg\" alt=\"\" width=\"1200\" height=\"630\"  \/><\/p>\n<p><strong>Tambi\u00e9n jugaron en el Celta en N\u00e1poles<\/strong><\/p>\n<p><strong>(5) Yoel Lago<\/strong>: jug\u00f3 unos minutos. Sin errores el de Mondariz, partido correcto en una segunda parte de menor ritmo.<\/p>\n<p><strong>(5) Javi Rueda<\/strong>: ante un N\u00e1poles que baj\u00f3 el ritmo pudo mostrar su capacidad de atacar por el costado.<\/p>\n<p><strong>(5) Marcos Alonso:<\/strong> Starfelt le quit\u00f3 una buena oportunidad de gol en un saque de esquina. Por su lado Lorenzo Lucca encontr\u00f3 opciones de gol pero no estuvo acertado.<\/p>\n<p><strong>(6) Iago Aspas<\/strong>: lanz\u00f3 una buena contra con pase a Sergio Carreira. Clarividencia para el juego celeste con el capit\u00e1n en el campo. Lo intent\u00f3 con un lanzamiento de falta que impact\u00f3 en la barrera.<\/p>\n<p><strong>(-) Williot Swedberg<\/strong>: no le llegaron muchos balones. Busc\u00f3 darle continuidad al juego en ataque.<\/p>\n<p><strong>(-) Hugo Gonz\u00e1lez<\/strong>: la primera que tuvo se convirti\u00f3 en un disparo que se fue directo a un defensa del N\u00e1poles. El d\u00eda que le comunicaron que se queda en el primer equipo cierra la pretemporada como m\u00e1ximo goleador del equipo, con seis tantos.<\/p>\n<p><strong>(-) Anxo Rodr\u00edguez<\/strong>: m\u00e1s minutos en el primer equipo. Cumple como un veterano.<\/p>\n<p><strong>(-) Sergio Carreira<\/strong>: al poco de entrar intent\u00f3 un centro raso al \u00e1rea que tap\u00f3 la zaga local. No entr\u00f3 mucho m\u00e1s en juego.<\/p>\n<p><br style=\"clear: both; display: block; float: none;\"\/><br style=\"clear: both; display: block; float: none;\"\/><\/p>\n","protected":false},"excerpt":{"rendered":"El Celta de Vigo ha empatado 1-1 ante el N\u00e1poles con un gol de Ferran Jutgl\u00e0 en el&hellip;\n","protected":false},"author":2,"featured_media":701806,"comment_status":"","ping_status":"","sticky":false,"template":"","format":"standard","meta":{"footnotes":""},"categories":[93],"tags":[1727,168,25,24,282,23,167,1274],"class_list":["post-701805","post","type-post","status-publish","format-standard","has-post-thumbnail","category-deportes","tag-celta-de-vigo","tag-deportes","tag-es","tag-espana","tag-futbol","tag-spain","tag-sports","tag-vigo"],"share_on_mastodon":{"url":"https:\/\/pubeurope.com\/@es\/117062607024713005","error":""},"_links":{"self":[{"href":"https:\/\/www.europesays.com\/es\/wp-json\/wp\/v2\/posts\/701805","targetHints":{"allow":["GET"]}}],"collection":[{"href":"https:\/\/www.europesays.com\/es\/wp-json\/wp\/v2\/posts"}],"about":[{"href":"https:\/\/www.europesays.com\/es\/wp-json\/wp\/v2\/types\/post"}],"author":[{"embeddable":true,"href":"https:\/\/www.europesays.com\/es\/wp-json\/wp\/v2\/users\/2"}],"replies":[{"embeddable":true,"href":"https:\/\/www.europesays.com\/es\/wp-json\/wp\/v2\/comments?post=701805"}],"version-history":[{"count":0,"href":"https:\/\/www.europesays.com\/es\/wp-json\/wp\/v2\/posts\/701805\/revisions"}],"wp:featuredmedia":[{"embeddable":true,"href":"https:\/\/www.europesays.com\/es\/wp-json\/wp\/v2\/media\/701806"}],"wp:attachment":[{"href":"https:\/\/www.europesays.com\/es\/wp-json\/wp\/v2\/media?parent=701805"}],"wp:term":[{"taxonomy":"category","embeddable":true,"href":"https:\/\/www.europesays.com\/es\/wp-json\/wp\/v2\/categories?post=701805"},{"taxonomy":"post_tag","embeddable":true,"href":"https:\/\/www.europesays.com\/es\/wp-json\/wp\/v2\/tags?post=701805"}],"curies":[{"name":"wp","href":"https:\/\/api.w.org\/{rel}","templated":true}]}}