{"id":701867,"date":"2026-08-09T00:50:14","date_gmt":"2026-08-09T00:50:14","guid":{"rendered":"https:\/\/www.europesays.com\/es\/701867\/"},"modified":"2026-08-09T00:50:14","modified_gmt":"2026-08-09T00:50:14","slug":"regimen-estaria-posicionando-a-oscar-perez-oliva-como-posible-sucesor-pero-washington-lo-rechazaria-segun-el-nyt","status":"publish","type":"post","link":"https:\/\/www.europesays.com\/es\/701867\/","title":{"rendered":"R\u00e9gimen estar\u00eda posicionando a \u00d3scar P\u00e9rez-Oliva como posible sucesor, pero Washington lo rechazar\u00eda, seg\u00fan el NYT"},"content":{"rendered":"<p>El r\u00e9gimen cubano parece estar impulsando a <strong>\u00d3scar P\u00e9rez-Oliva Fraga<\/strong> como potencial sucesor dentro de su estructura de poder, seg\u00fan revel\u00f3 este viernes <a href=\"https:\/\/www.nytimes.com\/2026\/08\/07\/us\/politics\/us-search-cuba-leader.html?smid=nytcore-ios-share\" rel=\"nofollow noopener\" target=\"_blank\">The New York Times<\/a>, en momentos en que la administraci\u00f3n de <strong>Donald Trump<\/strong> <strong>busca identificar figuras capaces de asumir responsabilidades de gobierno en un eventual escenario de transici\u00f3n en la isla<\/strong>.<\/p>\n<p>La afirmaci\u00f3n del diario estadounidense cobra especial relevancia por <a href=\"https:\/\/www.cibercuba.com\/noticias\/2024-05-24-u1-e199894-s27061-nid282491-nuevo-ministro-comercio-exterior-sobrino-nieto-fidel\" rel=\"nofollow noopener\" target=\"_blank\"><strong>el vertiginoso ascenso que P\u00e9rez-Oliva ha experimentado en los \u00faltimos meses<\/strong><\/a> y por la creciente exposici\u00f3n p\u00fablica que ha recibido dentro de Cuba.<\/p>\n<p>Seg\u00fan el Times, P\u00e9rez-Oliva, <a href=\"https:\/\/www.cibercuba.com\/noticias\/2025-10-18-u1-e207888-s27061-nid313143-quien-sobrino-nieto-castro-asciende-al-poder\" rel=\"nofollow noopener\" target=\"_blank\"><strong>sobrino nieto del dictador Fidel Castro<\/strong><\/a>, ha aparecido recientemente con mayor frecuencia en la televisi\u00f3n estatal y en pronunciamientos gubernamentales, e incluso concedi\u00f3 <a href=\"https:\/\/www.cibercuba.com\/noticias\/2026-03-16-u1-e199370-s27061-nid323276-regimen-cubano-busca-inversiones-empresas\" rel=\"nofollow noopener\" target=\"_blank\"><strong>una inusual entrevista a medios internacionales<\/strong><\/a>.<\/p>\n<p>El peri\u00f3dico interpreta esas se\u00f1ales como indicios de que el gobierno cubano estar\u00eda respald\u00e1ndolo como un posible sucesor.<\/p>\n<p>Pero existe un obst\u00e1culo fundamental para cualquier intento de presentarlo como una figura capaz de conducir una transici\u00f3n negociada con Washington.<\/p>\n<p>El New York Times asegura que P\u00e9rez-Oliva ser\u00eda \u00ab<a href=\"https:\/\/www.cibercuba.com\/noticias\/2026-03-03-u1-e207888-s27061-nid322079-apellido-castro-elecciones-frase-johana-tablada\" rel=\"nofollow noopener\" target=\"_blank\"><strong>casi con seguridad inaceptable para Estados Unidos<\/strong><\/a>\u00bb.<\/p>\n<p>El protagonismo de P\u00e9rez-Oliva no ha pasado inadvertido.<\/p>\n<p>CiberCuba ha seguido durante los \u00faltimos meses su acelerado ascenso dentro de la estructura gubernamental y las se\u00f1ales que apuntaban a <a href=\"https:\/\/www.cibercuba.com\/noticias\/2025-11-08-u1-e207888-s27061-nid314514-minrex-destaca-intervencion-oscar-perez-oliva\" rel=\"nofollow noopener\" target=\"_blank\"><strong>una promoci\u00f3n pol\u00edtica cuidadosamente construida<\/strong><\/a>.<\/p>\n<p>Su trayectoria reciente ha llamado especialmente la atenci\u00f3n porque combina v\u00ednculos familiares con la \u00e9lite hist\u00f3rica del castrismo, experiencia en el aparato econ\u00f3mico y una imagen p\u00fablica que el r\u00e9gimen ha intentado proyectar como m\u00e1s t\u00e9cnica y renovadora que la de buena parte de la vieja guardia.<\/p>\n<p>Su creciente visibilidad hab\u00eda alimentado interrogantes sobre si el r\u00e9gimen intentaba construir alrededor de \u00e9l una figura capaz de representar renovaci\u00f3n sin una ruptura con el sistema.<\/p>\n<p>La nueva informaci\u00f3n del Times lleva esa hip\u00f3tesis un paso m\u00e1s all\u00e1 al afirmar directamente que el gobierno cubano \u00abparece estar apoyando\u00bb a P\u00e9rez-Oliva como potencial sucesor.<\/p>\n<p><a href=\"https:\/\/www.cibercuba.com\/noticias\/2026-04-03-u1-e208487-s27061-nid324873-mucho-viaje-aplausos-oscar-perez-oliva-gestiona\" rel=\"nofollow noopener\" target=\"_blank\"><strong>El ascenso de P\u00e9rez-Oliva<\/strong><\/a> ocurre adem\u00e1s en un momento particularmente delicado para la sucesi\u00f3n pol\u00edtica cubana.<\/p>\n<p><strong>Ra\u00fal Castro<\/strong> conserva una enorme influencia pol\u00edtica pese a no ocupar formalmente la presidencia, mientras <strong>Miguel D\u00edaz-Canel<\/strong> encabeza una estructura sometida a una profunda crisis econ\u00f3mica, energ\u00e9tica y social.<\/p>\n<p>A ello se suma la presi\u00f3n creciente de Estados Unidos y la necesidad del propio r\u00e9gimen de garantizar la continuidad del sistema cuando desaparezca definitivamente la generaci\u00f3n hist\u00f3rica que construy\u00f3 y control\u00f3 sus principales instituciones.<\/p>\n<p>En ese contexto, una figura relativamente joven, con experiencia gubernamental y v\u00ednculos familiares con los Castro podr\u00eda ofrecer al r\u00e9gimen una combinaci\u00f3n atractiva: <strong>renovaci\u00f3n generacional sin ruptura con la continuidad hist\u00f3rica del poder<\/strong>.<\/p>\n<p>Pero precisamente esa continuidad podr\u00eda representar un problema para Washington.<\/p>\n<p>La investigaci\u00f3n del New York Times revela que la administraci\u00f3n Trump est\u00e1 buscando algo diferente.<\/p>\n<p>Washington habr\u00eda pedido a sus agencias de inteligencia identificar a funcionarios actuales o antiguos del r\u00e9gimen cubano que pudieran convertirse en interlocutores pragm\u00e1ticos y asumir responsabilidades de poder si la presi\u00f3n estadounidense provoca una reconfiguraci\u00f3n de la c\u00fapula.<\/p>\n<p><a href=\"https:\/\/www.cibercuba.com\/noticias\/2026-02-07-u1-e207888-s27061-nid320301-quien-sera-delcy-rodriguez-cuba-operador-castrismo\" rel=\"nofollow noopener\" target=\"_blank\"><strong>El modelo que algunos funcionarios tienen en mente es el de Delcy Rodr\u00edguez en Venezuela<\/strong><\/a>.<\/p>\n<p>Despu\u00e9s de la captura de <strong>Nicol\u00e1s Maduro<\/strong> en enero, Rodr\u00edguez asumi\u00f3 como presidenta interina y fue considerada por funcionarios estadounidenses como una figura pragm\u00e1tica capaz de mantener funcionando el aparato estatal mientras colaboraba con Washington.<\/p>\n<p>Trump estar\u00eda buscando en Cuba a <a href=\"https:\/\/www.cibercuba.com\/noticias\/2026-08-08-u1-e207888-s27061-nid337326-trump-busca-modelo-delcy-cuba-inteligencia-eeuu\" rel=\"nofollow noopener\" target=\"_blank\"><strong>alguien capaz de desempe\u00f1ar una funci\u00f3n similar<\/strong><\/a>. Pero el candidato que aparentemente intenta posicionar La Habana no ser\u00eda el que desea Washington.<\/p>\n<p>El Times no explica las razones espec\u00edficas por las que P\u00e9rez-Oliva resultar\u00eda inaceptable para Estados Unidos ni identifica a los funcionarios que sustentan esa valoraci\u00f3n.<\/p>\n<p>La informaci\u00f3n forma parte de una investigaci\u00f3n basada fundamentalmente en funcionarios estadounidenses actuales y anteriores, y personas conocedoras de evaluaciones de inteligencia, cuyas identidades no fueron reveladas.<\/p>\n<p>La situaci\u00f3n plantea una cuesti\u00f3n mucho m\u00e1s profunda que una simple disputa alrededor de un nombre.<\/p>\n<p>La Habana y Washington podr\u00edan estar buscando simult\u00e1neamente <a href=\"https:\/\/www.cibercuba.com\/noticias\/2026-01-08-u1-e13-s27061-nid318100-quien-sera-delcy-cubano-oscar-perez-oliva-fraga\" rel=\"nofollow noopener\" target=\"_blank\"><strong>una figura para el escenario posterior a la actual c\u00fapula<\/strong><\/a>, pero con criterios muy diferentes.<\/p>\n<p>Para el r\u00e9gimen cubano, el objetivo fundamental ser\u00eda preservar la continuidad del sistema y evitar que una sucesi\u00f3n provoque la p\u00e9rdida del control pol\u00edtico.<\/p>\n<p>Para Estados Unidos, seg\u00fan el escenario descrito por el Times, la prioridad ser\u00eda encontrar dentro de las estructuras existentes a alguien suficientemente pragm\u00e1tico para aceptar transformaciones profundas y trabajar con Washington.<\/p>\n<p>En esa b\u00fasqueda estadounidense han aparecido otros nombres sorprendentes.<\/p>\n<p>El Times afirma que <strong><a href=\"https:\/\/www.cibercuba.com\/noticias\/2026-08-08-u1-e207888-s27061-nid337325-cangrejo-jefe-minint-emergen-posibles-figuras\" rel=\"nofollow noopener\" target=\"_blank\">la administraci\u00f3n Trump podr\u00eda estar abierta a Ra\u00fal Guillermo Rodr\u00edguez Castro<\/a>, <\/strong>\u00abEl Cangrejo\u00bb, nieto de Ra\u00fal Castro, mientras que el actual ministro del Interior, <strong>L\u00e1zaro Alberto \u00c1lvarez Casas<\/strong>, tambi\u00e9n podr\u00eda resultar aceptable para funcionarios estadounidenses.<\/p>\n<p>La inc\u00f3gnita es si ese proyecto sucesorio puede prosperar en un escenario donde Estados Unidos pretende tener una influencia decisiva sobre el rumbo de cualquier transici\u00f3n.<\/p>\n","protected":false},"excerpt":{"rendered":"El r\u00e9gimen cubano parece estar impulsando a \u00d3scar P\u00e9rez-Oliva Fraga como potencial sucesor dentro de su estructura de&hellip;\n","protected":false},"author":2,"featured_media":701868,"comment_status":"","ping_status":"","sticky":false,"template":"","format":"standard","meta":{"footnotes":""},"categories":[42],"tags":[80153,17,18,126464,1471,64963,13,14,24076,47839,11,61,2661,62,63,64,19,20,126463,9,10,4360,15,16,126462,24077,89667,13805,82603,12,108369,108009,21,22,65,66,67],"class_list":["post-701867","post","type-post","status-publish","format-standard","has-post-thumbnail","category-internacional","tag-administracion-trump","tag-breaking-news","tag-breakingnews","tag-castrismo","tag-dictadura","tag-dirigentes-cubanos","tag-featured-news","tag-featurednews","tag-fidel-castro","tag-gobierno-cubano","tag-headlines","tag-internacional","tag-internacionales","tag-international","tag-international-news","tag-internationalnews","tag-latest-news","tag-latestnews","tag-ministerio-de-comercio-exterior","tag-news","tag-noticias","tag-noticias-de-cuba","tag-noticias-destacadas","tag-noticiasdestacadas","tag-oscar-perez-oliva-fraga","tag-raul-castro","tag-raul-guillermo-rodriguez-castro","tag-relaciones-bilaterales","tag-relaciones-cuba-estados-unidos","tag-titulares","tag-transicion-cubana","tag-transicion-en-cuba","tag-ultimas-noticias","tag-ultimasnoticias","tag-world","tag-world-news","tag-worldnews"],"share_on_mastodon":{"url":"","error":"Validation failed: Text character limit of 500 exceeded"},"_links":{"self":[{"href":"https:\/\/www.europesays.com\/es\/wp-json\/wp\/v2\/posts\/701867","targetHints":{"allow":["GET"]}}],"collection":[{"href":"https:\/\/www.europesays.com\/es\/wp-json\/wp\/v2\/posts"}],"about":[{"href":"https:\/\/www.europesays.com\/es\/wp-json\/wp\/v2\/types\/post"}],"author":[{"embeddable":true,"href":"https:\/\/www.europesays.com\/es\/wp-json\/wp\/v2\/users\/2"}],"replies":[{"embeddable":true,"href":"https:\/\/www.europesays.com\/es\/wp-json\/wp\/v2\/comments?post=701867"}],"version-history":[{"count":0,"href":"https:\/\/www.europesays.com\/es\/wp-json\/wp\/v2\/posts\/701867\/revisions"}],"wp:featuredmedia":[{"embeddable":true,"href":"https:\/\/www.europesays.com\/es\/wp-json\/wp\/v2\/media\/701868"}],"wp:attachment":[{"href":"https:\/\/www.europesays.com\/es\/wp-json\/wp\/v2\/media?parent=701867"}],"wp:term":[{"taxonomy":"category","embeddable":true,"href":"https:\/\/www.europesays.com\/es\/wp-json\/wp\/v2\/categories?post=701867"},{"taxonomy":"post_tag","embeddable":true,"href":"https:\/\/www.europesays.com\/es\/wp-json\/wp\/v2\/tags?post=701867"}],"curies":[{"name":"wp","href":"https:\/\/api.w.org\/{rel}","templated":true}]}}