{"id":702121,"date":"2026-08-09T05:20:12","date_gmt":"2026-08-09T05:20:12","guid":{"rendered":"https:\/\/www.europesays.com\/es\/702121\/"},"modified":"2026-08-09T05:20:12","modified_gmt":"2026-08-09T05:20:12","slug":"el-exabogado-de-trump-todd-blanche-es-confirmado-como-nuevo-fiscal-general-de-ee-uu","status":"publish","type":"post","link":"https:\/\/www.europesays.com\/es\/702121\/","title":{"rendered":"El exabogado de Trump, Todd Blanche, es confirmado como nuevo fiscal general de EE. UU."},"content":{"rendered":"<p>Un alfil de Trump como fiscal general de <a href=\"https:\/\/www.france24.com\/es\/tag\/estados-unidos\/\" target=\"_self\" class=\"gtm-add-suggested-tag\" rel=\"nofollow noopener\">Estados Unidos<\/a>.\u00a0<\/p>\n<p>Este s\u00e1bado 8 de agosto, el <a href=\"https:\/\/www.france24.com\/es\/tag\/senado\/\" target=\"_self\" class=\"gtm-add-suggested-tag\" rel=\"nofollow noopener\">Senado<\/a> vot\u00f3 a favor de que Todd Blanche, antiguo abogado personal del presidente, se convierta en propiedad como el jefe del <a href=\"https:\/\/www.france24.com\/es\/tag\/departamento-de-justicia\/\" target=\"_self\" class=\"gtm-add-suggested-tag\" rel=\"nofollow noopener\">Departamento de Justicia<\/a>.<\/p>\n<p>La votaci\u00f3n fue estrecha, <strong>con 50 votos a favor y 49 en contra<\/strong>, luego de que varios legisladores del Partido Republicano decidieron sufragar en contra del nominado por la <a href=\"https:\/\/www.france24.com\/es\/tag\/casa-blanca\/\" target=\"_self\" class=\"gtm-add-suggested-tag\" rel=\"nofollow noopener\">Casa Blanca<\/a>.\u00a0<\/p>\n<p><strong>A pesar del apoyo del Ejecutivo, las aspiraciones de Blanche en el Congreso fueron cuestionadas por miembros del oficialismo y la oposici\u00f3n.\u00a0<\/strong><\/p>\n<p>Esto, en parte, gracias a las preocupaciones de los republicanos sobre un controvertido acuerdo en la demanda de Trump contra el Servicio de Impuestos Internos (IRS) antes de llegar a la Casa Blanca.<\/p>\n<p>En consecuencia, para lograr el apoyo necesario para ser el relevo de <a href=\"https:\/\/www.france24.com\/es\/tag\/pam-bondi\/\" target=\"_self\" class=\"gtm-add-suggested-tag\" rel=\"nofollow noopener\">Pam Bondi<\/a>, el exdefensor del mandatario prometi\u00f3 por escrito que limitar\u00eda otra el acuerdo dise\u00f1ado, para proteger a Trump y a su familia de las auditor\u00edas fiscales del IRS.<\/p>\n<p>El nuevo director del ente acusador fue confirmado tras liderar el viernes en Colombia la delegaci\u00f3n estadounidense, que particip\u00f3 en la ceremonia de investidura de Abelardo De la Espriella como nuevo jefe de Estado.\u00a0<\/p>\n<p><strong>Al conocer la noticia, el abogado de 52 a\u00f1os afirm\u00f3 que se siente \u201chonrado\u201d por la confianza que tuvo el presidente, <a href=\"https:\/\/www.france24.com\/es\/tag\/donald-trump\/\" target=\"_self\" class=\"gtm-add-suggested-tag\" rel=\"nofollow noopener\">Donald Trump<\/a>, en \u00e9l.\u00a0<\/strong><\/p>\n<p class=\"o-em-consent__content__text\">Para mostrar este contenido de X (Twitter), debe autorizar las cookies de medici\u00f3n de audiencia y publicidad.<\/p>\n<p>            Aceptar<\/p>\n<p>        Gestionar mis opciones                <\/p>\n<p>     <strong>Las dudas sobre la gesti\u00f3n interina de Blanche<\/strong> <\/p>\n<p>Blanche, quien es el jefe interino del <a href=\"https:\/\/www.france24.com\/es\/tag\/departamento-de-justicia\/\" target=\"_self\" class=\"gtm-add-suggested-tag\" rel=\"nofollow noopener\">Departamento de Justicia<\/a> desde abril, luego de que el presidente despidiera a la antigua poseedora del cargo, Pam Bondi.\u00a0<\/p>\n<p>Tiempo despu\u00e9s, la Casa Blanca opt\u00f3 por nominar al fiscal interino para que ocupara la posici\u00f3n en propiedad.\u00a0<\/p>\n<p><strong>Sin embargo, la gesti\u00f3n del abogado al mando del ente acusador desat\u00f3 cr\u00edticas tanto en dem\u00f3cratas como republicanos.\u00a0<\/strong><\/p>\n<p>En mayo, Blanche anunci\u00f3 la creaci\u00f3n de un fondo de alrededor de 1.800 millones de <a href=\"https:\/\/www.france24.com\/es\/tag\/d\u00f3lares\/\" target=\"_self\" class=\"gtm-add-suggested-tag\" rel=\"nofollow noopener\">d\u00f3lares<\/a> para compensar a personas que, seg\u00fan el Gobierno de Trump, fueron objeto de una persecuci\u00f3n judicial injusta durante la Administraci\u00f3n Biden, incluidos varios de los protagonistas del asalto al Capitolio en 2021.<\/p>\n<p>El fondo, que posteriormente fue suspendido en los tribunales, surgi\u00f3 como parte de un acuerdo con Trump por la demanda que la familia del mandatario interpuso contra el IRS por la divulgaci\u00f3n de documentos fiscales.\u00a0<\/p>\n<p>En consecuencia, varios legisladores del <a href=\"https:\/\/www.france24.com\/es\/tag\/partido-republicano\/\" target=\"_self\" class=\"gtm-add-suggested-tag\" rel=\"nofollow noopener\">Partido Republicano<\/a> exigieron el descarte del fondo y el acuerdo para apoyar la candidatura de Blanche.\u00a0<\/p>\n<p class=\"o-em-consent__content__text\">Para mostrar este contenido de X (Twitter), debe autorizar las cookies de medici\u00f3n de audiencia y publicidad.<\/p>\n<p>            Aceptar<\/p>\n<p>        Gestionar mis opciones                <\/p>\n<p><strong>Votos que fueron cruciales para que el nominado por el presidente lograra vencer este s\u00e1bado en la c\u00e1mara alta.\u00a0<\/strong><\/p>\n<p>Sin embargo, subsisten dudas sobre si ese compromiso es legalmente vinculante y si Trump, quien ha dicho que le \u201cgusta\u201d la idea del fondo, podr\u00eda presionar m\u00e1s adelante a Blanche, para que retome el proyecto con modificaciones.<\/p>\n<p> <strong>De defensor de Trump a jefe de la Fiscal\u00eda<\/strong> <\/p>\n<p>Nacido en Denver, Colorado, en 1974, Blanche inici\u00f3 su carrera como fiscal en el Distrito Sur de <a href=\"https:\/\/www.france24.com\/es\/tag\/nueva-york\/\" target=\"_self\" class=\"gtm-add-suggested-tag\" rel=\"nofollow noopener\">Nueva York<\/a>, para luego edificar una carrera como abogado defensor en casos de alto renombre.<\/p>\n<p><strong>Es as\u00ed como lleg\u00f3 a ser miembro del equipo jur\u00eddico del entonces reconocido empresario, Donald Trump.<\/strong><\/p>\n<p class=\"o-em-consent__content__text\">Para mostrar este contenido de YouTube, debe autorizar las cookies de medici\u00f3n de audiencia y publicidad.<\/p>\n<p>            Aceptar<\/p>\n<p>        Gestionar mis opciones                <\/p>\n<p class=\"o-em-adblock__content__text\">Una extensi\u00f3n de tu navegador parece estar bloqueando la carga del reproductor de video. Para poder ver este contenido, debes desactivarla en este sitio.<\/p>\n<p>            Reintentar<\/p>\n<p><img fetchpriority=\"high\" decoding=\"auto\" src=\"https:\/\/www.europesays.com\/es\/wp-content\/uploads\/2026\/08\/ES-20260808-130806-130957-CS.jpg\"   width=\"1024\" height=\"576\" alt=\"2026-08-08 18:08 Todd Blanche confirmado como fiscal general de Estados Unidos\" loading=\"eager\" class=\"a-img \"\/><\/p>\n<p>    Imagen de portada:            2026-08-08 18:08 Todd Blanche confirmado como fiscal general de Estados Unidos        \u00a9 France 24                            <\/p>\n<p>Blanche estuvo a cargo de defender al hoy jefe de Estado en el juicio por los presuntos pagos irregulares ligados, para intentar silenciar a la actriz de cine para adultos, <a href=\"https:\/\/www.france24.com\/es\/tag\/stormy-daniels\/\" target=\"_self\" class=\"gtm-add-suggested-tag\" rel=\"nofollow noopener\">Stormy Daniels<\/a>.\u00a0<\/p>\n<p>Y adem\u00e1s integr\u00f3 el equipo legal del l\u00edder republicano en los casos federales por posible manejo fraudulento de documentos clasificados y por los intentos de mostrar inconsistencias en los resultados de las elecciones a la Presidencia de 2020.<\/p>\n<p><strong>Gracias a esto los cr\u00edticos de la Administraci\u00f3n Trump han catalogado al nuevo fiscal general de buscar priorizar los intereses personales del presidente por encima del mandato de la buena gesti\u00f3n de ente acusador.<\/strong><\/p>\n<p><img fetchpriority=\"low\" decoding=\"async\" src=\"https:\/\/www.europesays.com\/es\/wp-content\/uploads\/2026\/08\/AP24135491618565.jpg\"   alt=\"El presidente Donald Trump aparece sentado junto a sus abogados Todd Blanche, a la izquierda, y Emil Bove al llegar al tribunal penal de Manhattan para comparecer ante el juez en Nueva York, el martes 14 de mayo de 2024.\" style=\"max-height:567px\" loading=\"lazy\" class=\"a-img \"\/><\/p>\n<p>                El presidente Donald Trump aparece sentado junto a sus abogados Todd Blanche, a la izquierda, y Emil Bove al llegar al tribunal penal de Manhattan para comparecer ante el juez en Nueva York, el martes 14 de mayo de 2024.        \u00a9 AP &#8211; Michael M. Santiago                                        <\/p>\n<p>Un ejemplo de esto es que poco despu\u00e9s de que Blanche asumiera el cargo de forma interina, el Departamento de Justicia inici\u00f3 un proceso contra el exdirector del <a href=\"https:\/\/www.france24.com\/es\/tag\/fbi\/\" target=\"_self\" class=\"gtm-add-suggested-tag\" rel=\"nofollow noopener\">FBI<\/a>, <a href=\"https:\/\/www.france24.com\/es\/tag\/james-comey\/\" target=\"_self\" class=\"gtm-add-suggested-tag\" rel=\"nofollow noopener\">James Comey<\/a>, quien investig\u00f3 a profundidad el actuar de Trump en los disturbios en el Capitolio de 2021.\u00a0<\/p>\n<p>En cuanto a los retos en la gerencia de la entidad, Blanche deber\u00e1 lidiar con los efectos de la renuncia masiva de fiscales, que aseguran que el Departamento de Justicia ya no sigue las normas de independencia establecidas en la legislaci\u00f3n.\u00a0<\/p>\n<p>Asimismo, ha habido cr\u00edticas por priorizar nombramientos pol\u00edticos, que\u00a0 destituyeron a altos funcionarios de carrera considerados reacios a la agenda de Trump,<strong> lo que redujo el personal de las divisiones de derechos civiles y \u00e9tica.<\/strong><\/p>\n<p>En contraposici\u00f3n, el ahora jefe en propiedad del <a href=\"https:\/\/www.france24.com\/es\/tag\/departamento-de-justicia\/\" target=\"_self\" class=\"gtm-add-suggested-tag\" rel=\"nofollow noopener\">Departamento de Justicia<\/a> ha argumentado que ha contribuido a reducir la delincuencia a m\u00ednimos hist\u00f3ricos y a \u201ccorregir\u201d, lo que \u00e9l considera como injusticias cometidas por la administraci\u00f3n Biden contra Trump y sus aliados conservadores y republicanos.\u00a0<\/p>\n<p>Con Reuters, AP y EFE<\/p>\n","protected":false},"excerpt":{"rendered":"Un alfil de Trump como fiscal general de Estados Unidos.\u00a0 Este s\u00e1bado 8 de agosto, el Senado vot\u00f3&hellip;\n","protected":false},"author":2,"featured_media":702122,"comment_status":"","ping_status":"","sticky":false,"template":"","format":"standard","meta":{"footnotes":""},"categories":[5],"tags":[126485,17,18,32714,352,81410,25,24,629,13,14,11,2158,19,20,9,10,15,16,896,18509,91008,37709,6912,23,126484,12,21,22,2558],"class_list":["post-702121","post","type-post","status-publish","format-standard","has-post-thumbnail","category-titulares","tag-asalto-al-capitolio","tag-breaking-news","tag-breakingnews","tag-departamento-de-justicia","tag-donald-trump","tag-ee-uu-y-canada","tag-es","tag-espana","tag-estados-unidos","tag-featured-news","tag-featurednews","tag-headlines","tag-justicia","tag-latest-news","tag-latestnews","tag-news","tag-noticias","tag-noticias-destacadas","tag-noticiasdestacadas","tag-nueva-york","tag-pam-bondi","tag-partido-democrata","tag-partido-republicano","tag-senado","tag-spain","tag-stormy-daniels","tag-titulares","tag-ultimas-noticias","tag-ultimasnoticias","tag-washington-d-c"],"share_on_mastodon":{"url":"","error":"Validation failed: Text character limit of 500 exceeded"},"_links":{"self":[{"href":"https:\/\/www.europesays.com\/es\/wp-json\/wp\/v2\/posts\/702121","targetHints":{"allow":["GET"]}}],"collection":[{"href":"https:\/\/www.europesays.com\/es\/wp-json\/wp\/v2\/posts"}],"about":[{"href":"https:\/\/www.europesays.com\/es\/wp-json\/wp\/v2\/types\/post"}],"author":[{"embeddable":true,"href":"https:\/\/www.europesays.com\/es\/wp-json\/wp\/v2\/users\/2"}],"replies":[{"embeddable":true,"href":"https:\/\/www.europesays.com\/es\/wp-json\/wp\/v2\/comments?post=702121"}],"version-history":[{"count":0,"href":"https:\/\/www.europesays.com\/es\/wp-json\/wp\/v2\/posts\/702121\/revisions"}],"wp:featuredmedia":[{"embeddable":true,"href":"https:\/\/www.europesays.com\/es\/wp-json\/wp\/v2\/media\/702122"}],"wp:attachment":[{"href":"https:\/\/www.europesays.com\/es\/wp-json\/wp\/v2\/media?parent=702121"}],"wp:term":[{"taxonomy":"category","embeddable":true,"href":"https:\/\/www.europesays.com\/es\/wp-json\/wp\/v2\/categories?post=702121"},{"taxonomy":"post_tag","embeddable":true,"href":"https:\/\/www.europesays.com\/es\/wp-json\/wp\/v2\/tags?post=702121"}],"curies":[{"name":"wp","href":"https:\/\/api.w.org\/{rel}","templated":true}]}}