{"id":702167,"date":"2026-08-09T06:07:22","date_gmt":"2026-08-09T06:07:22","guid":{"rendered":"https:\/\/www.europesays.com\/es\/702167\/"},"modified":"2026-08-09T06:07:22","modified_gmt":"2026-08-09T06:07:22","slug":"abascal-pide-activar-el-articulo-102-de-la-constitucion-para-que-el-supremo-procese-a-sanchez-por-traicion-al-estado-en-ceuta","status":"publish","type":"post","link":"https:\/\/www.europesays.com\/es\/702167\/","title":{"rendered":"Abascal pide activar el art\u00edculo 102 de la Constituci\u00f3n para que el Supremo procese a S\u00e1nchez por \u00abtraici\u00f3n\u00bb al Estado en Ceuta"},"content":{"rendered":"<p>                Las claves<\/p>\n<p>\n                    Generado con IA\n                <\/p>\n<p>            <a class=\"key__news__heading--closed-content\" href=\"http:\/\/www.elespanol.com\/suscripciones\/#utm_source=internal&amp;utm_medium=claves\" rel=\"nofollow noopener\" target=\"_blank\"><\/p>\n<p class=\"item--text\">\n                                Santiago Abascal propone activar el art\u00edculo 102 de la Constituci\u00f3n para que el Tribunal Supremo procese a Pedro S\u00e1nchez por presunta traici\u00f3n y delitos contra la Seguridad del Estado durante la crisis migratoria en Ceuta.\n                            <\/p>\n<p class=\"item--text\">\n                                La iniciativa requiere el apoyo de al menos 88 diputados y la aprobaci\u00f3n por mayor\u00eda absoluta en el Congreso; Vox actualmente solo cuenta con 33 esca\u00f1os.\n                            <\/p>\n<p class=\"item--text\">\n                                Abascal acusa al Gobierno de conocer de antemano la entrada de m\u00e1s de 72.000 inmigrantes en Ceuta y considera el episodio como una \u00abguerra h\u00edbrida\u00bb contra Espa\u00f1a.\n                            <\/p>\n<p class=\"item--text\">\n                                Vox exige la desclasificaci\u00f3n y entrega al Congreso de todas las comunicaciones e informes de seguridad relacionados con la crisis de Ceuta.\n                            <\/p>\n<p class=\"paragraph\" id=\"paragraph_1\">El presidente de Vox, <a data-forcefollow=\"false\" data-sponsored=\"false\" href=\"https:\/\/www.elespanol.com\/espana\/politica\/20260802\/abascal-denuncia-crisis-ceuta-acto-guerra-promovido-marruecos-acusa-sanchez-permitirlo\/1003744341808_0.html?utm_cmp_rs=linksinline\" rel=\"nofollow noopener\" target=\"_blank\">Santiago Abascal<\/a>, ha anunciado este s\u00e1bado que impulsar\u00e1 la activaci\u00f3n del art\u00edculo 102 de la Constituci\u00f3n para que el Tribunal Supremo procese a Pedro S\u00e1nchez por presuntos delitos de \u00abtraici\u00f3n\u00bb y contra la Seguridad del Estado, en la crisis de Ceuta.<\/p>\n<p class=\"paragraph\" id=\"paragraph_2\">Este art\u00edculo establece que \u00abla responsabilidad criminal del presidente y los dem\u00e1s miembros del Gobierno ser\u00e1 exigible, en su caso, ante la Sala de lo Penal del Tribunal Supremo\u00bb.<\/p>\n<p class=\"paragraph\" id=\"paragraph_3\">\u00abSi la acusaci\u00f3n fuere por <strong>traici\u00f3n o por cualquier delito contra la seguridad del Estado<\/strong> en el ejercicio de sus funciones\u00bb, a\u00f1ade el citado precepto, \u00abs\u00f3lo podr\u00e1 ser planteada por iniciativa de la cuarta parte de los miembros del Congreso, y con la aprobaci\u00f3n de la mayor\u00eda absoluta del mismo\u00bb.<\/p>\n<p class=\"paragraph\" id=\"paragraph_4\">Por tanto, el plan de Abascal requerir\u00eda de la colaboraci\u00f3n del PP, adem\u00e1s de sumar una mayor\u00eda absoluta que en este momento parece improbable.<\/p>\n<p class=\"paragraph\" id=\"paragraph_5\">La iniciativa <strong>necesita ser impulsada por un m\u00ednimo de 88 diputados<\/strong> y Vox en la actualidad s\u00f3lo tiene 33 en la C\u00e1mara Baja.<\/p>\n<blockquote class=\"twitter-tweet\">\n<p dir=\"ltr\" lang=\"es\">La traici\u00f3n de Pedro S\u00e1nchez a los espa\u00f1oles debe llevarse a los tribunales. <\/p>\n<p>Por ello proponemos activar el procedimiento previsto en el art\u00edculo 102 de la Constituci\u00f3n, que atribuye a la Sala de lo Penal del Tribunal Supremo la competencia para exigir la responsabilidad\u2026<\/p>\n<p>\u2014 Santiago Abascal \ud83c\uddea\ud83c\uddf8 (@Santi_ABASCAL) <a href=\"https:\/\/x.com\/Santi_ABASCAL\/status\/2086149895824589087?ref_src=twsrc%5Etfw\" rel=\"nofollow\">August 8, 2026<\/a><\/p><\/blockquote>\n<p class=\"paragraph\" id=\"paragraph_6\">Incluso aunque el PP se prestara a esta operaci\u00f3n, ambos partidos sumar\u00edan 170 diputados.<\/p>\n<p class=\"paragraph\" id=\"paragraph_7\">Por tanto, requerir\u00edan el apoyo de alg\u00fan socio del Gobierno, o de alg\u00fan partido independentista como Junts, para alcanzar la mayor\u00eda absoluta (176 esca\u00f1os) necesaria para sacar adelante la iniciativa.<\/p>\n<p class=\"paragraph\" id=\"paragraph_8\">\u00abAnte esta situaci\u00f3n, VOX anuncia que pone a sus diputados a disposici\u00f3n de cuantos grupos parlamentarios est\u00e9n dispuestos a promover dicha iniciativa constitucional\u00bb, afirma el partido en un comunicado difundido este s\u00e1bado.<\/p>\n<p class=\"paragraph\" id=\"paragraph_9\">Y hace un \u00abllamamiento expreso al resto de fuerzas pol\u00edticas para que permitan la apertura del procedimiento previsto por la Constituci\u00f3n\u00bb, con el fin de que el Tribunal Supremo determine, tras la correspondiente investigaci\u00f3n, si \u00abexisten responsabilidades penales\u00bb en el presidente o sus ministros.<\/p>\n<p class=\"paragraph\" id=\"paragraph_10\">Abascal fundamenta la acusaci\u00f3n en que \u00abhay indicios y evidencias m\u00e1s que suficientes\u00bb que acreditan que el Gobierno ten\u00eda \u00abconocimiento previo\u00bb de que iba a producirse la invasi\u00f3n a Ceuta, y no actu\u00f3.<\/p>\n<p class=\"paragraph\" id=\"paragraph_11\">Lo ocurrido el pasado d\u00eda 30 en Ceuta, cuando entraron en la ciudad <a data-forcefollow=\"false\" data-sponsored=\"false\" href=\"https:\/\/www.elespanol.com\/espana\/20260804\/marlaska-sube-cifra-migrantes-irregulares-entraron-ceuta-niega-existencia-informes-cni\/1003744343542_0.html?utm_cmp_rs=linksinline\" rel=\"nofollow noopener\" target=\"_blank\">m\u00e1s de 72.000 inmigrantes ilegales<\/a>, \u00abno constituye un fen\u00f3meno migratorio convencional\u00bb, indica Vox, sino \u00ab<strong>un episodio de guerra h\u00edbrida contra Espa\u00f1<\/strong>a, caracterizado por la utilizaci\u00f3n masiva de inmigrantes ilegales como instrumento de presi\u00f3n sobre la soberan\u00eda nacional\u00bb.<\/p>\n<p><img loading=\"lazy\" decoding=\"async\" alt=\"Santiago Abascal, l\u00edder del partido Vox, en Ceuta.\" height=\"240\" src=\"https:\/\/www.europesays.com\/es\/wp-content\/uploads\/2026\/08\/h:240&#038;h=SwViboRt.jpeg\" width=\"320\" data-lazy-status=\"processed\" data-lazy-info=\"remove loading item 1\"\/><\/p>\n<p class=\"paragraph\" id=\"paragraph_12\">Por ello, el partido de Abascal ha reclamado tambi\u00e9n la inmediata desclasificaci\u00f3n y entrega al Congreso de toda la informaci\u00f3n relativa a las comunicaciones mantenidas entre el Gobierno de Espa\u00f1a y las autoridades marroqu\u00edes antes, durante y despu\u00e9s del asalto a la ciudad aut\u00f3noma.<\/p>\n<p class=\"paragraph\" id=\"paragraph_13\">Y tambi\u00e9n <strong>los informes elaborados por el CNI <\/strong>y por otros \u00f3rganos responsables de la seguridad nacional, tanto de naturaleza civil como militar.<\/p>\n<p class=\"paragraph\" id=\"paragraph_14\">\u00abLos espa\u00f1oles tienen derecho a conocer toda la verdad sobre unos hechos que afectan directamente a<strong> la integridad territorial, la seguridad nacional y el control efectivo de las fronteras del Estado<\/strong>\u00ab, se\u00f1ala Vox en un comunicado.<\/p>\n","protected":false},"excerpt":{"rendered":"Las claves Generado con IA Santiago Abascal propone activar el art\u00edculo 102 de la Constituci\u00f3n para que el&hellip;\n","protected":false},"author":2,"featured_media":702168,"comment_status":"","ping_status":"","sticky":false,"template":"","format":"standard","meta":{"footnotes":""},"categories":[5],"tags":[17,18,4486,2163,25,24,13,14,11,19,20,4485,9,10,15,16,2959,952,6914,23,12,4874,21,22],"class_list":["post-702167","post","type-post","status-publish","format-standard","has-post-thumbnail","category-titulares","tag-breaking-news","tag-breakingnews","tag-ceuta","tag-constitucion-espanola","tag-es","tag-espana","tag-featured-news","tag-featurednews","tag-headlines","tag-latest-news","tag-latestnews","tag-marruecos","tag-news","tag-noticias","tag-noticias-destacadas","tag-noticiasdestacadas","tag-pedro-sanchez","tag-politica","tag-santiago-abascal","tag-spain","tag-titulares","tag-tribunal-supremo","tag-ultimas-noticias","tag-ultimasnoticias"],"share_on_mastodon":{"url":"https:\/\/pubeurope.com\/@es\/117064057549300521","error":""},"_links":{"self":[{"href":"https:\/\/www.europesays.com\/es\/wp-json\/wp\/v2\/posts\/702167","targetHints":{"allow":["GET"]}}],"collection":[{"href":"https:\/\/www.europesays.com\/es\/wp-json\/wp\/v2\/posts"}],"about":[{"href":"https:\/\/www.europesays.com\/es\/wp-json\/wp\/v2\/types\/post"}],"author":[{"embeddable":true,"href":"https:\/\/www.europesays.com\/es\/wp-json\/wp\/v2\/users\/2"}],"replies":[{"embeddable":true,"href":"https:\/\/www.europesays.com\/es\/wp-json\/wp\/v2\/comments?post=702167"}],"version-history":[{"count":0,"href":"https:\/\/www.europesays.com\/es\/wp-json\/wp\/v2\/posts\/702167\/revisions"}],"wp:featuredmedia":[{"embeddable":true,"href":"https:\/\/www.europesays.com\/es\/wp-json\/wp\/v2\/media\/702168"}],"wp:attachment":[{"href":"https:\/\/www.europesays.com\/es\/wp-json\/wp\/v2\/media?parent=702167"}],"wp:term":[{"taxonomy":"category","embeddable":true,"href":"https:\/\/www.europesays.com\/es\/wp-json\/wp\/v2\/categories?post=702167"},{"taxonomy":"post_tag","embeddable":true,"href":"https:\/\/www.europesays.com\/es\/wp-json\/wp\/v2\/tags?post=702167"}],"curies":[{"name":"wp","href":"https:\/\/api.w.org\/{rel}","templated":true}]}}