{"id":702187,"date":"2026-08-09T06:27:33","date_gmt":"2026-08-09T06:27:33","guid":{"rendered":"https:\/\/www.europesays.com\/es\/702187\/"},"modified":"2026-08-09T06:27:33","modified_gmt":"2026-08-09T06:27:33","slug":"euskadi-busca-empresarios-para-liderar-las-empresas-estrategicas","status":"publish","type":"post","link":"https:\/\/www.europesays.com\/es\/702187\/","title":{"rendered":"Euskadi busca empresarios para liderar las empresas estrat\u00e9gicas"},"content":{"rendered":"<p style=\"\">El Gobierno Vasco ha movilizado capital para invertir en empresas, las fundaciones bancarias han despertado del letargo para jugar el partido del arraigo y hay  &#8230; recursos en Kutxabank y en el ahorro vasco para participar en la inversi\u00f3n que Europa reclama para su castigada industria. As\u00ed lo demuestra la cascada de operaciones empresariales que se han ido desarrollando en los \u00faltimos cinco a\u00f1os en Euskadi y en las que han jugado un papel relevante inversores vascos para tener influencia, sino el control, en esas firmas. <\/p>\n<p class=\"v-d-p\" style=\"\">En algunos casos, como en Uvesco o en Ayesa, se ha desbancado a gigantes financieros internacionales. En el caso de la marca de los supermercados BM, la v\u00eda liderada por su consejero delegado, \u00c1ngel Jare\u00f1o, se impuso a Carrefour y en el de Ayesa, el consorcio comandado por Indar Kartera gan\u00f3 al todopoderoso Blackstone.<\/p>\n<p class=\"v-d-p\" style=\"\">La cuesti\u00f3n es que hay capital, pero muchas veces la conformaci\u00f3n del consorcio se atasca en el mismo punto: un l\u00edder para la empresa que conozca el sector y la industria en cuesti\u00f3n y que est\u00e9 dispuesto a poner algo de capital junto a su gesti\u00f3n para ser el capit\u00e1n del barco. Como ha dicho en alguna ocasi\u00f3n el consejero de Industria del Gobierno Vasco, Mikel Jauregi, \u00abhacen falta m\u00e1s Jainagas\u00bb. Una frase referenciada al presidente de Sidenor y Talgo que ahora busca crear un grupo industrial adquiriendo la firma navarra Azkoyen por 244 millones.<\/p>\n<p class=\"v-d-p\" style=\"\">Fuentes del sector financiero reconocen que se empieza a dar una omnipresencia de Jainaga. Pero no menos cierto, responden otros, es que cuesta encontrar ese perfil. Por ello, tanto el Ejecutivo, como los diferentes inversores institucionales trabajan en generar esa red. <\/p>\n<p class=\"v-d-p\" style=\"\">Es ah\u00ed donde ha surgido otra figura de extraordinaria relevancia en el conjunto de Espa\u00f1a y que crece ahora en Euskadi.Se trata de D\u00e1maso Quintana. El presidente de Cunext tiene en el Pa\u00eds Vasco diferentes activos. Algunos de ellos, como Vicinay, los ha impulsado salv\u00e1ndolo de la quiebra. Ha refinanciado al hist\u00f3rico fabricante de cadenas vasco y, junto a Haizea Wind \u2013otra de sus empresas, l\u00edder mundial en la fabricaci\u00f3n de monopiles para la e\u00f3lica\u2013, fija las bases de un grupo industrial con gran potencial en la e\u00f3lica marina. En esa apuesta ha participado el Gobierno Vasco con el anuncio de 7,5 millones de inversi\u00f3n para seguir creciendo con m\u00e1s compras.<\/p>\n<ul class=\"v-cmp-rld__u\">\n<li class=\"v-cmp-rld__l\">\n<p><a class=\"v-a-lnk\" href=\"http:\/\/www.diariovasco.com\/economia\/gobierno-vasco-kutxabank-fundaciones-inyectan-2300-millones-20260809071154-nt.html#vtm_modulosEngag=noticiasrelacionadas-cmp-uno:economia:noticia:1\" data-voc-vtm-id=\"in-text-traffic\" rel=\"nofollow noopener\" target=\"_blank\"><br \/>\n<img decoding=\"async\" loading=\"lazy\" src=\"https:\/\/www.europesays.com\/es\/wp-content\/uploads\/2026\/08\/inversion-kEo--366x256@Diario Vasco.jpg\" class=\"v-a-img\" width=\"258\" height=\"180\" alt=\"Gobierno Vasco, Kutxabank y sus fundaciones inyectan 2.300 millones en la industria\"\/><br \/>\n<\/a><\/p>\n<\/li>\n<\/ul>\n<p class=\"v-d-p\" style=\"\">El que fue consejero delegado de Tubacex Jes\u00fas Esmor\u00eds impulsa la configuraci\u00f3n de un grupo industrial con importante presencia en \u00c1lava. Se trata de Sucellos, formado junto a su mujer, Amaia Gorostiza, y los empresarios Jos\u00e9 Barreira y Pablo Vilar. Las empresas que lo conforman suman una facturaci\u00f3n de 300 millones de euros. Supone una plataforma con la que sumar capacidad gestora al plan arraigo.<\/p>\n","protected":false},"excerpt":{"rendered":"El Gobierno Vasco ha movilizado capital para invertir en empresas, las fundaciones bancarias han despertado del letargo para&hellip;\n","protected":false},"author":2,"featured_media":702188,"comment_status":"","ping_status":"","sticky":false,"template":"","format":"standard","meta":{"footnotes":""},"categories":[80],"tags":[331,82,95,94,17505,2308,25,24,94203,5691,16433,23],"class_list":["post-702187","post","type-post","status-publish","format-standard","has-post-thumbnail","category-economia","tag-busca","tag-business","tag-economia","tag-economy","tag-empresarios","tag-empresas","tag-es","tag-espana","tag-estrategicas","tag-euskadi","tag-liderar","tag-spain"],"share_on_mastodon":{"url":"https:\/\/pubeurope.com\/@es\/117064136297127133","error":""},"_links":{"self":[{"href":"https:\/\/www.europesays.com\/es\/wp-json\/wp\/v2\/posts\/702187","targetHints":{"allow":["GET"]}}],"collection":[{"href":"https:\/\/www.europesays.com\/es\/wp-json\/wp\/v2\/posts"}],"about":[{"href":"https:\/\/www.europesays.com\/es\/wp-json\/wp\/v2\/types\/post"}],"author":[{"embeddable":true,"href":"https:\/\/www.europesays.com\/es\/wp-json\/wp\/v2\/users\/2"}],"replies":[{"embeddable":true,"href":"https:\/\/www.europesays.com\/es\/wp-json\/wp\/v2\/comments?post=702187"}],"version-history":[{"count":0,"href":"https:\/\/www.europesays.com\/es\/wp-json\/wp\/v2\/posts\/702187\/revisions"}],"wp:featuredmedia":[{"embeddable":true,"href":"https:\/\/www.europesays.com\/es\/wp-json\/wp\/v2\/media\/702188"}],"wp:attachment":[{"href":"https:\/\/www.europesays.com\/es\/wp-json\/wp\/v2\/media?parent=702187"}],"wp:term":[{"taxonomy":"category","embeddable":true,"href":"https:\/\/www.europesays.com\/es\/wp-json\/wp\/v2\/categories?post=702187"},{"taxonomy":"post_tag","embeddable":true,"href":"https:\/\/www.europesays.com\/es\/wp-json\/wp\/v2\/tags?post=702187"}],"curies":[{"name":"wp","href":"https:\/\/api.w.org\/{rel}","templated":true}]}}