{"id":702315,"date":"2026-08-09T08:14:09","date_gmt":"2026-08-09T08:14:09","guid":{"rendered":"https:\/\/www.europesays.com\/es\/702315\/"},"modified":"2026-08-09T08:14:09","modified_gmt":"2026-08-09T08:14:09","slug":"la-fotografa-lucia-rodriguez-inaugura-la-exposicion-sensaciones-rincones-de-ibiza-en-sant-josep","status":"publish","type":"post","link":"https:\/\/www.europesays.com\/es\/702315\/","title":{"rendered":"La fot\u00f3grafa Luc\u00eda Rodr\u00edguez inaugura la exposici\u00f3n \u00abSensaciones: Rincones de Ibiza\u00bb en Sant Josep"},"content":{"rendered":"<p>Bajo el t\u00edtulo <strong>\u00abSensaciones: Rincones de Ibiza\u00bb<\/strong>, la fot\u00f3grafa Luc\u00eda Rodr\u00edguez ha inaugurado una muestra que invita a redescubrir la esencia m\u00e1s aut\u00e9ntica de la isla. La exposici\u00f3n, organizada en colaboraci\u00f3n con el <strong>Ayuntamiento de <a href=\"https:\/\/www.periodicodeibiza.es\/etiqueta\/sant+josep.html?utm_source=Inline-tag&amp;utm_medium=internal\" rel=\"nofollow noopener\" target=\"_blank\">Sant Josep<\/a><\/strong>, re\u00fane una serie de instant\u00e1neas recopiladas a lo largo de d\u00e9cadas que capturan paisajes, escenas cotidianas y elementos de la cultura popular insular.<\/p>\n<p>La relaci\u00f3n de la autora con Ibiza se remonta a m\u00e1s de treinta a\u00f1os atr\u00e1s, cuando una imagen de Cala d&#8217;Hort encendi\u00f3 su vocaci\u00f3n por la <a href=\"https:\/\/www.periodicodeibiza.es\/etiqueta\/fotograf%C3%ADa.html?utm_source=Inline-tag&amp;utm_medium=internal\" rel=\"nofollow noopener\" target=\"_blank\">fotograf\u00eda<\/a>, heredada de su padre y de su abuelo mediante el uso de c\u00e1maras anal\u00f3gicas. A trav\u00e9s de su objetivo, la muestra recorre enclaves que forman parte de la memoria colectiva \u2014como almendros centenarios ya desaparecidos o los antiguos campos de amapolas de Buscastell\u2014 y establece un di\u00e1logo entre el paisaje y la artesan\u00eda tradicional, incluyendo fotograf\u00edas de sus propias alpargatas hechas a mano e integradas en los rincones de <strong>Sant Agust\u00ed<\/strong>.<\/p>\n<p>La exposici\u00f3n se podr\u00e1 visitar <strong>hasta el pr\u00f3ximo 16 de agosto<\/strong>, en horario <strong>de viernes a domingo, de 19:00 a 21:00 horas<\/strong>, ofreciendo una mirada serena y emotiva que defiende que, tal como expresa la propia autora, \u00abla c\u00e1mara muestra lo que el alma siente\u00bb.<\/p>\n","protected":false},"excerpt":{"rendered":"Bajo el t\u00edtulo \u00abSensaciones: Rincones de Ibiza\u00bb, la fot\u00f3grafa Luc\u00eda Rodr\u00edguez ha inaugurado una muestra que invita a&hellip;\n","protected":false},"author":2,"featured_media":702316,"comment_status":"","ping_status":"","sticky":false,"template":"","format":"standard","meta":{"footnotes":""},"categories":[173],"tags":[6081,5738,229,233,231,230,232,234,146,147,25,24,241,244,6079,6082,6083,126502,67213,23],"class_list":["post-702315","post","type-post","status-publish","format-standard","has-post-thumbnail","category-arte-y-diseno","tag-actualidad-ibiza","tag-al-dia","tag-arte","tag-arte-y-diseno","tag-arts","tag-arts-and-design","tag-design","tag-diseno","tag-entertainment","tag-entretenimiento","tag-es","tag-espana","tag-exposiciones","tag-fotografia","tag-ibiza","tag-informacion-ibiza","tag-lugares-ibiza","tag-que-hacer-en-ibiza","tag-sant-josep","tag-spain"],"share_on_mastodon":{"url":"","error":""},"_links":{"self":[{"href":"https:\/\/www.europesays.com\/es\/wp-json\/wp\/v2\/posts\/702315","targetHints":{"allow":["GET"]}}],"collection":[{"href":"https:\/\/www.europesays.com\/es\/wp-json\/wp\/v2\/posts"}],"about":[{"href":"https:\/\/www.europesays.com\/es\/wp-json\/wp\/v2\/types\/post"}],"author":[{"embeddable":true,"href":"https:\/\/www.europesays.com\/es\/wp-json\/wp\/v2\/users\/2"}],"replies":[{"embeddable":true,"href":"https:\/\/www.europesays.com\/es\/wp-json\/wp\/v2\/comments?post=702315"}],"version-history":[{"count":0,"href":"https:\/\/www.europesays.com\/es\/wp-json\/wp\/v2\/posts\/702315\/revisions"}],"wp:featuredmedia":[{"embeddable":true,"href":"https:\/\/www.europesays.com\/es\/wp-json\/wp\/v2\/media\/702316"}],"wp:attachment":[{"href":"https:\/\/www.europesays.com\/es\/wp-json\/wp\/v2\/media?parent=702315"}],"wp:term":[{"taxonomy":"category","embeddable":true,"href":"https:\/\/www.europesays.com\/es\/wp-json\/wp\/v2\/categories?post=702315"},{"taxonomy":"post_tag","embeddable":true,"href":"https:\/\/www.europesays.com\/es\/wp-json\/wp\/v2\/tags?post=702315"}],"curies":[{"name":"wp","href":"https:\/\/api.w.org\/{rel}","templated":true}]}}