{"id":702403,"date":"2026-08-09T09:22:30","date_gmt":"2026-08-09T09:22:30","guid":{"rendered":"https:\/\/www.europesays.com\/es\/702403\/"},"modified":"2026-08-09T09:22:30","modified_gmt":"2026-08-09T09:22:30","slug":"la-ruta-de-verano-de-ana-soria-en-almeria-visitas-a-la-tasca-de-su-hermano-en-san-jose-y-su-reencuentro-con-enrique-ponce","status":"publish","type":"post","link":"https:\/\/www.europesays.com\/es\/702403\/","title":{"rendered":"La ruta de verano de Ana Soria en Almer\u00eda: visitas a la tasca de su hermano en San Jos\u00e9 y su reencuentro con Enrique Ponce"},"content":{"rendered":"<p id=\"paragraph_1\">Hace unos d\u00edas, <strong>EL ESPA\u00d1OL<\/strong> informaba que este verano de 2026 est\u00e1 siendo muy <strong>diferente y at\u00edpico<\/strong> para la pareja formada por <a data-forcefollow=\"false\" data-sponsored=\"false\" href=\"https:\/\/www.elespanol.com\/corazon\/famosos\/20251022\/ana-soria-crea-empresa-enfocada-restauracion-administradores-ausencia-enrique-ponce\/1003743979012_0.html?utm_cmp_rs=linksinline\" rel=\"nofollow noopener\" target=\"_blank\"><strong>Enrique Ponce<\/strong><\/a><strong> <\/strong>(54 a\u00f1os) y<strong> Ana Soria<\/strong> (27). Nunca hasta ahora hab\u00edan estado los enamorados tan alejados f\u00edsicamente.<\/p>\n<p class=\"paragraph\" id=\"paragraph_2\">La raz\u00f3n no es otra que por motivos profesionales, pues el diestro est\u00e1 ejerciendo de apoderado de <strong>David de Miranda<\/strong> (32), y eso le hace viajar de \u00ab<strong>plaza en plaza<\/strong>\u00ab, como lo expres\u00f3 una fuente a este medio. Esta realidad ha dejado a la dupla casi <strong>sin tiempo para verse<\/strong>. <\/p>\n<p class=\"paragraph\" id=\"paragraph_3\">Desde que se oficializ\u00f3 su historia de amor en 2020, Enrique y Ana <strong>apenas si han hecho planes de asueto por separado<\/strong>, m\u00e1s all\u00e1 de las obligaciones personales y familiares de cada uno. Pero el trabajo manda, y Enrique, pese a todo, est\u00e1 feliz e ilusionado. <\/p>\n<p><img loading=\"lazy\" decoding=\"async\" alt=\"Ana Soria crea una empresa enfocada en la restauraci\u00f3n: los otros dos administradores y la ausencia de Enrique Ponce\" height=\"240\" src=\"https:\/\/www.europesays.com\/es\/wp-content\/uploads\/2026\/08\/h:240&#038;h=EMxY2X3f.jpeg\" width=\"320\" data-lazy-status=\"processed\" data-lazy-info=\"remove loading item 1\"\/><\/p>\n<p><img decoding=\"async\" alt=\"Ana y Enrique, a bordo de un barco en Almer\u00eda, en 2021.\" data-imgm=\"true\" height=\"960\" loading=\"lazy\"  src=\"https:\/\/www.europesays.com\/es\/wp-content\/uploads\/2026\/08\/h:960&#038;h=t9FTqsP6.jpeg\"  width=\"1706\"\/><\/p>\n<p>                                                            Ana y Enrique, a bordo de un barco en Almer\u00eda, en 2021.<\/p>\n<p>                    Gtres<\/p>\n<p class=\"paragraph\" id=\"paragraph_4\">As\u00ed lo hizo constar a este medio una persona muy pr\u00f3xima al torero. Ser apoderado, haber podido hacer realidad esta flamante etapa, tras despedirse de los toros de forma oficial, ha sido un <strong>revulsivo importante para su \u00e1nimo<\/strong>. Ana lo apoya \u00abal 200 por 100\u00bb, conf\u00eda un informante. <\/p>\n<p class=\"paragraph\" id=\"paragraph_5\">No hay drama ni problema alguno en este tiempo de distanciamiento. \u00ab<strong>Lo llevan muy bien<\/strong>, no queda otra. <strong>La pareja del torero sabe que esto es as\u00ed<\/strong>. Hablan mucho, se hacen videollamadas, hay una comunicaci\u00f3n constante entre ellos\u00bb, se sigue compartiendo.  <\/p>\n<p class=\"paragraph\" id=\"paragraph_6\">Un buen amigo de Enrique desea aclarar a EL ESPA\u00d1OL que la ausencia de Soria en estos d\u00edas en los que Enrique ejerce de apoderado es algo muy frecuente, nada extraordinario: \u00ab<strong>Lo raro es que la pareja acompa\u00f1e al apoderado<\/strong>.<strong> Nunca pasa eso<\/strong>.<strong> Ha sido as\u00ed siempre<\/strong>\u00ab. <\/p>\n<p class=\"paragraph\" id=\"paragraph_7\">La salud de la pareja, por tanto, aclaran e insisten, es buena:<strong> ellos est\u00e1n bien<\/strong>, como siempre. Ni una sola fisura existe en su amor. Lo que s\u00ed es verdad es que Enrique hace una vida lejos de Almer\u00eda. Desde hace \u00ab<strong>much\u00edsimo<\/strong>\u00bb no se le ve por tierras andaluzas. <\/p>\n<p><img decoding=\"async\" alt=\"Enrique y Ana, a bordo de un barco, en Almer\u00eda.\" data-imgm=\"true\" height=\"1706\" loading=\"lazy\"  src=\"https:\/\/www.europesays.com\/es\/wp-content\/uploads\/2026\/08\/h:1706&#038;h=7CQp4ZBW.jpeg\"  width=\"960\"\/><\/p>\n<p>                                                            Enrique y Ana, a bordo de un barco, en Almer\u00eda.<\/p>\n<p>                    Gtres<\/p>\n<p class=\"paragraph\" id=\"paragraph_8\">Una de las personas que informan a este medio desliza lo que sigue en un momento dado de la conversaci\u00f3n: \u00abEn estos d\u00edas donde Ponce est\u00e1 de apoderado no todo es trabajo. Hay tiempo para estar con amigos, cenan,<strong> van a<\/strong> <strong>espect\u00e1culos flamencos<\/strong>\u00ab.<\/p>\n<p class=\"paragraph\" id=\"paragraph_9\">\u00bfCu\u00e1ndo se van a reencontrar Ana y Enrique? Si hace unos d\u00edas EL ESPA\u00d1OL apuntaba que la agenda del diestro en agosto estaba <strong>apretad\u00edsima<\/strong>, ahora se hace ver que la pareja se podr\u00e1 ver y ser\u00e1 en <strong>Ja\u00e9n<\/strong>, en la finca<strong> La Cetrina<\/strong>. <\/p>\n<p class=\"paragraph\" id=\"paragraph_10\">En breve, el torero dispondr\u00e1 de unos d\u00edas libres -en realidad, pocos-, y, <strong>entre otros reencuentros familiares<\/strong>, disfrutar\u00e1 junto a su raz\u00f3n de amor. <\/p>\n<p class=\"paragraph\" id=\"paragraph_11\">Y mientras Ponce cumple con sus obligaciones, \u00bfqu\u00e9 tal est\u00e1 Ana y d\u00f3nde? Pues de acuerdo a los datos que controla este peri\u00f3dico, la joven abogada est\u00e1 disfrutando del per\u00edodo estival en Almer\u00eda, de playa en playa, <strong>visitando calas<\/strong>, de cenas y tost\u00e1ndose al sol. <\/p>\n<p class=\"paragraph\" id=\"paragraph_12\">Tambi\u00e9n aprovecha Ana estas semanas de descanso para estar con su familia y, de paso, apoyar a su hermano, Jos\u00e9, en su nuevo proyecto hostelero. El joven ha abierto una tasca junto a dos socios m\u00e1s, en San Jos\u00e9, en Almer\u00eda. Los Soria Moreno <strong>van mucho por all\u00ed<\/strong>. <\/p>\n<p class=\"paragraph\" id=\"paragraph_13\">El local -cuyo nombre se ha pedido a este medio que no trascienda, porque la familia as\u00ed lo prefiere- ha tenido una gran acogida. \u00abSe come fant\u00e1sticamente bien, y <strong>hay un ambiente muy <\/strong><strong>apa\u00f1ao<\/strong>\u00ab, explica quien lo ha visitado. <\/p>\n<p class=\"paragraph\" id=\"paragraph_14\">Ana Soria, recuerdan al periodista que escribe este art\u00edculo,<strong> tambi\u00e9n iba a participar activamente en este proyecto<\/strong>. De hecho, figur\u00f3 en la creaci\u00f3n de una sociedad para tal menester de restauraci\u00f3n, <strong>Grupo Soria y Martul S<\/strong>.<strong>L<\/strong>.<\/p>\n<p><img decoding=\"async\" alt=\"La pareja paseando por Almer\u00eda, en una imagen de archivo.\" data-imgm=\"true\" height=\"960\" loading=\"lazy\"  src=\"https:\/\/www.europesays.com\/es\/wp-content\/uploads\/2026\/08\/h:960&#038;h=dnWurDAm.jpeg\"  width=\"1706\"\/><\/p>\n<p>                                                            La pareja paseando por Almer\u00eda, en una imagen de archivo.<\/p>\n<p>                    Gtres<\/p>\n<p class=\"paragraph\" id=\"paragraph_15\">Se constituy\u00f3, tal y como arrojan los datos facilitados por Informa, el 3 de julio de 2025. Es decir, el pasado verano.<\/p>\n<p class=\"paragraph\" id=\"paragraph_16\">El objeto social es \u00ab<strong>la prestaci\u00f3n<\/strong>, <strong>gesti\u00f3n y explotaci\u00f3n de la actividad de restauraci\u00f3n y cocina en restaurantes<\/strong>, cafeter\u00edas y bares en toda clase de establecimientos incluso al aire libre en r\u00e9gimen de concesi\u00f3n y \/o franquicia\u00bb.<\/p>\n<p class=\"paragraph\" id=\"paragraph_17\">Antes de darse de baja de la sociedad, la hija del respetado abogado almeriense <strong>Federico Soria<\/strong> (70) aparec\u00eda, en el apartado de Estructura Corporativa, junto a dos personas m\u00e1s.<\/p>\n<p class=\"paragraph\" id=\"paragraph_18\">Por un lado, figura el hermano de la flamante abogada, <strong>Jos\u00e9 Soria<\/strong>; por otro, un joven llamado <strong>C\u00e9sar<\/strong>, que vive en Almer\u00eda -donde est\u00e1 el domicilio fiscal de la empresa-, y tambi\u00e9n ha estudiado Derecho, como Ana Soria, en esta ocasi\u00f3n en la Universidad de Navarra.<\/p>\n<p>La otra pasi\u00f3n de Jos\u00e9 Soria<\/p>\n<p class=\"paragraph\" id=\"paragraph_19\"><strong>Jos\u00e9 Soria Moreno<\/strong>, el hermano menor de Ana, am\u00e9n de la abogac\u00eda -estudia la misma carrera que su hermana- y de la restauraci\u00f3n, tambi\u00e9n siente devoci\u00f3n por la <strong>tauromaquia<\/strong>. <\/p>\n<p class=\"paragraph\" id=\"paragraph_20\">Fue <strong>Federico Soria<\/strong>, un conocido abogado mercantilista de la ciudad andaluza, padre de Ana y Jos\u00e9, quienes les inculc\u00f3 esta pasi\u00f3n por el toro. <\/p>\n<p><img decoding=\"async\" alt=\"Enrique Ponce junto a Jos\u00e9 Soria en una imagen 'colgada' en las redes social de Ana.\" data-imgm=\"true\" height=\"1706\" loading=\"lazy\"  src=\"https:\/\/www.europesays.com\/es\/wp-content\/uploads\/2026\/08\/h:1706&#038;h=B0xP0VMa.jpeg\"  width=\"960\"\/><\/p>\n<p>                                                            Enrique Ponce junto a Jos\u00e9 Soria en una imagen &#8216;colgada&#8217; en las redes social de Ana.<\/p>\n<p>                    RRSS<\/p>\n<p class=\"paragraph\" id=\"paragraph_21\">Desde bien peque\u00f1os han acompa\u00f1ado a su padre Federico a muchas corridas de toros, \u00abno s\u00f3lo aqu\u00ed en Almer\u00eda, tambi\u00e9n en Las Ventas\u00bb, inform\u00f3 una persona muy pr\u00f3xima a la familia tiempo atr\u00e1s.<\/p>\n<p class=\"paragraph\" id=\"paragraph_22\">\u00abDesde chico dijo que \u00e9l quer\u00eda ser torero, luego lo ha ido compaginando con sus estudios y esa fijaci\u00f3n fue cambiando. <strong>Tambi\u00e9n con la edad se cambia de objetivos<\/strong>,<strong> <\/strong><strong>es normal<\/strong>\u00ab, a\u00f1adi\u00f3 este informante. <\/p>\n<p class=\"paragraph\" id=\"paragraph_23\">En esa l\u00ednea, se inform\u00f3 de que la figura de Enrique Ponce ha sido clave para la formaci\u00f3n y el desarrollo de la pasi\u00f3n de Jos\u00e9 Soria. <\/p>\n<p class=\"paragraph\" id=\"paragraph_24\">Enrique \u00able ha dado como clases y<strong> <\/strong><strong>hablan mucho del toro<\/strong>\u00ab, se detall\u00f3 a EL ESPA\u00d1OL hace un tiempo, para a\u00f1adir: \u00abGracias a Jose -su entorno lo llama sin acento-, Ponce ha podido disfrutar de su profesi\u00f3n en Almer\u00eda,<strong> <\/strong><strong>a puerta cerrada<\/strong>. Le ha dado buenos consejos\u00bb. <\/p>\n","protected":false},"excerpt":{"rendered":"Hace unos d\u00edas, EL ESPA\u00d1OL informaba que este verano de 2026 est\u00e1 siendo muy diferente y at\u00edpico para&hellip;\n","protected":false},"author":2,"featured_media":702404,"comment_status":"","ping_status":"","sticky":false,"template":"","format":"standard","meta":{"footnotes":""},"categories":[174],"tags":[126512,1733,35187,255,27080,146,147,25,24,256,23,444,1793],"class_list":["post-702403","post","type-post","status-publish","format-standard","has-post-thumbnail","category-famosos","tag-almeriaprovi","tag-amor","tag-ana-soria","tag-celebrities","tag-enrique-ponce","tag-entertainment","tag-entretenimiento","tag-es","tag-espana","tag-famosos","tag-spain","tag-toros","tag-verano"],"share_on_mastodon":{"url":"https:\/\/pubeurope.com\/@es\/117064824775586804","error":""},"_links":{"self":[{"href":"https:\/\/www.europesays.com\/es\/wp-json\/wp\/v2\/posts\/702403","targetHints":{"allow":["GET"]}}],"collection":[{"href":"https:\/\/www.europesays.com\/es\/wp-json\/wp\/v2\/posts"}],"about":[{"href":"https:\/\/www.europesays.com\/es\/wp-json\/wp\/v2\/types\/post"}],"author":[{"embeddable":true,"href":"https:\/\/www.europesays.com\/es\/wp-json\/wp\/v2\/users\/2"}],"replies":[{"embeddable":true,"href":"https:\/\/www.europesays.com\/es\/wp-json\/wp\/v2\/comments?post=702403"}],"version-history":[{"count":0,"href":"https:\/\/www.europesays.com\/es\/wp-json\/wp\/v2\/posts\/702403\/revisions"}],"wp:featuredmedia":[{"embeddable":true,"href":"https:\/\/www.europesays.com\/es\/wp-json\/wp\/v2\/media\/702404"}],"wp:attachment":[{"href":"https:\/\/www.europesays.com\/es\/wp-json\/wp\/v2\/media?parent=702403"}],"wp:term":[{"taxonomy":"category","embeddable":true,"href":"https:\/\/www.europesays.com\/es\/wp-json\/wp\/v2\/categories?post=702403"},{"taxonomy":"post_tag","embeddable":true,"href":"https:\/\/www.europesays.com\/es\/wp-json\/wp\/v2\/tags?post=702403"}],"curies":[{"name":"wp","href":"https:\/\/api.w.org\/{rel}","templated":true}]}}