{"id":702528,"date":"2026-08-09T10:56:13","date_gmt":"2026-08-09T10:56:13","guid":{"rendered":"https:\/\/www.europesays.com\/es\/702528\/"},"modified":"2026-08-09T10:56:13","modified_gmt":"2026-08-09T10:56:13","slug":"el-resurgir-de-un-pintor","status":"publish","type":"post","link":"https:\/\/www.europesays.com\/es\/702528\/","title":{"rendered":"El resurgir de un pintor"},"content":{"rendered":"<p>Pintar la Catedral ha sido un punto de inflexi\u00f3n en la trayectoria de Fran Herreros. El enorme esfuerzo f\u00edsico y mental que le supuso dedicar a\u00f1o y medio a recrear in situ el templo g\u00f3tico, dej\u00f3 huella en el artista burgal\u00e9s. \u00abHa sido el proyecto m\u00e1s importante de mi vida, pero me dej\u00f3 exhausto y tuve que parar para descansar\u00bb, repasa medio a\u00f1o despu\u00e9s de clausurar la exposici\u00f3n que dio por terminado un ciclo. La intensidad de aquel trabajo le hizo, incluso, plantearse la pintura de otra manera. \u00abDespu\u00e9s de la Catedral se puso en contacto conmigo mucha gente y he dicho que no a muchas cosas porque fue tremendamente duro\u00bb. Pero una vez recuperadas las fuerzas, su trazo vuelve a estar ah\u00ed \u00a0para dar forma a nuevos retos.<\/p>\n<p>Uno de ellos tiene que ver con la intervenci\u00f3n en el interior de un edificio de viviendas de Soria. De la mano de la constructora Grupo Herce ha puesto color al portal de tres escaleras, siguiendo la estela que hizo hace dos a\u00f1os con los mismos promotores. Entonces hizo algo abstracto, pero est\u00e1 vez el planteamiento ha sido otro: \u00abQuer\u00edan algo m\u00e1s especial, de Soria, y de momento he hecho tres murales que han sido una verdadera locura. He pintado la Laguna Negra, los Arcos de San Juan de Duero y El \u00e1rbol de la M\u00fasica. Han sido 16 d\u00edas &#8216;conviviendo&#8217; con los vecinos, que me acompa\u00f1aban con un caf\u00e9 o conversaci\u00f3n, para que el trabajo fuera m\u00e1s liviano\u00bb, repasa.<\/p>\n<p>La forma de pintarlos no tiene nada que ver con el mural que realiz\u00f3 en 2019 en el exterior de la Catedral, durante la restauraci\u00f3n en Pellejer\u00eda del trasaltar del templo. \u00a0\u00abAquello lo \u00a0hice con spray y tuve ayudantes. Esto lo he hecho con pinturas acr\u00edlicas para pared, con idea de darle un toque m\u00e1s pict\u00f3rico. Creo que, aunque sea un concepto figurativo, se nota la expresividad de mi trazo\u00bb, admite recordando que son tres murales de diez metros de largo por tres de alto.\u00a0<\/p>\n<p>El pintor burgal\u00e9s tampoco es completamente ajeno a esto de &#8216;decorar&#8217; inmuebles, ya que lleva muchos a\u00f1os colaborando con una cadena hotelera con peque\u00f1os cuadros que cuelgan de sus paredes. \u00abEsto es otra cosa. Es una intervenci\u00f3n en toda regla que creo que es algo que no se suele hacer en este tipo de edificios. A m\u00ed me parece muy bonito porque los vecinos han visto c\u00f3mo se iba creando la obra y luego siguen conviviendo con ella\u00bb.<\/p>\n<p>El constructor Eduardo Rubio tiene muy claro que este tipo de obras dan un plus al inmueble: \u00abLa idea la tuvimos porque son zonas del edificio que quedan un poco desamparadas, de las que dices, &#8216;ostras, aqu\u00ed falta algo&#8217;. A Fran le conoc\u00edamos por \u00a0lo que hace, porque tambi\u00e9n trabajamos en Burgos y conocemos su obra. Y nos pareci\u00f3 una buena idea dotar a estas viviendas de un atractivo para que el cliente, que es la persona que va a vivir ah\u00ed, sienta el espacio confortable\u00bb.<\/p>\n<p>\u00abLa primera vez que contamos con \u00e9l, hace un par de a\u00f1os, era otro tipo de pintura. Pero para este edificio de 90 viviendas con tres portales o tres escaleras, al ser tan grande, hemos pensado que ser\u00eda mejor algo relacionado con su entorno\u00bb, a\u00f1ade.<\/p>\n<p>El resultado est\u00e1 siendo altamente satisfactoria para todas las partes: \u00abLa gente est\u00e1 entusiasmada. De verdad; ha dejado huella\u00bb, afirma Rubio. Para Herreros, adem\u00e1s, es la prueba de que el artista ha regresado a la pintura, ha recuperado la ilusi\u00f3n y se siente en plena forma: \u00abDesde hace un tiempo estoy otra vez a tope, estoy a gusto pintando\u00bb.<\/p>\n","protected":false},"excerpt":{"rendered":"Pintar la Catedral ha sido un punto de inflexi\u00f3n en la trayectoria de Fran Herreros. El enorme esfuerzo&hellip;\n","protected":false},"author":2,"featured_media":702529,"comment_status":"","ping_status":"","sticky":false,"template":"","format":"standard","meta":{"footnotes":""},"categories":[173],"tags":[126523,126524,229,233,231,230,623,232,234,146,147,25,24,241,18846,246,23],"class_list":["post-702528","post","type-post","status-publish","format-standard","has-post-thumbnail","category-arte-y-diseno","tag-arbol-de-la-musica","tag-arcos-de-san-juan-de-duero","tag-arte","tag-arte-y-diseno","tag-arts","tag-arts-and-design","tag-burgos","tag-design","tag-diseno","tag-entertainment","tag-entretenimiento","tag-es","tag-espana","tag-exposiciones","tag-laguna-negra","tag-soria","tag-spain"],"share_on_mastodon":{"url":"https:\/\/pubeurope.com\/@es\/117065193038604059","error":""},"_links":{"self":[{"href":"https:\/\/www.europesays.com\/es\/wp-json\/wp\/v2\/posts\/702528","targetHints":{"allow":["GET"]}}],"collection":[{"href":"https:\/\/www.europesays.com\/es\/wp-json\/wp\/v2\/posts"}],"about":[{"href":"https:\/\/www.europesays.com\/es\/wp-json\/wp\/v2\/types\/post"}],"author":[{"embeddable":true,"href":"https:\/\/www.europesays.com\/es\/wp-json\/wp\/v2\/users\/2"}],"replies":[{"embeddable":true,"href":"https:\/\/www.europesays.com\/es\/wp-json\/wp\/v2\/comments?post=702528"}],"version-history":[{"count":0,"href":"https:\/\/www.europesays.com\/es\/wp-json\/wp\/v2\/posts\/702528\/revisions"}],"wp:featuredmedia":[{"embeddable":true,"href":"https:\/\/www.europesays.com\/es\/wp-json\/wp\/v2\/media\/702529"}],"wp:attachment":[{"href":"https:\/\/www.europesays.com\/es\/wp-json\/wp\/v2\/media?parent=702528"}],"wp:term":[{"taxonomy":"category","embeddable":true,"href":"https:\/\/www.europesays.com\/es\/wp-json\/wp\/v2\/categories?post=702528"},{"taxonomy":"post_tag","embeddable":true,"href":"https:\/\/www.europesays.com\/es\/wp-json\/wp\/v2\/tags?post=702528"}],"curies":[{"name":"wp","href":"https:\/\/api.w.org\/{rel}","templated":true}]}}