{"id":702732,"date":"2026-08-09T13:40:16","date_gmt":"2026-08-09T13:40:16","guid":{"rendered":"https:\/\/www.europesays.com\/es\/702732\/"},"modified":"2026-08-09T13:40:16","modified_gmt":"2026-08-09T13:40:16","slug":"la-ud-logrones-remata-una-semana-perfecta-en-haro","status":"publish","type":"post","link":"https:\/\/www.europesays.com\/es\/702732\/","title":{"rendered":"La UD Logro\u00f1\u00e9s remata una semana perfecta en Haro"},"content":{"rendered":"<p><a href=\"#\" onclick=\"window.open('https:\/\/www.facebook.com\/sharer.php?u=https:\/\/nuevecuatrouno.com\/2026\/08\/09\/la-ud-logrones-remata-una-semana-perfecta-en-haro\/&amp;t=La UD Logro\u00f1\u00e9s remata una semana perfecta con un 0-3 en Haro', 'facebookShare', 'width=626,height=436'); return false;\" title=\"Facebook\"><\/p>\n<p>COMPARTE<\/p>\n<p><\/a><br \/>\n<a href=\"#\" onclick=\"window.open('https:\/\/x.com\/share?text=La UD Logro\u00f1\u00e9s remata una semana perfecta con un 0-3 en Haro -&amp;url=https:\/\/nuevecuatrouno.com\/2026\/08\/09\/la-ud-logrones-remata-una-semana-perfecta-en-haro\/', 'twitterShare', 'width=626,height=436'); return false;\" title=\"X\"><img decoding=\"async\" src=\"https:\/\/www.europesays.com\/es\/wp-content\/uploads\/2026\/08\/1786282815_668_x-twitter-art.png\" style=\"padding-top: 6px;\"\/>POSTEA<\/a><br \/>\n<a href=\"whatsapp:\/\/send?text=La UD Logro\u00f1\u00e9s remata una semana perfecta con un 0-3 en Haro https:\/\/nuevecuatrouno.com\/2026\/08\/09\/la-ud-logrones-remata-una-semana-perfecta-en-haro\/\" rel=\"nofollow\"><\/p>\n<p>WHATSAPP<\/p>\n<p><\/a><br \/>\n<a href=\"http:\/\/nuevecuatrouno.com\/cdn-cgi\/l\/email-protection#2e115d5b4c444b4d5a13624f0e7b6a0e6241495c41ed9fed875d0e5c4b434f5a4f0e5b404f0e5d4b434f404f0e5e4b5c484b4d5a4f0e4d41400e5b400e1e031d0e4b400e664f5c41084f435e156c616a7713ec917f5bed870e58474a4f110e664b0e58475d5a410e4b5d5a4b0e4f5c5aed834d5b42410e4b400e405b4b584b4d5b4f5a5c415b4041004d41430e570e4d5c4b410e5f5b4b0e5a4b0e5e5b4b4a4b0e47405a4b5c4b5d4f5c140e465a5a5e5d140101405b4b584b4d5b4f5a5c415b4041004d4143011c1e1c18011e16011e1701424f035b4a034241495c41404b5d035c4b434f5a4f035b404f035d4b434f404f035e4b5c484b4d5a4f034b4003464f5c4101\" rel=\"nofollow noopener\" target=\"_blank\"><\/p>\n<p>Email<\/p>\n<p><\/a><\/p>\n<p>La UD Logro\u00f1\u00e9s ha cerrado este domingo una semana intensa de trabajo con otra victoria. El conjunto de Unai Mendia se ha impuesto por 0-3 al Haro Deportivo en el Luis de la Fuente y mantiene as\u00ed su buena din\u00e1mica en una pretemporada que, por ahora, est\u00e1 dejando resultados y sensaciones positivas de cara al regreso a Primera Federaci\u00f3n.<\/p>\n<p>El partido ha servido de nuevo para repartir minutos, probar alternativas y seguir ajustando piezas. La UDL ha conseguido ponerse por delante y ha sabido controlar despu\u00e9s el encuentro ante un Haro que tambi\u00e9n contin\u00faa afinando su preparaci\u00f3n. Baselga y Santana han firmado dos de los tantos que han encarrilado el triunfo blanquirrojo.<\/p>\n<p>Con el partido ya avanzado, Mendia ha seguido moviendo el banquillo. En el minuto 62 han entrado Dani Mart\u00ednez, Bello y David Amigo en sustituci\u00f3n de Asenjo, Chinedu y Baselga. <\/p>\n<p>Poco despu\u00e9s ha llegado otro golpe de la UDL. En el minuto 81, Santana ha enviado un buen centro al \u00e1rea y David Amigo lo ha aprovechado para marcar. El atacante vuelve as\u00ed a ver porter\u00eda despu\u00e9s de haber anotado tambi\u00e9n este s\u00e1bado en la goleada por 4-0 frente al Eibar B. El marcador acabar\u00eda alcanzando el 0-3 definitivo.<\/p>\n<p>La victoria pone el broche a un fin de semana exigente y prolonga las buenas se\u00f1ales de una UD Logro\u00f1\u00e9s que contin\u00faa acumulando triunfos durante el verano. Despu\u00e9s de imponerse al N\u00e1xara, al Huesca, al Eibar B y ahora al Haro, el equipo sigue creciendo con la vista puesta en lo importante: el estreno liguero del 31 de agosto ante el Extremadura en Las Gaunas, cuando comenzar\u00e1 de verdad el regreso blanquirrojo a Primera Federaci\u00f3n.<\/p>\n<p><img decoding=\"async\" src=\"https:\/\/www.europesays.com\/es\/wp-content\/uploads\/2026\/08\/1786282816_331_cabecera-nuevecuatrouno-2026.png\"\/><\/p>\n","protected":false},"excerpt":{"rendered":"COMPARTE POSTEA WHATSAPP Email La UD Logro\u00f1\u00e9s ha cerrado este domingo una semana intensa de trabajo con otra&hellip;\n","protected":false},"author":2,"featured_media":702733,"comment_status":"","ping_status":"","sticky":false,"template":"","format":"standard","meta":{"footnotes":""},"categories":[268],"tags":[808,168,25,24,280,282,126548,281,23,167,104405],"class_list":["post-702732","post","type-post","status-publish","format-standard","has-post-thumbnail","category-futbol","tag-ahora","tag-deportes","tag-es","tag-espana","tag-football","tag-futbol","tag-haro-deportivo","tag-soccer","tag-spain","tag-sports","tag-ud-logrones"],"share_on_mastodon":{"url":"https:\/\/pubeurope.com\/@es\/117065838938384683","error":""},"_links":{"self":[{"href":"https:\/\/www.europesays.com\/es\/wp-json\/wp\/v2\/posts\/702732","targetHints":{"allow":["GET"]}}],"collection":[{"href":"https:\/\/www.europesays.com\/es\/wp-json\/wp\/v2\/posts"}],"about":[{"href":"https:\/\/www.europesays.com\/es\/wp-json\/wp\/v2\/types\/post"}],"author":[{"embeddable":true,"href":"https:\/\/www.europesays.com\/es\/wp-json\/wp\/v2\/users\/2"}],"replies":[{"embeddable":true,"href":"https:\/\/www.europesays.com\/es\/wp-json\/wp\/v2\/comments?post=702732"}],"version-history":[{"count":0,"href":"https:\/\/www.europesays.com\/es\/wp-json\/wp\/v2\/posts\/702732\/revisions"}],"wp:featuredmedia":[{"embeddable":true,"href":"https:\/\/www.europesays.com\/es\/wp-json\/wp\/v2\/media\/702733"}],"wp:attachment":[{"href":"https:\/\/www.europesays.com\/es\/wp-json\/wp\/v2\/media?parent=702732"}],"wp:term":[{"taxonomy":"category","embeddable":true,"href":"https:\/\/www.europesays.com\/es\/wp-json\/wp\/v2\/categories?post=702732"},{"taxonomy":"post_tag","embeddable":true,"href":"https:\/\/www.europesays.com\/es\/wp-json\/wp\/v2\/tags?post=702732"}],"curies":[{"name":"wp","href":"https:\/\/api.w.org\/{rel}","templated":true}]}}