{"id":702766,"date":"2026-08-09T14:10:23","date_gmt":"2026-08-09T14:10:23","guid":{"rendered":"https:\/\/www.europesays.com\/es\/702766\/"},"modified":"2026-08-09T14:10:23","modified_gmt":"2026-08-09T14:10:23","slug":"raul-fernandez-confirma-la-vuelta-de-aprilia-tras-un-bajon-de-marquez","status":"publish","type":"post","link":"https:\/\/www.europesays.com\/es\/702766\/","title":{"rendered":"Ra\u00fal Fern\u00e1ndez confirma la vuelta de Aprilia tras un &#8216;baj\u00f3n&#8217; de M\u00e1rquez"},"content":{"rendered":"<p class=\"L6-news-detail__text\"><b>Ra\u00fal Fern\u00e1ndez<\/b> ha sido tremendamente superior a sus rivales en Silverstone imponi\u00e9ndose a las que eran las grandes favoritas, las dos <b><a title=\"Aprilia\" href=\"https:\/\/www.lasexta.com\/noticias\/deportes\/motor\/excepcional-marquez-increible-salida-marc-silverstone-frente-aprilia_202608096a7879c871b42a0b5de5ad44.html\" target=\"_blank\" rel=\"nofollow noopener\">Aprilia<\/a><\/b>. <b>Jorge Mart\u00edn<\/b> no pudo conseguir la victoria a pesar de salir primero pero un gran <b>segundo puesto<\/b> le hace m\u00e1s l\u00edder.<\/p>\n<p class=\"L6-news-detail__text\"><b>Marco Bezzecchi<\/b>, que volv\u00eda tras su grave lesi\u00f3n en la clav\u00edcula, ha terminado cruzando la l\u00ednea de meta tercero tras una actuaci\u00f3n memorable. El italiano ha terminado defendiendo la tercera posici\u00f3n con mucho esfuerzo ante un gran <b>\u00c1lex M\u00e1rquez<\/b>. La imagen de Marco tras la carrera, demoledora. No pod\u00eda ni subir las escaleras del podio.<\/p>\n<p class=\"L6-news-detail__text\"><b><a title=\"Marc M\u00e1rquez\" href=\"https:\/\/www.lasexta.com\/noticias\/deportes\/motor\/preocupante-reflexion-bagnaia-ducati-silverstone-marquez-somos-mas-lentos_202608096a78509c71b42a0b5de570b6.html\" target=\"_blank\" rel=\"nofollow noopener\">Marc M\u00e1rquez<\/a><\/b> no tuvo su fin de semana aunque cumpli\u00f3 su objetivo de salir sin lesiones de Silverstone. Consciente de que no era su circuito m\u00e1s favorable y de que las <b>Aprilia<\/b> eran superiores a las <b>Ducati<\/b>, el s\u00e9ptimo puesto del nueve veces campe\u00f3n es algo m\u00e1s positivo de lo que parece.<\/p>\n<p class=\"L6-news-detail__text\">Por desgracia para Marc, su distancia con respecto a <b>Mart\u00edn, <\/b>l\u00edder del Mundial<b>, <\/b> ha aumentado hasta los <b>40 puntos<\/b> este Gran Premio de Gran Breta\u00f1a. El de Cervera tambi\u00e9n ha perdido la tercera plaza del Mundial a manos de <b>Bezzecchi<\/b>. Pr\u00f3xima parada, el GP de Arag\u00f3n en Motorland.<\/p>\n<p class=\"L6-news-detail__text\"><b><a title=\"*A\u00f1ade laSexta como tu medio de referencia en Google y no te pierdas toda la actualidad y el mejor contenido\" href=\"https:\/\/www.google.com\/preferences\/source?q=lasexta.com\" target=\"_blank\" rel=\"nofollow noopener\">*A\u00f1ade laSexta como tu medio de referencia en Google y no te pierdas toda la actualidad y el mejor contenido<\/a><\/b><\/p>\n<p class=\"L6-support-news-video__title\">Rumbo a 2030<\/p>\n<p> <a href=\"https:\/\/www.lasexta.com\/noticias\/deportes\/futbol\/historia-mundial-tripartito-espana-portugal-suma-marruecos-primera-copa-mundo-tres-continentes_202608066a7495c4a5690f04736a97e1.html\" class=\"L6-news__link\" rel=\"nofollow noopener\" target=\"_blank\">Historia de un Mundial tripartito: de Espa\u00f1a y Portugal hasta la suma de Marruecos y la primera Copa del Mundo en tres continentes<\/p>\n<p class=\"recirculation-video-desc\">Los detalles Lo que comenz\u00f3 siendo una candidatura ib\u00e9rica en 2021 pas\u00f3 a sumar a Ucrania en 2022 en lo que fue un imposible. En 2023 lleg\u00f3 el pa\u00eds africano y luego Argentina, Paraguay y Uruguay por los 100 a\u00f1os del torneo.<\/p>\n<p> <\/a><\/p>\n","protected":false},"excerpt":{"rendered":"Ra\u00fal Fern\u00e1ndez ha sido tremendamente superior a sus rivales en Silverstone imponi\u00e9ndose a las que eran las grandes&hellip;\n","protected":false},"author":2,"featured_media":702767,"comment_status":"","ping_status":"","sticky":false,"template":"","format":"standard","meta":{"footnotes":""},"categories":[93],"tags":[168,25,24,13638,12143,110362,23,167],"class_list":["post-702766","post","type-post","status-publish","format-standard","has-post-thumbnail","category-deportes","tag-deportes","tag-es","tag-espana","tag-marc-marquez","tag-motogp","tag-noticias-ultima-hora","tag-spain","tag-sports"],"share_on_mastodon":{"url":"https:\/\/pubeurope.com\/@es\/117065955953168638","error":""},"_links":{"self":[{"href":"https:\/\/www.europesays.com\/es\/wp-json\/wp\/v2\/posts\/702766","targetHints":{"allow":["GET"]}}],"collection":[{"href":"https:\/\/www.europesays.com\/es\/wp-json\/wp\/v2\/posts"}],"about":[{"href":"https:\/\/www.europesays.com\/es\/wp-json\/wp\/v2\/types\/post"}],"author":[{"embeddable":true,"href":"https:\/\/www.europesays.com\/es\/wp-json\/wp\/v2\/users\/2"}],"replies":[{"embeddable":true,"href":"https:\/\/www.europesays.com\/es\/wp-json\/wp\/v2\/comments?post=702766"}],"version-history":[{"count":0,"href":"https:\/\/www.europesays.com\/es\/wp-json\/wp\/v2\/posts\/702766\/revisions"}],"wp:featuredmedia":[{"embeddable":true,"href":"https:\/\/www.europesays.com\/es\/wp-json\/wp\/v2\/media\/702767"}],"wp:attachment":[{"href":"https:\/\/www.europesays.com\/es\/wp-json\/wp\/v2\/media?parent=702766"}],"wp:term":[{"taxonomy":"category","embeddable":true,"href":"https:\/\/www.europesays.com\/es\/wp-json\/wp\/v2\/categories?post=702766"},{"taxonomy":"post_tag","embeddable":true,"href":"https:\/\/www.europesays.com\/es\/wp-json\/wp\/v2\/tags?post=702766"}],"curies":[{"name":"wp","href":"https:\/\/api.w.org\/{rel}","templated":true}]}}