{"id":703048,"date":"2026-08-09T17:39:33","date_gmt":"2026-08-09T17:39:33","guid":{"rendered":"https:\/\/www.europesays.com\/es\/703048\/"},"modified":"2026-08-09T17:39:33","modified_gmt":"2026-08-09T17:39:33","slug":"james-cameron-pone-en-duda-su-futuro-como-director-de-avatar","status":"publish","type":"post","link":"https:\/\/www.europesays.com\/es\/703048\/","title":{"rendered":"James Cameron pone en duda su futuro como director de \u00abAvatar\u00bb"},"content":{"rendered":"<p>James Cameron eval\u00faa si seguir\u00e1 como director de \u00abAvatar 4\u00bb y \u00abAvatar 5\u00bb tras la recepci\u00f3n m\u00e1s fr\u00eda de \u00abAvatar: Fuego y ceniza\u00bb<\/p>\n<p>08 Ago, 2026 12:28 p. m. EST<\/p>\n<p class=\"paragraph\" data-paragraph-number=\"1\"><a rel=\"noopener noreferrer nofollow\" href=\"https:\/\/www.infobae.com\/tag\/james-cameron\/\" target=\"_blank\"><b>James Cameron<\/b><\/a><b> <\/b>eval\u00faa si seguir\u00e1 al frente de<b> <\/b><b>Avatar<\/b> tras la recepci\u00f3n m\u00e1s fr\u00eda de <b>Avatar: Fuego y ceniza<\/b>, la tercera entrega de la saga, que qued\u00f3 por debajo del rendimiento hist\u00f3rico de la franquicia en taquilla y abri\u00f3 dudas sobre el rumbo de las pr\u00f3ximas secuelas.<\/p>\n<p class=\"paragraph\" data-paragraph-number=\"2\">Seg\u00fan inform\u00f3 Sensacine, el director canadiense admiti\u00f3 que analiza si continuar\u00e1 como realizador de <b>Avatar 4<\/b> y <b>Avatar 5<\/b>, aunque seguir\u00eda ligado al universo de <b>Pandora<\/b> como creador, guionista y productor. La definici\u00f3n llega despu\u00e9s de una etapa en la que el cineasta volvi\u00f3 a concentrar gran parte de su actividad en la serie que lanz\u00f3 en 2009.<\/p>\n<p class=\"paragraph\" data-paragraph-number=\"3\">La discusi\u00f3n no pasa por una ruptura inmediata con la franquicia, sino por el papel que ocupar\u00e1 James Cameron en los pr\u00f3ximos a\u00f1os. El realizador recibi\u00f3 en Canad\u00e1 el premio Logro Art\u00edstico de Toda la Vida del Governor General\u2019s Performing Arts Awards y, en ese marco, plante\u00f3 p\u00fablicamente una pregunta que hasta hace poco no formaba parte del debate en torno a la saga.<\/p>\n<p><img alt=\"La dura advertencia de James Cameron sobre la actualidad del cine: \u201cHoy, estrenar \u2018Titanic\u2019 o \u2018Avatar\u2019 ser\u00eda imposible\u201d\" class=\"global-image\" decoding=\"async\" fetchpriority=\"low\" height=\"895\" loading=\"lazy\" src=\"https:\/\/www.europesays.com\/es\/wp-content\/uploads\/2026\/08\/HNSNSL2TFNBQVDQNJTXAUNQYWM.png\" width=\"1438\"\/>El futuro de James Cameron en Avatar no implica una salida de Pandora, porque mantendr\u00eda funciones como creador, guionista y productor (Disney)<\/p>\n<p class=\"paragraph\" data-paragraph-number=\"4\">De acuerdo con Sensacine, Cameron defini\u00f3 la situaci\u00f3n con una frase directa: <b>\u201cEsa es la pregunta clave\u201d<\/b>. El director explic\u00f3 que lleva m\u00e1s de dos d\u00e9cadas vinculado al proyecto, desde que comenz\u00f3 el desarrollo de la franquicia en 2005, con una pausa breve en la que se dedic\u00f3 a otros desaf\u00edos personales y t\u00e9cnicos.<\/p>\n<p class=\"paragraph\" data-paragraph-number=\"5\">En esa misma l\u00ednea, el cineasta sostuvo que atraviesa una etapa de revisi\u00f3n de sus prioridades profesionales. <b>\u201cEstoy en ese punto de analizar el panorama y preguntarme: \u2018\u00bfQu\u00e9 otras historias quiero contar?\u2019\u201d<\/b>, se\u00f1al\u00f3, en declaraciones recogidas por Sensacine. La reflexi\u00f3n incluye una diferencia concreta entre dirigir personalmente nuevos proyectos o limitar su intervenci\u00f3n a tareas de escritura y producci\u00f3n.<\/p>\n<p><img alt=\"La discusi\u00f3n sobre la saga Avatar se centra en qu\u00e9 papel ocupar\u00e1 James Cameron en los pr\u00f3ximos a\u00f1os dentro de la franquicia (REUTERS\/Toby Melville\/Archivo)\" class=\"global-image\" decoding=\"async\" fetchpriority=\"low\" height=\"1080\" loading=\"lazy\" src=\"https:\/\/www.europesays.com\/es\/wp-content\/uploads\/2026\/08\/RNDVR2N4VREO3ADUPIHYEPRI5A.jpg\" width=\"1920\"\/>La discusi\u00f3n sobre la saga Avatar se centra en qu\u00e9 papel ocupar\u00e1 James Cameron en los pr\u00f3ximos a\u00f1os dentro de la franquicia (REUTERS\/Toby Melville\/Archivo)<\/p>\n<p class=\"paragraph\" data-paragraph-number=\"6\"><b>La posibilidad de que Cameron deje la silla de director no implica una salida total del universo de Avatar<\/b>. Su rol como figura central del proyecto seguir\u00eda vigente en la construcci\u00f3n narrativa y en la supervisi\u00f3n general de la franquicia, aun si otros realizadores quedaran a cargo de las pr\u00f3ximas pel\u00edculas.<\/p>\n<p class=\"paragraph\" data-paragraph-number=\"7\">La discusi\u00f3n tom\u00f3 fuerza tras el recorrido comercial y cr\u00edtico de Avatar: Fuego y ceniza, estrenada en 2025. La pel\u00edcula mantuvo cifras elevadas a escala global, pero no alcanz\u00f3 la marca de las dos entregas anteriores y recibi\u00f3 una respuesta menos entusiasta que sus predecesoras.<\/p>\n<p class=\"paragraph\" data-paragraph-number=\"8\">Sensacine detall\u00f3 que la tercera parte recaud\u00f3 <b>1.485 millones de d\u00f3lares<\/b> en todo el mundo y qued\u00f3 en el puesto 16 entre las pel\u00edculas m\u00e1s taquilleras de la historia. La cifra aparece lejos de los <b>2.923 millones<\/b> de la primera <b>Avatar<\/b> y de los <b>2.799 millones<\/b> de <b>Avatar: El camino del agua<\/b>.<\/p>\n<p><img alt=\"Avatar: Fire and Ash\" class=\"global-image\" decoding=\"async\" fetchpriority=\"low\" height=\"1080\" loading=\"lazy\" src=\"https:\/\/www.europesays.com\/es\/wp-content\/uploads\/2026\/08\/62Z3UC2ZLZBWRKJLUOXL3XIWKU.jpg\" width=\"1921\"\/>\u00abAvatar: Fuego y ceniza\u00bb recaud\u00f3 1.485 millones de d\u00f3lares y qued\u00f3 por debajo de \u00abAvatar\u00bb y \u00abAvatar: El camino del agua\u00bb en taquilla mundial (20th Century Studios)<\/p>\n<p class=\"paragraph\" data-paragraph-number=\"9\">Ese contraste aliment\u00f3 una revisi\u00f3n interna sobre los costos, la duraci\u00f3n y la estrategia de las futuras secuelas. <b>El presupuesto de la tercera pel\u00edcula se ubic\u00f3 entre 350 y 400 millones de d\u00f3lares<\/b>, una escala que volvi\u00f3 m\u00e1s visible la necesidad de ajustar el modelo de producci\u00f3n si el nivel de recaudaci\u00f3n deja de responder con la misma fuerza.<\/p>\n<p class=\"paragraph\" data-paragraph-number=\"10\">A pesar de las dudas del director, el trabajo sobre las pr\u00f3ximas pel\u00edculas no se detuvo. La productora <b>Rae Sanchini<\/b> confirm\u00f3 en abril que <b>los guiones ya est\u00e1n terminados<\/b> y que el equipo creativo mantiene en marcha el desarrollo de las nuevas entregas.<\/p>\n<p class=\"paragraph\" data-paragraph-number=\"11\">M\u00e1s tarde, Cameron explic\u00f3 que explora herramientas y procesos capaces de reducir tiempos y costos. Seg\u00fan Sensacine, <b>el objetivo del realizador pasa por completar las pr\u00f3ximas secuelas en la mitad de tiempo y con dos tercios del costo que demandaron producciones anteriores de la saga<\/b>.<\/p>\n<p><img alt=\"(L-R) Neytiri (Zoe Salda\u00f1a) and Jake Sully (Sam Worthington) in 20th Century Studios' AVATAR: FIRE AND ASH. Photo courtesy of 20th Century Studios. \u00a9 2025 20th Century Studios. All Rights Reserved.\" class=\"global-image\" decoding=\"async\" fetchpriority=\"low\" height=\"1080\" loading=\"lazy\" src=\"https:\/\/www.europesays.com\/es\/wp-content\/uploads\/2026\/08\/ZWUT5NW43VDEJBCKRXUNM5OKSI.jpg\" width=\"2048\"\/>El desempe\u00f1o de \u00abAvatar: Fuego y ceniza\u00bb abri\u00f3 una revisi\u00f3n sobre los costos, la duraci\u00f3n y la estrategia de las futuras secuelas de \u00abAvatar\u00bb (Photo courtesy of 20th Century Studios)<\/p>\n<p class=\"paragraph\" data-paragraph-number=\"12\">La continuidad de Avatar 4 y Avatar 5, de todos modos, todav\u00eda no qued\u00f3 sellada de forma definitiva. El propio Cameron hab\u00eda dicho en marzo que a\u00fan no exist\u00eda una decisi\u00f3n final sobre c\u00f3mo seguir, aunque dej\u00f3 abierta la puerta a continuar despu\u00e9s de revisar lo aprendido en las tres primeras pel\u00edculas.<\/p>\n","protected":false},"excerpt":{"rendered":"James Cameron eval\u00faa si seguir\u00e1 como director de \u00abAvatar 4\u00bb y \u00abAvatar 5\u00bb tras la recepci\u00f3n m\u00e1s fr\u00eda&hellip;\n","protected":false},"author":2,"featured_media":703049,"comment_status":"","ping_status":"","sticky":false,"template":"","format":"standard","meta":{"footnotes":""},"categories":[169],"tags":[8609,231,65530,82,177,5797,146,147,25,24,176,175,23],"class_list":["post-703048","post","type-post","status-publish","format-standard","has-post-thumbnail","category-cine","tag-20th-century-studios","tag-arts","tag-avatar-fire-and-ash","tag-business","tag-cine","tag-culture","tag-entertainment","tag-entretenimiento","tag-es","tag-espana","tag-film","tag-movies","tag-spain"],"share_on_mastodon":{"url":"https:\/\/pubeurope.com\/@es\/117066778414349997","error":""},"_links":{"self":[{"href":"https:\/\/www.europesays.com\/es\/wp-json\/wp\/v2\/posts\/703048","targetHints":{"allow":["GET"]}}],"collection":[{"href":"https:\/\/www.europesays.com\/es\/wp-json\/wp\/v2\/posts"}],"about":[{"href":"https:\/\/www.europesays.com\/es\/wp-json\/wp\/v2\/types\/post"}],"author":[{"embeddable":true,"href":"https:\/\/www.europesays.com\/es\/wp-json\/wp\/v2\/users\/2"}],"replies":[{"embeddable":true,"href":"https:\/\/www.europesays.com\/es\/wp-json\/wp\/v2\/comments?post=703048"}],"version-history":[{"count":0,"href":"https:\/\/www.europesays.com\/es\/wp-json\/wp\/v2\/posts\/703048\/revisions"}],"wp:featuredmedia":[{"embeddable":true,"href":"https:\/\/www.europesays.com\/es\/wp-json\/wp\/v2\/media\/703049"}],"wp:attachment":[{"href":"https:\/\/www.europesays.com\/es\/wp-json\/wp\/v2\/media?parent=703048"}],"wp:term":[{"taxonomy":"category","embeddable":true,"href":"https:\/\/www.europesays.com\/es\/wp-json\/wp\/v2\/categories?post=703048"},{"taxonomy":"post_tag","embeddable":true,"href":"https:\/\/www.europesays.com\/es\/wp-json\/wp\/v2\/tags?post=703048"}],"curies":[{"name":"wp","href":"https:\/\/api.w.org\/{rel}","templated":true}]}}