{"id":703130,"date":"2026-08-09T18:51:20","date_gmt":"2026-08-09T18:51:20","guid":{"rendered":"https:\/\/www.europesays.com\/es\/703130\/"},"modified":"2026-08-09T18:51:20","modified_gmt":"2026-08-09T18:51:20","slug":"excepcional-marquez-la-increible-salida-de-marc-en-silverstone-frente-a-las-aprilia","status":"publish","type":"post","link":"https:\/\/www.europesays.com\/es\/703130\/","title":{"rendered":"\u00a1Excepcional M\u00e1rquez! La incre\u00edble salida de Marc en Silverstone frente a las Aprilia"},"content":{"rendered":"<p class=\"L6-news-detail__text\">Incre\u00edble <b><a title=\"Marc M\u00e1rquez\" href=\"https:\/\/www.lasexta.com\/noticias\/deportes\/motor\/preocupante-reflexion-bagnaia-ducati-silverstone-marquez-somos-mas-lentos_202608096a78509c71b42a0b5de570b6.html\" target=\"_blank\" rel=\"nofollow noopener\">Marc M\u00e1rquez<\/a><\/b> en Silverstone firmando una impresionante salida que le ha servido para recuperar tres posiciones en un abrir y cerrar de ojos. El piloto catal\u00e1n sal\u00eda sexto, tras <b>Marco Bezzecchi<\/b> y <b>Fabio di Giannantonio<\/b>. El heptacampe\u00f3n mundial de <b>MotoGP<\/b> opt\u00f3 por mantener la calma y permanecer detr\u00e1s por el momento.<\/p>\n<p class=\"L6-news-detail__text\">Sin embargo, al llegar los pilotos a la primera curva, el de Cervera super\u00f3 a la otra <b>Ducati<\/b> presente para situarse justo detr\u00e1s de sus m\u00e1s inmediatos predecesores en la clasificaci\u00f3n del Mundial, &#8216;Bez&#8217; y Ai Ogura. <b>Ra\u00fal Fern\u00e1ndez<\/b> por otro lado, se desmarcaba de sus rivales en el liderato, seguido de un Jorge Mart\u00edn que hizo saltar chispas con su Aprilia durante la primera curva, pero que permaneci\u00f3 en la segunda plaza.<\/p>\n<p class=\"L6-news-detail__text\">Sin embargo, la gran maniobra de Marc lleg\u00f3 en las siguientes curvas, donde en una impresionante demostraci\u00f3n de pilotaje, <b><a title=\"M\u00e1rquez\" href=\"https:\/\/www.lasexta.com\/noticias\/deportes\/motor\/preocupante-reflexion-bagnaia-ducati-silverstone-marquez-somos-mas-lentos_202608096a78509c71b42a0b5de570b6.html\" target=\"_blank\" rel=\"nofollow noopener\">M\u00e1rquez<\/a><\/b> superaba al italiano y al japon\u00e9s para completar un podio con tres nombres espa\u00f1oles. Sin embargo, ha sido el propio Ra\u00fal Fern\u00e1ndez quien ha terminado llev\u00e1ndose la victoria.<\/p>\n<p class=\"L6-news-detail__text\">Las Aprilia de <b>Jorge Mart\u00edn<\/b> y Marco Bezzecchi han cruzado la l\u00ednea de meta en segundo y tercer lugar. Marc solo ha podido ser <b>s\u00e9ptimo<\/b> y su hermano \u00c1lex ha rozado el podio terminando en cuarto lugar.<\/p>\n<p class=\"L6-news-detail__text\"><b><a title=\"*A\u00f1ade laSexta como tu medio de referencia en Google y no te pierdas toda la actualidad y el mejor contenido\" href=\"https:\/\/www.google.com\/preferences\/source?q=lasexta.com\" target=\"_blank\" rel=\"nofollow noopener\">*A\u00f1ade laSexta como tu medio de referencia en Google y no te pierdas toda la actualidad y el mejor contenido<\/a><\/b><\/p>\n<p class=\"L6-support-news-video__title\">\u00abEs Fernando\u00bb<\/p>\n<p> <a href=\"https:\/\/www.lasexta.com\/noticias\/deportes\/motor\/formula1\/todo-aciertan-alonso-divertido-test-pilotos-formula-1_202608076a75f900a5690f04736cd03e.html\" class=\"L6-news__link\" rel=\"nofollow noopener\" target=\"_blank\">Todo aciertan con Alonso: el divertido test entre los pilotos de F\u00f3rmula 1<\/p>\n<p class=\"recirculation-video-desc\">La parrilla del &#8216;Gran Circo&#8217; se somete a un nuevo examen en el que deben adivinar de qu\u00e9 piloto se trata solo sabiendo el dorsal.<\/p>\n<p> <\/a><\/p>\n","protected":false},"excerpt":{"rendered":"Incre\u00edble Marc M\u00e1rquez en Silverstone firmando una impresionante salida que le ha servido para recuperar tres posiciones en&hellip;\n","protected":false},"author":2,"featured_media":703131,"comment_status":"","ping_status":"","sticky":false,"template":"","format":"standard","meta":{"footnotes":""},"categories":[93],"tags":[168,25,24,13638,12143,110362,23,167],"class_list":["post-703130","post","type-post","status-publish","format-standard","has-post-thumbnail","category-deportes","tag-deportes","tag-es","tag-espana","tag-marc-marquez","tag-motogp","tag-noticias-ultima-hora","tag-spain","tag-sports"],"share_on_mastodon":{"url":"https:\/\/pubeurope.com\/@es\/117067061091299573","error":""},"_links":{"self":[{"href":"https:\/\/www.europesays.com\/es\/wp-json\/wp\/v2\/posts\/703130","targetHints":{"allow":["GET"]}}],"collection":[{"href":"https:\/\/www.europesays.com\/es\/wp-json\/wp\/v2\/posts"}],"about":[{"href":"https:\/\/www.europesays.com\/es\/wp-json\/wp\/v2\/types\/post"}],"author":[{"embeddable":true,"href":"https:\/\/www.europesays.com\/es\/wp-json\/wp\/v2\/users\/2"}],"replies":[{"embeddable":true,"href":"https:\/\/www.europesays.com\/es\/wp-json\/wp\/v2\/comments?post=703130"}],"version-history":[{"count":0,"href":"https:\/\/www.europesays.com\/es\/wp-json\/wp\/v2\/posts\/703130\/revisions"}],"wp:featuredmedia":[{"embeddable":true,"href":"https:\/\/www.europesays.com\/es\/wp-json\/wp\/v2\/media\/703131"}],"wp:attachment":[{"href":"https:\/\/www.europesays.com\/es\/wp-json\/wp\/v2\/media?parent=703130"}],"wp:term":[{"taxonomy":"category","embeddable":true,"href":"https:\/\/www.europesays.com\/es\/wp-json\/wp\/v2\/categories?post=703130"},{"taxonomy":"post_tag","embeddable":true,"href":"https:\/\/www.europesays.com\/es\/wp-json\/wp\/v2\/tags?post=703130"}],"curies":[{"name":"wp","href":"https:\/\/api.w.org\/{rel}","templated":true}]}}