{"id":70318,"date":"2025-08-25T03:58:13","date_gmt":"2025-08-25T03:58:13","guid":{"rendered":"https:\/\/www.europesays.com\/es\/70318\/"},"modified":"2025-08-25T03:58:13","modified_gmt":"2025-08-25T03:58:13","slug":"tiene-un-modelo-que-muy-poca-gente-se-puede-permitir","status":"publish","type":"post","link":"https:\/\/www.europesays.com\/es\/70318\/","title":{"rendered":"tiene un modelo que muy poca gente se puede permitir"},"content":{"rendered":"<p><strong>Ilia Topuria<\/strong> ya tiene fecha para defender su t\u00edtulo de la UFC. Ser\u00e1 el pr\u00f3ximo 28 de junio en <strong>UFC 317<\/strong> cuando intente revalidar su cintur\u00f3n ante un rival que no se sabe si ser\u00e1 Islam Makhachev o\u00a0Charles Oliveira. El luchador hispanogeorgiano lleva en la cima desde octubre de 2024 y esta es su<strong> colecci\u00f3n de coches. <\/strong><\/p>\n<p>No es una persona que sea muy p\u00fablica sobre su <strong>vida privada<\/strong> pero, por lo que se sabe, al menos cuenta con dos <strong>coches de lujo<\/strong> en su poder y hay un tercero que se encuentra por confirmar.<\/p>\n<p>Los coches de Ilia Topuria<\/p>\n<p>El a\u00f1o pasado se le pudo ver en Madrid con un <a href=\"https:\/\/motor.elpais.com\/actualidad\/nuevo-aston-martin-db12-el-primer-superturismo-del-mundo\/\" target=\"_blank\" rel=\"noreferrer noopener nofollow\">Aston Martin DB12<\/a>, un deportivo brit\u00e1nico que emplea un motor <strong>4.0 V8 biturbo<\/strong> con <strong>680 CV y 800 Nm<\/strong>\u00a0de par, gracias al que acelera de 0 a 100 km\/h en <strong>3,6 segundos<\/strong>\u00a0y logra una velocidad m\u00e1xima de <strong>325 km\/h<\/strong>. Aunque la tarifa final depende de la especificaci\u00f3n, su precio base es de <strong>260.000 euros.<\/strong><\/p>\n<blockquote class=\"instagram-media\" data-instgrm-captioned=\"\" data-instgrm-permalink=\"https:\/\/www.instagram.com\/reel\/C3s5uvrKLO2\/?utm_source=ig_embed&amp;utm_campaign=loading\" data-instgrm-version=\"14\" style=\" background:#FFF; border:0; border-radius:3px; box-shadow:0 0 1px 0 rgba(0,0,0,0.5),0 1px 10px 0 rgba(0,0,0,0.15); margin: 1px; max-width:540px; min-width:326px; padding:0; width:99.375%; width:-webkit-calc(100% - 2px); width:calc(100% - 2px);\">\n<\/blockquote>\n<p>Una de las pocas im\u00e1genes que se puede ver en su cuenta de <strong>Instagram <\/strong>con un coche es con un <strong>Rolls-Royce Dawn,<\/strong> un <a href=\"https:\/\/motor.elpais.com\/actualidad\/cinco-descapotables-para-disfrutar-a-cielo-abierto\/\" target=\"_blank\" rel=\"noreferrer noopener nofollow\">descapotable<\/a> de 5,29 metros de largo que la marca brit\u00e1nica ya no produce.<\/p>\n<p>Bajo el cap\u00f3 monta el motor caracter\u00edstico de la marca, un bloque <strong>6.6 V12 biturbo<\/strong> que entrega <strong>571 CV <\/strong>y 780 Nm de par m\u00e1ximo. El propulsor se combina con una caja de cambios autom\u00e1tica de ocho relaciones, acelera de 0 a 100 km\/h en 4,9 segundos y alcanza una velocidad m\u00e1xima de<strong> 250 km\/h.<\/strong><\/p>\n<blockquote class=\"instagram-media\" data-instgrm-captioned=\"\" data-instgrm-permalink=\"https:\/\/www.instagram.com\/p\/CmRvZt1p_iS\/?utm_source=ig_embed&amp;utm_campaign=loading\" data-instgrm-version=\"14\" style=\" background:#FFF; border:0; border-radius:3px; box-shadow:0 0 1px 0 rgba(0,0,0,0.5),0 1px 10px 0 rgba(0,0,0,0.15); margin: 1px; max-width:540px; min-width:326px; padding:0; width:99.375%; width:-webkit-calc(100% - 2px); width:calc(100% - 2px);\">\n<\/blockquote>\n<p>Adem\u00e1s, hace unos a\u00f1os <a href=\"https:\/\/motor.elpais.com\/supercoches\/los-coches-de-ilia-topuria-campeon-de-peso-pluma-de-la-ufc-que-se-ha-hecho-viral\/\" target=\"_blank\" rel=\"noreferrer noopener nofollow\">en una interacci\u00f3n por Twitter<\/a> mostr\u00f3 un <strong>Lamborghini Aventador <\/strong>morado, pero no se sabe a ciencia cierta si realmente es de su propiedad.<\/p>\n<p>                    <script async src=\"\/\/www.instagram.com\/embed.js\"><\/script><\/p>\n","protected":false},"excerpt":{"rendered":"Ilia Topuria ya tiene fecha para defender su t\u00edtulo de la UFC. Ser\u00e1 el pr\u00f3ximo 28 de junio&hellip;\n","protected":false},"author":2,"featured_media":70319,"comment_status":"","ping_status":"","sticky":false,"template":"","format":"standard","meta":{"footnotes":""},"categories":[276],"tags":[28052,168,25,24,23,167,343],"class_list":{"0":"post-70318","1":"post","2":"type-post","3":"status-publish","4":"format-standard","5":"has-post-thumbnail","7":"category-ufc","8":"tag-coches-de-famosos","9":"tag-deportes","10":"tag-es","11":"tag-espana","12":"tag-spain","13":"tag-sports","14":"tag-ufc"},"share_on_mastodon":{"url":"","error":""},"_links":{"self":[{"href":"https:\/\/www.europesays.com\/es\/wp-json\/wp\/v2\/posts\/70318","targetHints":{"allow":["GET"]}}],"collection":[{"href":"https:\/\/www.europesays.com\/es\/wp-json\/wp\/v2\/posts"}],"about":[{"href":"https:\/\/www.europesays.com\/es\/wp-json\/wp\/v2\/types\/post"}],"author":[{"embeddable":true,"href":"https:\/\/www.europesays.com\/es\/wp-json\/wp\/v2\/users\/2"}],"replies":[{"embeddable":true,"href":"https:\/\/www.europesays.com\/es\/wp-json\/wp\/v2\/comments?post=70318"}],"version-history":[{"count":0,"href":"https:\/\/www.europesays.com\/es\/wp-json\/wp\/v2\/posts\/70318\/revisions"}],"wp:featuredmedia":[{"embeddable":true,"href":"https:\/\/www.europesays.com\/es\/wp-json\/wp\/v2\/media\/70319"}],"wp:attachment":[{"href":"https:\/\/www.europesays.com\/es\/wp-json\/wp\/v2\/media?parent=70318"}],"wp:term":[{"taxonomy":"category","embeddable":true,"href":"https:\/\/www.europesays.com\/es\/wp-json\/wp\/v2\/categories?post=70318"},{"taxonomy":"post_tag","embeddable":true,"href":"https:\/\/www.europesays.com\/es\/wp-json\/wp\/v2\/tags?post=70318"}],"curies":[{"name":"wp","href":"https:\/\/api.w.org\/{rel}","templated":true}]}}