{"id":703302,"date":"2026-08-09T21:15:13","date_gmt":"2026-08-09T21:15:13","guid":{"rendered":"https:\/\/www.europesays.com\/es\/703302\/"},"modified":"2026-08-09T21:15:13","modified_gmt":"2026-08-09T21:15:13","slug":"starlite-occident-celebra-su-gran-noche-solidaria-en-marbella-17-anos-convirtiendo-la-musica-y-la-cultura-en-ayuda","status":"publish","type":"post","link":"https:\/\/www.europesays.com\/es\/703302\/","title":{"rendered":"Starlite Occident celebra su gran noche solidaria en Marbella: 17 a\u00f1os convirtiendo la m\u00fasica y la cultura en ayuda"},"content":{"rendered":"<p class=\"L6-news-detail__text\">La Gala <b>Starlite Occident<\/b> vuelve a reunir este domingo en <b><a title=\"Marbella\" href=\"https:\/\/www.lasexta.com\/temas\/marbella-1\" target=\"_blank\" rel=\"nofollow noopener\">Marbella<\/a><\/b> a personalidades nacionales e internacionales en una de las grandes citas solidarias del verano. La Cantera de Nag\u00fceles acoge la XVII edici\u00f3n de un evento que combina <b>m\u00fasica, reconocimientos y una gran subasta<\/b> ben\u00e9fica con un objetivo com\u00fan: recaudar fondos para proyectos sociales, educativos y sanitarios.<\/p>\n<p class=\"L6-news-detail__text\">Los anfitriones de la gala, <b><a title=\"Antonio Banderas\" href=\"https:\/\/www.lasexta.com\/temas\/antonio_banderas-1\" target=\"_blank\" rel=\"nofollow noopener\">Antonio Banderas<\/a><\/b> e <b>Ignacio Maluquer<\/b>, cofundador de la Fundaci\u00f3n Starlite, han destacado el car\u00e1cter solidario que se encuentra detr\u00e1s de una de las noches m\u00e1s importantes del verano marbell\u00ed. Porque, m\u00e1s all\u00e1 de las actuaciones y de los rostros conocidos que cada a\u00f1o pasan por la gala, el verdadero prop\u00f3sito est\u00e1 en los proyectos que se financian gracias a ella.<\/p>\n<p class=\"L6-news-detail__text\">Ignacio Maluquer explica que la gala es una herramienta para conseguir un impacto real a trav\u00e9s de las distintas fundaciones que participan en ella: \u00abTambi\u00e9n es el acto principal. Toda la excusa, dig\u00e1moslo as\u00ed, al final es para poder llegar a la gente y <b>poder tener el impacto que queremos hacer<\/b>\u00ab, se\u00f1ala.<\/p>\n<p class=\"L6-news-detail__text\">Uno de los proyectos que reciben apoyo es Ni\u00f1os en Alegr\u00eda, la fundaci\u00f3n que trabaja en M\u00e9xico y que ya <b>ha permitido construir 44 escuelas<\/b>, por las que han pasado cerca de 100.000 ni\u00f1os, seg\u00fan explica Maluquer.<\/p>\n<p class=\"L6-news-detail__text\">La gala sirve as\u00ed como <b>punto de encuentro entre la cultura, el entretenimiento y la solidaridad<\/b>, con la recaudaci\u00f3n destinada a iniciativas que buscan generar oportunidades para colectivos vulnerables.<\/p>\n<p class=\"L6-news-detail__text\">Para el aclamado actor Antonio Banderas, la gala tambi\u00e9n tiene un significado especial por su <b>vinculaci\u00f3n con las fundaciones<\/b> que preside y por los a\u00f1os que lleva formando parte de esta cita. El actor preside la Fundaci\u00f3n L\u00e1grimas y Favores y la Fundaci\u00f3n Teatral Antonio Banderas, dos organizaciones con objetivos diferentes que participan en distintos proyectos solidarios.<\/p>\n<p class=\"L6-news-detail__text\">\u00abLa Fundaci\u00f3n L\u00e1grimas y Favores tiene muchos objetivos, tambi\u00e9n fundacionales. <b>Los fondos salen de aqu\u00ed, de esta gala<\/b>\u00ab, explica Banderas. El actor recuerda que son ya 17 a\u00f1os celebrando esta gala, convertida en una de las citas habituales del verano en la Costa del Sol. \u00abLlevamos ya 17 a\u00f1os, 17 a\u00f1os celebrando esta gala y es un cl\u00e1sico de Marbella, de Marbella, del verano. Y que siga\u00bb, se\u00f1ala.<\/p>\n<p class=\"L6-news-detail__text\"><a title=\"*A\u00f1ade laSexta como tu medio de referencia en Google y no te pierdas toda la actualidad y el mejor contenido\" href=\"https:\/\/www.google.com\/preferences\/source?q=lasexta.com\" target=\"_blank\" rel=\"nofollow noopener\"><b>*A\u00f1ade laSexta como tu medio de referencia en Google y no te pierdas toda la actualidad y el mejor contenido<\/b><\/a><\/p>\n<p class=\"L6-support-news-video__title\">Ritmo sin l\u00edmites<\/p>\n<p> <a href=\"https:\/\/www.lasexta.com\/noticias\/cultura\/musica-baile-amistad-fuego-llega-cines-21-agosto-celebrar-juventud-libertad_202608026a6fb068a046ad6ebc97bc49.html\" class=\"L6-news__link\" rel=\"nofollow noopener\" target=\"_blank\">M\u00fasica, baile y amistad: &#8216;A fuego&#8217; llega a los cines el 21 de agosto para celebrar la juventud y la libertad<\/p>\n<p class=\"recirculation-video-desc\">Los detalles La nueva pel\u00edcula de Atresmedia Cine supone el debut en el largometraje de Estel D\u00edaz, directora de series como &#8216;Red Flags&#8217; y &#8216;Desaparecido&#8217;.<\/p>\n<p> <\/a><\/p>\n","protected":false},"excerpt":{"rendered":"La Gala Starlite Occident vuelve a reunir este domingo en Marbella a personalidades nacionales e internacionales en una&hellip;\n","protected":false},"author":2,"featured_media":703303,"comment_status":"","ping_status":"","sticky":false,"template":"","format":"standard","meta":{"footnotes":""},"categories":[91],"tags":[3083,2125,146,147,25,24,2492,110362,23],"class_list":["post-703302","post","type-post","status-publish","format-standard","has-post-thumbnail","category-entretenimiento","tag-antonio-banderas","tag-directo","tag-entertainment","tag-entretenimiento","tag-es","tag-espana","tag-marbella","tag-noticias-ultima-hora","tag-spain"],"share_on_mastodon":{"url":"https:\/\/pubeurope.com\/@es\/117067627106936964","error":""},"_links":{"self":[{"href":"https:\/\/www.europesays.com\/es\/wp-json\/wp\/v2\/posts\/703302","targetHints":{"allow":["GET"]}}],"collection":[{"href":"https:\/\/www.europesays.com\/es\/wp-json\/wp\/v2\/posts"}],"about":[{"href":"https:\/\/www.europesays.com\/es\/wp-json\/wp\/v2\/types\/post"}],"author":[{"embeddable":true,"href":"https:\/\/www.europesays.com\/es\/wp-json\/wp\/v2\/users\/2"}],"replies":[{"embeddable":true,"href":"https:\/\/www.europesays.com\/es\/wp-json\/wp\/v2\/comments?post=703302"}],"version-history":[{"count":0,"href":"https:\/\/www.europesays.com\/es\/wp-json\/wp\/v2\/posts\/703302\/revisions"}],"wp:featuredmedia":[{"embeddable":true,"href":"https:\/\/www.europesays.com\/es\/wp-json\/wp\/v2\/media\/703303"}],"wp:attachment":[{"href":"https:\/\/www.europesays.com\/es\/wp-json\/wp\/v2\/media?parent=703302"}],"wp:term":[{"taxonomy":"category","embeddable":true,"href":"https:\/\/www.europesays.com\/es\/wp-json\/wp\/v2\/categories?post=703302"},{"taxonomy":"post_tag","embeddable":true,"href":"https:\/\/www.europesays.com\/es\/wp-json\/wp\/v2\/tags?post=703302"}],"curies":[{"name":"wp","href":"https:\/\/api.w.org\/{rel}","templated":true}]}}