{"id":703914,"date":"2026-08-10T07:07:24","date_gmt":"2026-08-10T07:07:24","guid":{"rendered":"https:\/\/www.europesays.com\/es\/703914\/"},"modified":"2026-08-10T07:07:24","modified_gmt":"2026-08-10T07:07:24","slug":"el-enigmatico-mensaje-de-marquez-tras-su-septimo-puesto-en-silverstone-el-favorito-sigo-siendo-yo","status":"publish","type":"post","link":"https:\/\/www.europesays.com\/es\/703914\/","title":{"rendered":"El enigm\u00e1tico mensaje de M\u00e1rquez tras su s\u00e9ptimo puesto en Silverstone: \u00abEl favorito sigo siendo yo\u00bb"},"content":{"rendered":"<p class=\"L6-news-detail__text\"><b><a title=\"Marc M\u00e1rquez\" href=\"https:\/\/www.lasexta.com\/noticias\/deportes\/motor\/raul-fernandez-confirma-vuelta-aprilia-bajon-marquez_202608096a787e91a046ad6ebca79fb5.html\" target=\"_blank\" rel=\"nofollow noopener\">Marc M\u00e1rquez<\/a><\/b> ha sufrido en <b>Silverstone<\/b>, pero no le ha pillado por sorpresa. El de Cervera sab\u00eda que este no iba a ser su mejor fin de semana y, ante esa sensaci\u00f3n, ha decidido <b>no correr riesgos<\/b> y limitarse a puntuar y a no sufrir lesiones.<\/p>\n<p class=\"L6-news-detail__text\">Marc ten\u00eda claro desde el principio del Gran Premio que las Aprilia ten\u00edan algo m\u00e1s, especialmente tras la &#8216;sprint&#8217; donde se vio que el neum\u00e1tico trasero de la <b><a title=\"Ducati\" href=\"https:\/\/www.lasexta.com\/noticias\/deportes\/motor\/preocupante-reflexion-bagnaia-ducati-silverstone-marquez-somos-mas-lentos_202608096a78509c71b42a0b5de570b6.html\" target=\"_blank\" rel=\"nofollow noopener\">Ducati<\/a><\/b> se desvanec\u00eda en las \u00faltimas vueltas. La f\u00e1brica bolo\u00f1esa ha solucionado algo ese problema pero no le ha servido para hacer frente a <b>Mart\u00edn, Bezzecchi<\/b> y compa\u00f1\u00eda.<\/p>\n<p class=\"L6-news-detail__text\"><b><a title=\"M\u00e1rquez\" href=\"https:\/\/www.lasexta.com\/noticias\/deportes\/motor\/excepcional-marquez-increible-salida-marc-silverstone-frente-aprilia_202608096a7879c871b42a0b5de5ad44.html\" target=\"_blank\" rel=\"nofollow noopener\">M\u00e1rquez<\/a><\/b> sorprendi\u00f3 a principios del gran premio asegurando que ya se ve\u00eda como el favorito a ganar el Mundial. En ese momento estaba a <b>18 puntos de Jorge<\/b>, el l\u00edder del mundial. Tras el GP de Gran Breta\u00f1a, <b>est\u00e1 a 40. <\/b><\/p>\n<p class=\"L6-news-detail__text\">A\u00fan as\u00ed, en los micr\u00f3fonos de &#8216;Dazn&#8217; le han mencionado esa declaraci\u00f3n tras la carrera y Marc, en una respuesta de los m\u00e1s enigm\u00e1tica, ha respondido: \u00ab<b>El favorito sigo siendo yo. Venga, hombre<\/b>\u00ab.<\/p>\n<p class=\"L6-news-detail__text\">M\u00e1rquez ya piensa en el Gran Premio de Arag\u00f3n que se disputar\u00e1 a finales de este mes de agosto y que puede ser una nueva oportunidad para volver a presionar a las <b>Aprilia<\/b>. En Silverstone, Marc ha perdido la tercera plaza del Mundial a manos de Bezzecchi.<\/p>\n<p class=\"L6-news-detail__text\"><b><a title=\"*A\u00f1ade laSexta como tu medio de referencia en Google y no te pierdas toda la actualidad y el mejor contenido\" href=\"https:\/\/www.google.com\/preferences\/source?q=lasexta.com\" target=\"_blank\" rel=\"nofollow noopener\">*A\u00f1ade laSexta como tu medio de referencia en Google y no te pierdas toda la actualidad y el mejor contenido<\/a><\/b><\/p>\n<p class=\"L6-support-news-video__title\">Decisi\u00f3n inminente<\/p>\n<p> <a href=\"https:\/\/www.lasexta.com\/noticias\/deportes\/futbol\/barca-real-madrid-pelean-rodri-clasico-juega-despachos_202608066a7488f271b42a0b5ddfc78b.html\" class=\"L6-news__link\" rel=\"nofollow noopener\" target=\"_blank\">Bar\u00e7a y Real Madrid se pelean por Rodri: &#8216;El Cl\u00e1sico&#8217; se juega en los despachos<\/p>\n<p class=\"recirculation-video-desc\">El club blanco estaba muy cerca de cerrar su fichaje, pero el FC Barcelona ha irrumpido en las \u00faltimas horas.<\/p>\n<p> <\/a><\/p>\n","protected":false},"excerpt":{"rendered":"Marc M\u00e1rquez ha sufrido en Silverstone, pero no le ha pillado por sorpresa. El de Cervera sab\u00eda que&hellip;\n","protected":false},"author":2,"featured_media":703915,"comment_status":"","ping_status":"","sticky":false,"template":"","format":"standard","meta":{"footnotes":""},"categories":[93],"tags":[168,25,24,13638,12143,110362,23,167],"class_list":["post-703914","post","type-post","status-publish","format-standard","has-post-thumbnail","category-deportes","tag-deportes","tag-es","tag-espana","tag-marc-marquez","tag-motogp","tag-noticias-ultima-hora","tag-spain","tag-sports"],"share_on_mastodon":{"url":"https:\/\/pubeurope.com\/@es\/117069954782774787","error":""},"_links":{"self":[{"href":"https:\/\/www.europesays.com\/es\/wp-json\/wp\/v2\/posts\/703914","targetHints":{"allow":["GET"]}}],"collection":[{"href":"https:\/\/www.europesays.com\/es\/wp-json\/wp\/v2\/posts"}],"about":[{"href":"https:\/\/www.europesays.com\/es\/wp-json\/wp\/v2\/types\/post"}],"author":[{"embeddable":true,"href":"https:\/\/www.europesays.com\/es\/wp-json\/wp\/v2\/users\/2"}],"replies":[{"embeddable":true,"href":"https:\/\/www.europesays.com\/es\/wp-json\/wp\/v2\/comments?post=703914"}],"version-history":[{"count":0,"href":"https:\/\/www.europesays.com\/es\/wp-json\/wp\/v2\/posts\/703914\/revisions"}],"wp:featuredmedia":[{"embeddable":true,"href":"https:\/\/www.europesays.com\/es\/wp-json\/wp\/v2\/media\/703915"}],"wp:attachment":[{"href":"https:\/\/www.europesays.com\/es\/wp-json\/wp\/v2\/media?parent=703914"}],"wp:term":[{"taxonomy":"category","embeddable":true,"href":"https:\/\/www.europesays.com\/es\/wp-json\/wp\/v2\/categories?post=703914"},{"taxonomy":"post_tag","embeddable":true,"href":"https:\/\/www.europesays.com\/es\/wp-json\/wp\/v2\/tags?post=703914"}],"curies":[{"name":"wp","href":"https:\/\/api.w.org\/{rel}","templated":true}]}}