{"id":703936,"date":"2026-08-10T07:23:14","date_gmt":"2026-08-10T07:23:14","guid":{"rendered":"https:\/\/www.europesays.com\/es\/703936\/"},"modified":"2026-08-10T07:23:14","modified_gmt":"2026-08-10T07:23:14","slug":"deco-abra-la-puerta-al-fichaje-de-un-central-para-el-barca","status":"publish","type":"post","link":"https:\/\/www.europesays.com\/es\/703936\/","title":{"rendered":"Deco abra la puerta al fichaje de un central para el Bar\u00e7a"},"content":{"rendered":"<p class=\"ft-text\">La planificaci\u00f3n del nuevo Bar\u00e7a va sobre lo previsto y en las pr\u00f3ximas horas puede dar un aceler\u00f3n importante. La direcci\u00f3n deportiva espera cerrar a Rodri como m\u00e1ximo el pr\u00f3ximo mi\u00e9rcoles, mientras que el desenlace sobre Juli\u00e1n \u00c1lvarez puede darse en 48 horas. Pero habr\u00e1 m\u00e1s. El director deportivo, Deco, ha dado luz verde a la llegada de un central de primer nivel tras la salida de Araujo al Liverpool y ya se est\u00e1n realizando gestiones sobre varios futbolistas. <strong>Quedan tres semanas para el cierre de mercado y, hoy por hoy, la idea es completar la defensa con este \u00faltimo refuerzo. La opci\u00f3n del canterano \u00c1lvaro Cort\u00e9s est\u00e1 encima de la mesa, pero el Bar\u00e7a fichar\u00e1 si llega alguna buena oportunidad.<\/strong><\/p>\n<p class=\"ft-text\">Lo primero de todo es concretar de forma oficial la salida de Araujo, que liberar\u00e1 una buena masa salarial. Sin el uruguayo, el club blaugrana iniciar\u00eda la temporada con Cubars\u00ed, Gerard Mart\u00edn, Christensen y Eric Garcia como centrales, aunque Flick quiere colocar a Eric en el lateral como opci\u00f3n complementaria a Kound\u00e9.<strong> El Bar\u00e7a est\u00e1 muy satisfecho del rendimiento del canterano \u00c1lvaro Cort\u00e9s, pero al t\u00e9cnico alem\u00e1n le gustar\u00eda contar con alg\u00fan futbolista m\u00e1s experimentado en esa zona del campo. Y hay jugadores que gustan.<\/strong><\/p>\n<p class=\"ft-text\"><a class=\"ft-link ft-link--decoration\" href=\"https:\/\/www.sport.es\/es\/noticias\/barca\/deco-quiere-fichar-cuti-romero-133187197\" rel=\"nofollow noopener\" target=\"_blank\">Una de las opciones podr\u00eda ser el Cuti Romero, pero desde Argentina <\/a>ven dif\u00edcil que se pueda llegar a un acuerdo. Tiene ofertas de Arsenal, Inter y muy avanzadas las negociaciones con el Atl\u00e9tico de Madrid. Aqu\u00ed el principal problema es el traspaso, ya que el Tottenham pide algo m\u00e1s de 40 millones de<strong> euros para sacarle y descarta absolutamente una cesi\u00f3n. El Cuti Romero priorizar\u00eda claramente el Bar\u00e7a y a su entorno le han mantenido informado de todos los movimientos de salida en el Bar\u00e7a, pero todav\u00eda no se ha producido ning\u00fan movimiento y el Bar\u00e7a podr\u00eda llegar tarde.<\/strong><\/p>\n<p class=\"ft-text\"><a class=\"ft-link ft-link--decoration\" href=\"https:\/\/www.sport.es\/es\/noticias\/barca\/bilbao-juegan-despiste-laporte-132751756\" rel=\"nofollow noopener\" target=\"_blank\">Otra de las opciones que fue ofrecida en su momento es Aymerich Laporte<\/a>, cuyo entorno asegura que tiene una cl\u00e1usula de rescisi\u00f3n baja para salir aunque en el Athletic lo niegan. El Bar\u00e7a no quiere l\u00edos en este tema ya que las relaciones con el club vasco quedaron seriamente tocadas por el intento de fichaje de Nico Williams. <strong>Si realmente hay una opci\u00f3n clara por Laporte y el precio est\u00e1 claramente estipulado, el club blaugrana podr\u00eda lanzarse a por \u00e9l.<\/strong><\/p>\n<p class=\"ft-text\">El club blaugrana ha recibido numerosos ofrecimientos, sobre todo, de jugadores de la Premier League que, a finales de mercado, podr\u00edan salir a trav\u00e9s de un pr\u00e9stamo. Flick y Deco tienen muy claro el perfil y solo se fichar\u00eda si llega un futbolista en buenas condiciones econ\u00f3micas y sea para optar por la titularidad. <strong>Vendr\u00e1 alguien si mejora claramente el nivel de la plantilla, algo que sucede con Rodri y tambi\u00e9n con Juli\u00e1n \u00c1lvarez.<\/strong><\/p>\n","protected":false},"excerpt":{"rendered":"La planificaci\u00f3n del nuevo Bar\u00e7a va sobre lo previsto y en las pr\u00f3ximas horas puede dar un aceler\u00f3n&hellip;\n","protected":false},"author":2,"featured_media":703937,"comment_status":"","ping_status":"","sticky":false,"template":"","format":"standard","meta":{"footnotes":""},"categories":[268],"tags":[2296,210,2297,103252,168,25,24,280,282,2179,281,23,167],"class_list":["post-703936","post","type-post","status-publish","format-standard","has-post-thumbnail","category-futbol","tag-barca","tag-barcelona","tag-barsa","tag-cuti-romero","tag-deportes","tag-es","tag-espana","tag-football","tag-futbol","tag-laporte","tag-soccer","tag-spain","tag-sports"],"share_on_mastodon":{"url":"https:\/\/pubeurope.com\/@es\/117070018297393879","error":""},"_links":{"self":[{"href":"https:\/\/www.europesays.com\/es\/wp-json\/wp\/v2\/posts\/703936","targetHints":{"allow":["GET"]}}],"collection":[{"href":"https:\/\/www.europesays.com\/es\/wp-json\/wp\/v2\/posts"}],"about":[{"href":"https:\/\/www.europesays.com\/es\/wp-json\/wp\/v2\/types\/post"}],"author":[{"embeddable":true,"href":"https:\/\/www.europesays.com\/es\/wp-json\/wp\/v2\/users\/2"}],"replies":[{"embeddable":true,"href":"https:\/\/www.europesays.com\/es\/wp-json\/wp\/v2\/comments?post=703936"}],"version-history":[{"count":0,"href":"https:\/\/www.europesays.com\/es\/wp-json\/wp\/v2\/posts\/703936\/revisions"}],"wp:featuredmedia":[{"embeddable":true,"href":"https:\/\/www.europesays.com\/es\/wp-json\/wp\/v2\/media\/703937"}],"wp:attachment":[{"href":"https:\/\/www.europesays.com\/es\/wp-json\/wp\/v2\/media?parent=703936"}],"wp:term":[{"taxonomy":"category","embeddable":true,"href":"https:\/\/www.europesays.com\/es\/wp-json\/wp\/v2\/categories?post=703936"},{"taxonomy":"post_tag","embeddable":true,"href":"https:\/\/www.europesays.com\/es\/wp-json\/wp\/v2\/tags?post=703936"}],"curies":[{"name":"wp","href":"https:\/\/api.w.org\/{rel}","templated":true}]}}