{"id":703982,"date":"2026-08-10T07:58:21","date_gmt":"2026-08-10T07:58:21","guid":{"rendered":"https:\/\/www.europesays.com\/es\/703982\/"},"modified":"2026-08-10T07:58:21","modified_gmt":"2026-08-10T07:58:21","slug":"once-peruanos-murieron-combatiendo-por-rusia-y-otros-114-estan-desaparecidos-dicen-autoridades-de-peru","status":"publish","type":"post","link":"https:\/\/www.europesays.com\/es\/703982\/","title":{"rendered":"Once peruanos murieron combatiendo por Rusia y otros 114 est\u00e1n desaparecidos, dicen autoridades de Per\u00fa"},"content":{"rendered":"<p>      CNN Espa\u00f1ol\u00a0\u2014\u00a0\n    <\/p>\n<p class=\"paragraph inline-placeholder vossi-paragraph\" data-uri=\"es.cms.cnn.com\/_components\/paragraph\/instances\/cmsm9cxbh002p29p98enp8ob4@published\" data-editable=\"text\" data-component-name=\"paragraph\" data-article-gutter=\"true\">\n            Once peruanos han muerto, 114 est\u00e1n desaparecidos y tres fueron capturados por el Ej\u00e9rcito ucraniano despu\u00e9s de enlistarse en las fuerzas armadas rusas, inform\u00f3 el Ministerio de Relaciones Exteriores de Per\u00fa. La Canciller\u00eda se\u00f1al\u00f3 que, oficialmente, 459 ciudadanos peruanos se han enlistado en las fuerzas armadas rusas.\n    <\/p>\n<p class=\"paragraph inline-placeholder vossi-paragraph\" data-uri=\"es.cms.cnn.com\/_components\/paragraph\/instances\/cmsm9fcbo0005356rnwxejftv@published\" data-editable=\"text\" data-component-name=\"paragraph\" data-article-gutter=\"true\">\n            El nuevo balance fue difundido mientras el Gobierno anunciaba la repatriaci\u00f3n de dos j\u00f3venes peruanos que, seg\u00fan la Canciller\u00eda, escaparon del reclutamiento forzado al que fueron sometidos para prestar servicios en la guerra contra Ucrania.\n    <\/p>\n<p class=\"paragraph inline-placeholder vossi-paragraph\" data-uri=\"es.cms.cnn.com\/_components\/paragraph\/instances\/cmsma5hj6001a356r4n94k4qh@published\" data-editable=\"text\" data-component-name=\"paragraph\" data-article-gutter=\"true\">\n            El consulado de Per\u00fa en Rusia \u201casisti\u00f3 y gestion\u00f3 la repatriaci\u00f3n de dos j\u00f3venes peruanos en situaci\u00f3n de vulnerabilidad, que fugaron del reclutamiento forzado del que fueron v\u00edctimas\u201d, se\u00f1al\u00f3 la canciller\u00eda<a href=\"https:\/\/www.gob.pe\/institucion\/rree\/noticias\/1427420-cancilleria-coordina-repatriacion-de-cuatro-jovenes-peruanos-en-situacion-de-vulnerabilidad-en-rusia\" target=\"_blank\" rel=\"nofollow noopener\"> en un comunicado.<\/a>\n    <\/p>\n<p class=\"paragraph inline-placeholder vossi-paragraph\" data-uri=\"es.cms.cnn.com\/_components\/paragraph\/instances\/cmsmcml020002356rvtmk86tx@published\" data-editable=\"text\" data-component-name=\"paragraph\" data-article-gutter=\"true\">\n            \u201cTodos ellos arribaron al Per\u00fa y se encuentran con sus familias\u201d, a\u00f1adi\u00f3.\n    <\/p>\n<p class=\"paragraph inline-placeholder vossi-paragraph\" data-uri=\"es.cms.cnn.com\/_components\/paragraph\/instances\/cmsm9fcbq0006356r8fifpnzk@published\" data-editable=\"text\" data-component-name=\"paragraph\" data-article-gutter=\"true\">\n            Los j\u00f3venes se suman a otros dos peruanos atendidos a finales de julio por la secci\u00f3n consular de la Embajada del Per\u00fa en Rusia. En total, la Canciller\u00eda inform\u00f3 que 31 peruanos han sido evacuados: 28 regresaron al Per\u00fa y tres permanecen en Europa por \u201cdecisi\u00f3n propia\u201d.\n    <\/p>\n<p class=\"paragraph inline-placeholder vossi-paragraph\" data-uri=\"es.cms.cnn.com\/_components\/paragraph\/instances\/cmsm9fcbr0007356rgh73gvmk@published\" data-editable=\"text\" data-component-name=\"paragraph\" data-article-gutter=\"true\">\n            El Ministerio tambi\u00e9n pidi\u00f3 a los ciudadanos tener cuidado con las ofertas de trabajo en el extranjero. \u201cSe alerta a la ciudadan\u00eda a no dejarse enga\u00f1ar por falsas ofertas laborales, pues podr\u00edan caer en redes delictivas de trata\u201d, se\u00f1al\u00f3 la Canciller\u00eda. El Gobierno record\u00f3 adem\u00e1s que prestar servicio militar para un Estado extranjero requiere autorizaci\u00f3n previa.\n    <\/p>\n<p>       <img decoding=\"async\" src=\"https:\/\/www.europesays.com\/es\/wp-content\/uploads\/2026\/08\/peruanos-guerra-ucrania-4.jpg\" alt=\"Un grupo de familiares de peruanos enviados a Rusia se reuni\u00f3 frente al Ministerio de Relaciones Exteriores para realizar una vigilia exigiendo su regreso seguro el 7 de mayo de 2026, en Lima, Per\u00fa.\" class=\"image__dam-img image__dam-img--loading\" onload=\"this.classList.remove('image__dam-img--loading')\" onerror=\"imageLoadError(this)\" height=\"867\" width=\"1300\" loading=\"lazy\"\/><\/p>\n<p class=\"paragraph inline-placeholder vossi-paragraph\" data-uri=\"es.cms.cnn.com\/_components\/paragraph\/instances\/cmsm9fcbt0009356rehontuao@published\" data-editable=\"text\" data-component-name=\"paragraph\" data-article-gutter=\"true\">\n            El anuncio llega despu\u00e9s de meses de reclamos de familias que buscan informaci\u00f3n sobre sus parientes. CNN <a href=\"https:\/\/cnnespanol.cnn.com\/2026\/06\/28\/latinoamerica\/peruanos-oferta-rusia-guerra-ucrania-trax\" rel=\"nofollow noopener\" target=\"_blank\">habl\u00f3 recientemente<\/a> con 12 familias peruanas que han participado en protestas y vigilias frente a la Embajada de Rusia en Lima y ante el Ministerio de Relaciones Exteriores.\n    <\/p>\n<p class=\"paragraph inline-placeholder vossi-paragraph\" data-uri=\"es.cms.cnn.com\/_components\/paragraph\/instances\/cmsm9fcbt000a356rjrqlx64v@published\" data-editable=\"text\" data-component-name=\"paragraph\" data-article-gutter=\"true\">\n            Los testimonios recogidos muestran que algunos hombres viajaron a Rusia despu\u00e9s de recibir ofertas de trabajo como cocineros, guardias de seguridad u otros empleos de civiles. Sus familiares dijeron que no esperaban que terminaran vinculados a las fuerzas rusas y, en algunos casos, enviados al frente.\n    <\/p>\n<p class=\"paragraph inline-placeholder vossi-paragraph\" data-uri=\"es.cms.cnn.com\/_components\/paragraph\/instances\/cmsmalrrh002p356rgq1ddxzr@published\" data-editable=\"text\" data-component-name=\"paragraph\" data-article-gutter=\"true\">\n            Pedro Bravo, director de Comunidades Peruanas en el Exterior de la Canciller\u00eda, dijo a CNN que muchos de los reclutas provienen de entornos empobrecidos y con una necesidad urgente de dinero, lo que puede hacerlos m\u00e1s vulnerables a este tipo de ofertas. \u201cEs mucho m\u00e1s f\u00e1cil enga\u00f1arlos\u201d, dijo.\n    <\/p>\n<p class=\"paragraph inline-placeholder vossi-paragraph\" data-uri=\"es.cms.cnn.com\/_components\/paragraph\/instances\/cmsm9fcbu000b356r6rkp7rvz@published\" data-editable=\"text\" data-component-name=\"paragraph\" data-article-gutter=\"true\">\n            Una de las madres entrevistadas por CNN, identificada como Norma, cont\u00f3 que su hijo de 31 a\u00f1os viaj\u00f3 a Rusia despu\u00e9s de aceptar un supuesto trabajo como cocinero para el Ej\u00e9rcito ruso. Poco despu\u00e9s comenz\u00f3 a enviarle fotograf\u00edas y videos en los que aparec\u00eda con equipo militar, cavando trincheras y construyendo refugios.\n    <\/p>\n<p class=\"paragraph inline-placeholder vossi-paragraph\" data-uri=\"es.cms.cnn.com\/_components\/paragraph\/instances\/cmsm9fcbu000c356r32cahxgc@published\" data-editable=\"text\" data-component-name=\"paragraph\" data-article-gutter=\"true\">\n            A principios de abril dej\u00f3 de enviar mensajes.\u201cTengo esta luz de esperanza de que est\u00e1 en alg\u00fan lugar, escondido en una trinchera, pero realmente no lo s\u00e9\u201d, dijo Norma a CNN.\n    <\/p>\n<p class=\"paragraph inline-placeholder vossi-paragraph\" data-uri=\"es.cms.cnn.com\/_components\/paragraph\/instances\/cmsm9fcby000h356reugrxe70@published\" data-editable=\"text\" data-component-name=\"paragraph\" data-article-gutter=\"true\">\n            Ante las denuncias, la Fiscal\u00eda peruana anunci\u00f3 en mayo que investiga el reclutamiento ruso por posibles casos de \u201ctrata de personas\u201d.\n    <\/p>\n<p class=\"paragraph inline-placeholder vossi-paragraph\" data-uri=\"es.cms.cnn.com\/_components\/paragraph\/instances\/cmsmag1rt0024356rvl1z834t@published\" data-editable=\"text\" data-component-name=\"paragraph\" data-article-gutter=\"true\">\n            Percy Salinas, un abogado que representa a algunas familias de los reclutas, entreg\u00f3 a CNN una copia de una orden fiscal que describe el alcance del caso judicial.\n    <\/p>\n<p class=\"paragraph inline-placeholder vossi-paragraph\" data-uri=\"es.cms.cnn.com\/_components\/paragraph\/instances\/cmsmag27b0025356rl72rmipg@published\" data-editable=\"text\" data-component-name=\"paragraph\" data-article-gutter=\"true\">\n            Las autoridades est\u00e1n investigando 36 denuncias de ciudadanos peruanos que afirman que sus familiares o amigos fueron enga\u00f1ados \u201cmediante ofertas de trabajo falsas en el extranjero \u2014espec\u00edficamente en la Federaci\u00f3n Rusa\u2014 con el prop\u00f3sito de transportarlos fuera del pa\u00eds y someterlos a\u2026 participaci\u00f3n forzada en un conflicto armado entre Rusia y Ucrania\u201d, seg\u00fan la orden.\n    <\/p>\n<p class=\"paragraph inline-placeholder vossi-paragraph\" data-uri=\"es.cms.cnn.com\/_components\/paragraph\/instances\/cmsm9fcc0000k356r7e2z4011@published\" data-editable=\"text\" data-component-name=\"paragraph\" data-article-gutter=\"true\">\n            La fiscal\u00eda declin\u00f3 hacer comentarios sobre el caso cuando fue contactada por CNN.\n    <\/p>\n<p>       <img loading=\"lazy\" decoding=\"async\" src=\"https:\/\/www.europesays.com\/es\/wp-content\/uploads\/2026\/08\/80942470-30160931-generated-thumbnail.jpg\" alt=\"&lt;p&gt;Peruanos afirman que les prometieron empleos en Rusia, pero terminaron en la primera l\u00ednea del frente en Ucrania.&lt;\/p&gt;\" class=\"image__dam-img image__dam-img--loading\" onload=\"this.classList.remove('image__dam-img--loading')\" onerror=\"imageLoadError(this)\" height=\"1080\" width=\"1920\"\/><\/p>\n<p>Promesas de trabajo en Rusia llevaron a peruanos al frente de guerra en Ucrania\n                <\/p>\n<p>Promesas de trabajo en Rusia llevaron a peruanos al frente de guerra en Ucrania<\/p>\n<p>        03:51<\/p>\n<p class=\"paragraph inline-placeholder vossi-paragraph\" data-uri=\"es.cms.cnn.com\/_components\/paragraph\/instances\/cmsmahrvw002e356r6tr1wy37@published\" data-editable=\"text\" data-component-name=\"paragraph\" data-article-gutter=\"true\">\n            Bravo, del Ministerio de Relaciones Exteriores de Per\u00fa, dijo a CNN que el Gobierno hab\u00eda realizado al menos 247 solicitudes a Mosc\u00fa para obtener informaci\u00f3n sobre peruanos incorporados a las fuerzas rusas y ha exigido \u201cel regreso inmediato y seguro de nuestros compatriotas a su pa\u00eds de origen, dado que salieron sin la debida autorizaci\u00f3n\u201d.\n    <\/p>\n<p class=\"paragraph inline-placeholder vossi-paragraph\" data-uri=\"es.cms.cnn.com\/_components\/paragraph\/instances\/cmsm9fcc0000l356rjcwh10zi@published\" data-editable=\"text\" data-component-name=\"paragraph\" data-article-gutter=\"true\">\n            Rusia ha dicho que \u201crespeta profundamente la decisi\u00f3n de ciudadanos extranjeros de participar en la defensa de la soberan\u00eda y seguridad (rusas)\u201d.\n    <\/p>\n<p class=\"paragraph inline-placeholder vossi-paragraph\" data-uri=\"es.cms.cnn.com\/_components\/paragraph\/instances\/cmsmakbta002n356r5lh3rs5x@published\" data-editable=\"text\" data-component-name=\"paragraph\" data-article-gutter=\"true\">\n            \u201cLa embajada reafirma su permanente disposici\u00f3n a tomar todas las medidas necesarias para obtener informaci\u00f3n lo m\u00e1s r\u00e1pido posible en base a solicitudes presentadas formalmente\u201d, dijo la Embajada de Rusia en Lima en un comunicado de abril sobre las \u201cpreocupaciones de las familias peruanas\u201d.\n    <\/p>\n","protected":false},"excerpt":{"rendered":"CNN Espa\u00f1ol\u00a0\u2014\u00a0 Once peruanos han muerto, 114 est\u00e1n desaparecidos y tres fueron capturados por el Ej\u00e9rcito ucraniano despu\u00e9s&hellip;\n","protected":false},"author":2,"featured_media":703983,"comment_status":"","ping_status":"","sticky":false,"template":"","format":"standard","meta":{"footnotes":""},"categories":[42],"tags":[17,18,13,14,7419,11,150,61,62,63,64,19,20,9,10,15,16,705,1614,12,21,22,65,66,67],"class_list":["post-703982","post","type-post","status-publish","format-standard","has-post-thumbnail","category-internacional","tag-breaking-news","tag-breakingnews","tag-featured-news","tag-featurednews","tag-guerra-en-ucrania","tag-headlines","tag-instanoticias","tag-internacional","tag-international","tag-international-news","tag-internationalnews","tag-latest-news","tag-latestnews","tag-news","tag-noticias","tag-noticias-destacadas","tag-noticiasdestacadas","tag-peru","tag-rusia","tag-titulares","tag-ultimas-noticias","tag-ultimasnoticias","tag-world","tag-world-news","tag-worldnews"],"share_on_mastodon":{"url":"https:\/\/pubeurope.com\/@es\/117070155278301727","error":""},"_links":{"self":[{"href":"https:\/\/www.europesays.com\/es\/wp-json\/wp\/v2\/posts\/703982","targetHints":{"allow":["GET"]}}],"collection":[{"href":"https:\/\/www.europesays.com\/es\/wp-json\/wp\/v2\/posts"}],"about":[{"href":"https:\/\/www.europesays.com\/es\/wp-json\/wp\/v2\/types\/post"}],"author":[{"embeddable":true,"href":"https:\/\/www.europesays.com\/es\/wp-json\/wp\/v2\/users\/2"}],"replies":[{"embeddable":true,"href":"https:\/\/www.europesays.com\/es\/wp-json\/wp\/v2\/comments?post=703982"}],"version-history":[{"count":0,"href":"https:\/\/www.europesays.com\/es\/wp-json\/wp\/v2\/posts\/703982\/revisions"}],"wp:featuredmedia":[{"embeddable":true,"href":"https:\/\/www.europesays.com\/es\/wp-json\/wp\/v2\/media\/703983"}],"wp:attachment":[{"href":"https:\/\/www.europesays.com\/es\/wp-json\/wp\/v2\/media?parent=703982"}],"wp:term":[{"taxonomy":"category","embeddable":true,"href":"https:\/\/www.europesays.com\/es\/wp-json\/wp\/v2\/categories?post=703982"},{"taxonomy":"post_tag","embeddable":true,"href":"https:\/\/www.europesays.com\/es\/wp-json\/wp\/v2\/tags?post=703982"}],"curies":[{"name":"wp","href":"https:\/\/api.w.org\/{rel}","templated":true}]}}