{"id":704010,"date":"2026-08-10T08:21:12","date_gmt":"2026-08-10T08:21:12","guid":{"rendered":"https:\/\/www.europesays.com\/es\/704010\/"},"modified":"2026-08-10T08:21:12","modified_gmt":"2026-08-10T08:21:12","slug":"italia-y-dinamarca-exigen-centros-de-repatriacion-en-terceros-paises-en-un-comunicado-que-estigmatiza-a-los-migrantes-irregulares-cometen-delitos-violentos-y-trafican-con-drogas","status":"publish","type":"post","link":"https:\/\/www.europesays.com\/es\/704010\/","title":{"rendered":"Italia y Dinamarca exigen \u00abcentros de repatriaci\u00f3n en terceros pa\u00edses\u00bb en un comunicado que estigmatiza a los migrantes irregulares: \u00abCometen delitos violentos y trafican con drogas\u00bb"},"content":{"rendered":"<p class=\"L6-news-detail__text\">La primera ministra italiana, <b>Giorgia Meloni<\/b>, y su hom\u00f3loga danesa, <b>Mette Frederiksen<\/b>, publicaron este lunes un comunicado conjunto en el que rechazan \u00abla <b>inmigraci\u00f3n descontrolada<\/b>\u00bb y piden centros de repatriaci\u00f3n en terceros pa\u00edses.<\/p>\n<p class=\"L6-news-detail__text\">\u00abEntendemos que muchos puedan cuestionar nuestra colaboraci\u00f3n. Provenimos de posiciones pol\u00edticas muy diferentes y, desde luego, no coincidimos en todo. Somos las \u00fanicas dos mujeres jefas de gobierno en la UE. Una de nosotras dirige un gran pa\u00eds del sur; la otra, un peque\u00f1o pa\u00eds del norte. <b>Pero nos une nuestro deseo de defender Europa<\/b>\u00ab, comienza la nota publicada en las redes sociales de Meloni.<\/p>\n<p class=\"L6-news-detail__text\">Ambas afirman: \u00ab<b>No aceptamos la inmigraci\u00f3n descontrolada a Europa<\/b> y hemos promovido una pol\u00edtica de inmigraci\u00f3n rigurosa, tanto en nuestros pa\u00edses como en Europa\u00bb.<\/p>\n<p class=\"L6-news-detail__text\">Italia introdujo controles en aeropuertos y puertos para los viajeros procedentes de Espa\u00f1a despu\u00e9s de lo acontecido en Ceuta y posteriormente el Gobierno espa\u00f1ol, ante la negativa italiana de levantalos, impuso la misma medida para los que lleguen de Italia.<\/p>\n<p>\u00abEsta es la manera correcta de proteger a Europa\u00bb<\/p>\n<p class=\"L6-news-detail__text\">Las mandatarias aseguran que \u00abnadie puede negar las consecuencias negativas de la inmigraci\u00f3n ilegal en nuestras sociedades: aumento de los \u00edndices de delincuencia, creciente presi\u00f3n sobre los servicios p\u00fablicos y erosi\u00f3n de la confianza p\u00fablica\u00bb. Y agregan que esta situaci\u00f3n \u00abresulta especialmente grave cuando los inmigrantes ilegales, privados del derecho a permanecer en nuestros pa\u00edses, <b>cometen delitos violentos, trafican con drogas o son responsables de violencia sexual<\/b>\u00ab.<\/p>\n<p class=\"L6-news-detail__text\">Por ello, explican que su deber es \u00ab<b>brindar respuestas concretas a los ciudadanos<\/b>, especialmente a los m\u00e1s vulnerables, y garantizar una mayor seguridad y protecci\u00f3n para nuestras comunidades\u00bb. Y piden que se establezcan \u00abcentros de repatriaci\u00f3n en terceros pa\u00edses, as\u00ed como otras soluciones innovadoras fuera de Europa\u00bb, un proyecto que Italia ya ha realizado en Albania y ahora se piensa en algunos pa\u00edses africanos.<\/p>\n<p class=\"L6-news-detail__text\">Asimismo aseveran que \u00ab<b>el respeto a nuestras leyes debe ir de la mano del respeto a los valores europeos<\/b>. Esto se aplica tanto a los inmigrantes irregulares como a los millones de ciudadanos extranjeros que residen legalmente en nuestros pa\u00edses y en toda Europa\u00bb.<\/p>\n<p class=\"L6-news-detail__text\">\u00abAmbas estamos orgullosos del patrimonio cultural cristiano de Europa y queremos protegerlo. Esperamos que quienes vengan a nuestros pa\u00edses y elijan Europa como su hogar respeten nuestros valores y <b>no intenten imponernos modelos de vida que no compartimos<\/b>\u00ab, se\u00f1alan. Para ambas mandatarias \u00abesta es la manera correcta de proteger a Europa y nuestros valores comunes\u00bb.<\/p>\n<p class=\"L6-news-detail__text\"><b><a title=\"*A\u00f1ade laSexta como tu medio de referencia en Google y no te pierdas toda la actualidad y el mejor contenido\" href=\"https:\/\/www.google.com\/preferences\/source?q=lasexta.com\" target=\"_blank\" rel=\"nofollow noopener\">*A\u00f1ade laSexta como tu medio de referencia en Google y no te pierdas toda la actualidad y el mejor contenido<\/a><\/b><\/p>\n<p class=\"L6-support-news-video__title\">Temperaturas extremas<\/p>\n<p> <a href=\"https:\/\/www.lasexta.com\/noticias\/internacional\/sequia-reino-unido-danubio-agua-toda-italia-aviso-rojo-europa-ola-calor-generalizada-precedentes_202608096a78b76e71b42a0b5de608d4.html\" class=\"L6-news__link\" rel=\"nofollow noopener\" target=\"_blank\">Sequ\u00eda en el Reino Unido, el Danubio sin agua y toda Italia en aviso rojo: Europa, ante una ola de calor generalizada sin precedentes<\/p>\n<p class=\"recirculation-video-desc\">El dato En Eslovaquia, Rep\u00fablica Checa, Austria y Hungr\u00eda se han superado los 40 grados este fin de semana, registrando algunas de sus ciudades las temperaturas m\u00e1s altas de su historia.<\/p>\n<p> <\/a><\/p>\n","protected":false},"excerpt":{"rendered":"La primera ministra italiana, Giorgia Meloni, y su hom\u00f3loga danesa, Mette Frederiksen, publicaron este lunes un comunicado conjunto&hellip;\n","protected":false},"author":2,"featured_media":704011,"comment_status":"","ping_status":"","sticky":false,"template":"","format":"standard","meta":{"footnotes":""},"categories":[42],"tags":[17,18,4486,2496,2125,13,14,11,61,62,63,64,628,19,20,9,10,15,110362,16,12,21,22,65,66,67],"class_list":["post-704010","post","type-post","status-publish","format-standard","has-post-thumbnail","category-internacional","tag-breaking-news","tag-breakingnews","tag-ceuta","tag-dinamarca","tag-directo","tag-featured-news","tag-featurednews","tag-headlines","tag-internacional","tag-international","tag-international-news","tag-internationalnews","tag-italia","tag-latest-news","tag-latestnews","tag-news","tag-noticias","tag-noticias-destacadas","tag-noticias-ultima-hora","tag-noticiasdestacadas","tag-titulares","tag-ultimas-noticias","tag-ultimasnoticias","tag-world","tag-world-news","tag-worldnews"],"share_on_mastodon":{"url":"","error":"Validation failed: Text character limit of 500 exceeded"},"_links":{"self":[{"href":"https:\/\/www.europesays.com\/es\/wp-json\/wp\/v2\/posts\/704010","targetHints":{"allow":["GET"]}}],"collection":[{"href":"https:\/\/www.europesays.com\/es\/wp-json\/wp\/v2\/posts"}],"about":[{"href":"https:\/\/www.europesays.com\/es\/wp-json\/wp\/v2\/types\/post"}],"author":[{"embeddable":true,"href":"https:\/\/www.europesays.com\/es\/wp-json\/wp\/v2\/users\/2"}],"replies":[{"embeddable":true,"href":"https:\/\/www.europesays.com\/es\/wp-json\/wp\/v2\/comments?post=704010"}],"version-history":[{"count":0,"href":"https:\/\/www.europesays.com\/es\/wp-json\/wp\/v2\/posts\/704010\/revisions"}],"wp:featuredmedia":[{"embeddable":true,"href":"https:\/\/www.europesays.com\/es\/wp-json\/wp\/v2\/media\/704011"}],"wp:attachment":[{"href":"https:\/\/www.europesays.com\/es\/wp-json\/wp\/v2\/media?parent=704010"}],"wp:term":[{"taxonomy":"category","embeddable":true,"href":"https:\/\/www.europesays.com\/es\/wp-json\/wp\/v2\/categories?post=704010"},{"taxonomy":"post_tag","embeddable":true,"href":"https:\/\/www.europesays.com\/es\/wp-json\/wp\/v2\/tags?post=704010"}],"curies":[{"name":"wp","href":"https:\/\/api.w.org\/{rel}","templated":true}]}}