{"id":704122,"date":"2026-08-10T09:45:19","date_gmt":"2026-08-10T09:45:19","guid":{"rendered":"https:\/\/www.europesays.com\/es\/704122\/"},"modified":"2026-08-10T09:45:19","modified_gmt":"2026-08-10T09:45:19","slug":"los-origenes-de-elena-ochoa-antes-de-conocer-a-norman-foster-ser-gallega-me-ha-marcado-y-me-ha-servido-para-moverme-por-el-mundo","status":"publish","type":"post","link":"https:\/\/www.europesays.com\/es\/704122\/","title":{"rendered":"Los or\u00edgenes de Elena Ochoa antes de conocer a Norman Foster: \u00abSer gallega me ha marcado y me ha servido para moverme por el mundo\u00bb"},"content":{"rendered":"<p><strong><a href=\"https:\/\/theobjective.com\/gente\/2025-11-23\/elena-ochoa-mujer-norman-foster-madrid\/\" rel=\"nofollow noopener\" target=\"_blank\">Elena Ochoa<\/a><\/strong>, m\u00e1s conocida como lady Foster, se ha convertido en uno de los rostros m\u00e1s m\u00e1s influyentes en el panorama internacional del arte contempor\u00e1neo, la arquitectura y la edici\u00f3n, tiene unos or\u00edgenes profesionales y personales fascinantes marcados por una brillante carrera acad\u00e9mica antes de convertirse en la personalidad multicultural que es hoy. En la actualidad, Ochoa comparte su vida con el arquitecto <strong>Norman Foster<\/strong>, lo que hace que su implicaci\u00f3n social est\u00e9 m\u00e1s ligada al mundo del arte. <\/p>\n<p>Elena Ochoa naci\u00f3 en\u00a0<strong>Orense (Galicia) en 1958<\/strong>. Aunque su proyecci\u00f3n posterior se consolid\u00f3 en grandes metr\u00f3polis globales como Madrid, Londres o Nueva York, sus ra\u00edces gallegas le imprimieron un car\u00e1cter observador, tenaz y con una gran determinaci\u00f3n intelectual. Antes de ser conocida en el mundo del arte y los medios de comunicaci\u00f3n, Elena Ochoa construy\u00f3 una s\u00f3lida y prestigiosa carrera como cient\u00edfica y acad\u00e9mica. Se licenci\u00f3 y doctor\u00f3 en\u00a0<strong>Psicolog\u00eda<\/strong>\u00a0con un expediente brillante en la Universidad Complutense de Madrid.<\/p>\n<p>Las ra\u00edces de Elena Ochoa <\/p>\n<p><img fetchpriority=\"high\" decoding=\"async\" width=\"1024\" height=\"683\" src=\"https:\/\/www.europesays.com\/es\/wp-content\/uploads\/2026\/08\/ochoa-foster-1024x683.jpg\" alt=\"\" class=\"wp-image-3848296\"  \/>Norman Foster y Elena Ochoa, por las calles de Madrid en febrero de 2019. | Gtres<\/p>\n<p>Lleg\u00f3 a ser\u00a0<strong>catedr\u00e1tica de Psicopatolog\u00eda<\/strong>\u00a0en la Universidad Complutense de Madrid a una edad muy temprana y ejerci\u00f3 como investigadora y profesora en instituciones de \u00e9lite internacional, como el\u00a0King\u2019s College\u00a0de Londres, la Universidad de Chicago y la Universidad de California (UCLA). Adem\u00e1s, tambi\u00e9n desarroll\u00f3 una intensa labor como terapeuta y especialista en temas de patolog\u00eda cerebral, adicciones y sexolog\u00eda. A principios de los noventa, la vida de la Dra. Elena Ochoa dio un giro radical de popularidad cuando Televisi\u00f3n Espa\u00f1ola (TVE) le propuso dirigir y presentar el programa\u00a0<strong>Hablemos de sexo<\/strong>\u00a0\u2014creado por el cineasta Chicho Ib\u00e1\u00f1ez Serrador\u2014.<\/p>\n<p>Fue la primera vez que se abordaba la educaci\u00f3n sexual en la televisi\u00f3n espa\u00f1ola de forma cient\u00edfica, rigurosa, clara y sin tab\u00faes. Ochoa se convirti\u00f3 en un rostro enormemente popular y respetado en toda Espa\u00f1a, rompiendo moldes en un pa\u00eds que a\u00fan estaba superando prejuicios sociales de la \u00e9poca tras la transici\u00f3n. A finales de los noventa, tras completar su etapa televisiva y medi\u00e1tica, Elena Ochoa decidi\u00f3 reorientar su carrera hacia una de sus verdaderas pasiones; el arte contempor\u00e1neo, la arquitectura y el comisariado. Cre\u00f3 la c\u00e9lebre editorial y galer\u00eda\u00a0Ivorypress, una de las plataformas m\u00e1s exclusivas e innovadoras del mundo en la producci\u00f3n de\u00a0<strong>libros de artista<\/strong>. Ha colaborado estrechamente con figuras trascendentales de la creaci\u00f3n contempor\u00e1nea como Francis Bacon, Richard Long, Eduardo Chillida, Ai Weiwei o Maya Lin.<\/p>\n<p>\u00abSer gallega me ha marcado y me ha servido para moverme por el mundo\u00bb<\/p>\n<p>As\u00ed, Ivorypress\u00a0se expandi\u00f3 como espacio expositivo, librer\u00eda especializada y proyecto de mecenazgo educativo en el \u00e1mbito del dise\u00f1o y la arquitectura. Ella misma ha contado que ser gallega y de Orense le ha marcado \u00abprofundamente\u00bb. Y no solamente eso. Tambi\u00e9n, le ha dado las herramientas para \u00abmoverse por el mundo\u00bb. Conocer a\u00a0<strong>Norman Foster<\/strong>\u00a0supuso para Elena Ochoa un verdadero\u00a0<strong>giro de 180 grados<\/strong>, tanto en el plano vital como en el profesional, transformando a la popular psic\u00f3loga y acad\u00e9mica espa\u00f1ola en una de las personalidades m\u00e1s influyentes y respetadas del mecenazgo, el arte y la arquitectura a nivel internacional. <\/p>\n<p>Las ra\u00edces gallegas de\u00a0<strong>Elena Ochoa<\/strong>\u00a0son el cimiento de su personalidad,\u00a0una impronta que la ha acompa\u00f1ado siempre,desde sus a\u00f1os de catedr\u00e1tica e investigadora en Madrid hasta las esferas m\u00e1s exclusivas del arte mundial en Londres o Nueva York. Nacida en Orense en 1958, creci\u00f3 en el seno de una familia de fuerte arraigo local. Su infancia en la Galicia interior de mediados del siglo XX estuvo marcada por un ambiente en el que la disciplina intelectual, la curiosidad y la lectura eran pilares fundamentales. Orense no solo fue el escenario de sus primeros a\u00f1os escolares, sino el lugar donde molde\u00f3 su car\u00e1cter: una sobriedad t\u00edpica del interior gallego que m\u00e1s tarde la ayudar\u00eda a mantener los pies en la tierra en medio de la vor\u00e1gine medi\u00e1tica de los noventa y del glamour internacional posterior.<\/p>\n<p>Su historia de amor con el arquitecto brit\u00e1nico comenz\u00f3 en octubre de 1994 en una cena multitudinaria celebrada en un castillo de Toledo.\u00a0Curiosamente, la doctora estuvo a punto de declinar la invitaci\u00f3n porque llegaba agotada de un viaje, pero decidi\u00f3 acudir a \u00faltima hora. Ella misma ha recordado en entrevistas c\u00f3mo sucedi\u00f3 todo; en una sala con m\u00e1s de 200 invitados vestidos rigurosamente de negro y oscuro, vio al fondo a un \u00fanico hombre llamativo\u00a0<strong>vestido de pana beige<\/strong>.\u00a0Era el c\u00e9lebre arquitecto lord Norman Foster.\u00a0A pesar de los 23 a\u00f1os de diferencia de edad que exist\u00edan entre ambos, el magnetismo, la afinidad intelectual y la pasi\u00f3n compartida por el arte surgieron de forma inmediata.<\/p>\n<p><img loading=\"lazy\" decoding=\"async\" width=\"1024\" height=\"683\" src=\"https:\/\/www.europesays.com\/es\/wp-content\/uploads\/2026\/08\/elena-ochoa-dos-1024x683.jpg\" alt=\"\" class=\"wp-image-3848292\"  \/>Elena Ochoa est\u00e1 muy unida a sus ra\u00edces. | Gtres<\/p>\n<p>En 1996 se casaron en una ceremonia que dio la vuelta al mundo. Al unir su vida a la de Foster, Elena pas\u00f3 a ser conocida como\u00a0<strong>lady Foster<\/strong>\u00a0y tom\u00f3 la valiente y arriesgada decisi\u00f3n de dejar atr\u00e1s <strong>su destacad\u00edsima carrera<\/strong> como catedr\u00e1tica y presentadora estelar en Espa\u00f1a para mudarse a Londres. Su entorno vital cambi\u00f3 dr\u00e1sticamente: pas\u00f3 de la exposici\u00f3n medi\u00e1tica popular espa\u00f1ola a integrarse en la m\u00e1s alta \u00e9lite intelectual, cultural y aristocr\u00e1tica de Europa. M\u00e1s tarde tuvieron a sus dos hijos,\u00a0<strong>Paola<\/strong>\u00a0y\u00a0<strong>Eduardo<\/strong>, construyendo un entorno familiar profundamente volcado en la educaci\u00f3n art\u00edstica y el pensamiento contempor\u00e1neo.<\/p>\n<p>En lugar de acomodarse en el rol de esposa de un genio de la arquitectura, la llegada de Norman Foster a su vida actu\u00f3 como un catalizador para canalizar su propia inquietud creativa. Apenas dos a\u00f1os despu\u00e9s de conocerse, en 1996, Elena fund\u00f3\u00a0<strong>Ivorypress<\/strong>. Esta plataforma editorial y galer\u00eda se convirti\u00f3 en su gran proyecto personal, especializ\u00e1ndose en libros de artista de coleccionista y comisariado internacional de arte y arquitectura. Gracias a la sinergia con la red de creadores de Foster y a su propia capacidad de gesti\u00f3n, Elena trabaj\u00f3 codo a codo con titanes del arte como Richard Serra, Maya Lin o Ai Weiwei.<\/p>\n<p>La relaci\u00f3n no solo transform\u00f3 la vida de Elena;\u00a0tambi\u00e9n redefini\u00f3 la de Norman Foster.\u00a0Juntos crearon un aut\u00e9ntico imperio de mecenazgo cultural.\u00a0El brit\u00e1nico ha definido en m\u00faltiples ocasiones a Elena como una mujer de una\u00a0\u00ab<strong>pasi\u00f3n extraordinaria y una fuerza incre\u00edble<\/strong>\u00bb\u00a0que reinvent\u00f3 su forma de ver el mundo. La pareja impuls\u00f3 proyectos de escala global, culminando en la creaci\u00f3n de la\u00a0<strong>Norman Foster Foundation<\/strong>\u00a0\u2014con sede principal en Madrid\u2014, donde Elena ejerce un papel determinante en el patronato y la vicepresidencia para formar a j\u00f3venes talentos de la arquitectura, el dise\u00f1o y el urbanismo del futuro.<\/p>\n","protected":false},"excerpt":{"rendered":"Elena Ochoa, m\u00e1s conocida como lady Foster, se ha convertido en uno de los rostros m\u00e1s m\u00e1s influyentes&hellip;\n","protected":false},"author":2,"featured_media":704123,"comment_status":"","ping_status":"","sticky":false,"template":"","format":"standard","meta":{"footnotes":""},"categories":[173],"tags":[229,233,231,230,255,232,234,146,147,25,24,816,63317,7387,4412,23],"class_list":["post-704122","post","type-post","status-publish","format-standard","has-post-thumbnail","category-arte-y-diseno","tag-arte","tag-arte-y-diseno","tag-arts","tag-arts-and-design","tag-celebrities","tag-design","tag-diseno","tag-entertainment","tag-entretenimiento","tag-es","tag-espana","tag-galicia","tag-norman-foster","tag-orense","tag-relaciones-de-pareja","tag-spain"],"share_on_mastodon":{"url":"https:\/\/pubeurope.com\/@es\/117070576085607356","error":""},"_links":{"self":[{"href":"https:\/\/www.europesays.com\/es\/wp-json\/wp\/v2\/posts\/704122","targetHints":{"allow":["GET"]}}],"collection":[{"href":"https:\/\/www.europesays.com\/es\/wp-json\/wp\/v2\/posts"}],"about":[{"href":"https:\/\/www.europesays.com\/es\/wp-json\/wp\/v2\/types\/post"}],"author":[{"embeddable":true,"href":"https:\/\/www.europesays.com\/es\/wp-json\/wp\/v2\/users\/2"}],"replies":[{"embeddable":true,"href":"https:\/\/www.europesays.com\/es\/wp-json\/wp\/v2\/comments?post=704122"}],"version-history":[{"count":0,"href":"https:\/\/www.europesays.com\/es\/wp-json\/wp\/v2\/posts\/704122\/revisions"}],"wp:featuredmedia":[{"embeddable":true,"href":"https:\/\/www.europesays.com\/es\/wp-json\/wp\/v2\/media\/704123"}],"wp:attachment":[{"href":"https:\/\/www.europesays.com\/es\/wp-json\/wp\/v2\/media?parent=704122"}],"wp:term":[{"taxonomy":"category","embeddable":true,"href":"https:\/\/www.europesays.com\/es\/wp-json\/wp\/v2\/categories?post=704122"},{"taxonomy":"post_tag","embeddable":true,"href":"https:\/\/www.europesays.com\/es\/wp-json\/wp\/v2\/tags?post=704122"}],"curies":[{"name":"wp","href":"https:\/\/api.w.org\/{rel}","templated":true}]}}