{"id":704190,"date":"2026-08-10T10:39:16","date_gmt":"2026-08-10T10:39:16","guid":{"rendered":"https:\/\/www.europesays.com\/es\/704190\/"},"modified":"2026-08-10T10:39:16","modified_gmt":"2026-08-10T10:39:16","slug":"la-incredulidad-de-espargaro-ante-la-actuacion-de-marquez-en-silverstone-no-es-el-marc-que-conocemos","status":"publish","type":"post","link":"https:\/\/www.europesays.com\/es\/704190\/","title":{"rendered":"La incredulidad de Espargar\u00f3 ante la actuaci\u00f3n de M\u00e1rquez en Silverstone: \u00abNo es el Marc que conocemos\u00bb"},"content":{"rendered":"<p class=\"L6-news-detail__text\"><b><a title=\"Marc M\u00e1rquez\" href=\"https:\/\/www.lasexta.com\/noticias\/deportes\/motor\/excepcional-marquez-increible-salida-marc-silverstone-frente-aprilia_202608096a7879c871b42a0b5de5ad44.html\" target=\"_blank\" rel=\"nofollow noopener\">Marc M\u00e1rquez<\/a><\/b> tendr\u00e1 que esperar un poco m\u00e1s para completar su ansiada remontada y optar a revalidar el t\u00edtulo de campe\u00f3n de <b>MotoGP<\/b>. El <b>GP de Gran Breta\u00f1a<\/b> fue el escenario de una carrera complicada para el ilerdense, que no pudo obtener un mejor resultado que un s\u00e9ptimo puesto.<\/p>\n<p class=\"L6-news-detail__text\">Ante tal desenlace en Silverstone y, con la victoria de <b>Ra\u00fal Fern\u00e1ndez<\/b> y el doble podio de las <b>Aprilia <\/b>de <b><a title=\"Jorge Martin\" href=\"https:\/\/www.lasexta.com\/noticias\/deportes\/motor\/motogp-senala-piloto-que-batira-marc-marquez-titulo-jorge-martin_202608056a731e8ca5690f047367abb5.html\" target=\"_blank\" rel=\"nofollow noopener\">Jorge Martin<\/a><\/b><b> y Marco Bezzecchi<\/b>, el eneacampe\u00f3n del mundo tendr\u00e1 que esperar hasta el pr\u00f3ximo <b>GP de Arag\u00f3n<\/b> para intentar reducir los 40 puntos de diferencia que le separan del liderato.<\/p>\n<p class=\"L6-news-detail__text\">Sin embargo, la imagen que dej\u00f3 M\u00e1rquez durante la carrera fue muy alejada de lo que se esperaba de \u00e9l y el equipo <b>Ducati<\/b>. \u00abYo creo que ha ido reserv\u00e1ndose durante toda la carrera y <b>ese no es el Marc que conocemos. \u00c9l es un t\u00edo explosivo, r\u00e1pido, el\u00e9ctrico\u00bb<\/b>, ha se\u00f1alado <b>Pol Espargar\u00f3<\/b>, piloto reserva de <b>KTM<\/b>.<\/p>\n<p class=\"L6-news-detail__text\">En un an\u00e1lisis realizado por el espa\u00f1ol en &#8216;DAZN&#8217;, este asegura que Marc ha estado sufriendo muchas dificultades durante la carrera, por las cuales no ha podido rendir a su nivel.<\/p>\n<p class=\"L6-news-detail__text\">Por \u00faltimo, Espargar\u00f3 ha hecho hincapi\u00e9 en la degradaci\u00f3n del neum\u00e1tico de M\u00e1rquez, motivo por el que podr\u00eda haber perdido velocidad y agarre. <b>\u00abLo de ayer ya fue muy extra\u00f1o y tuvo una degradaci\u00f3n ya por encima de lo que es normal<\/b>. Marc no es un piloto que realmente consuma much\u00edsimo m\u00e1s en los neum\u00e1ticos que los dem\u00e1s, <b>es un piloto que es muy ligero\u00bb,<\/b> concluye.<\/p>\n<p class=\"L6-news-detail__text\"><b><a title=\"*A\u00f1ade laSexta como tu medio de referencia en Google y no te pierdas toda la actualidad y el mejor contenido\" href=\"https:\/\/www.google.com\/preferences\/source?q=lasexta.com\" target=\"_blank\" rel=\"nofollow noopener\">*A\u00f1ade laSexta como tu medio de referencia en Google y no te pierdas toda la actualidad y el mejor contenido<\/a><\/b><\/p>\n<p class=\"L6-support-news-video__title\">Rumbo a 2030<\/p>\n<p> <a href=\"https:\/\/www.lasexta.com\/noticias\/deportes\/futbol\/historia-mundial-tripartito-espana-portugal-suma-marruecos-primera-copa-mundo-tres-continentes_202608066a7495c4a5690f04736a97e1.html\" class=\"L6-news__link\" rel=\"nofollow noopener\" target=\"_blank\">Historia de un Mundial tripartito: de Espa\u00f1a y Portugal hasta la suma de Marruecos y la primera Copa del Mundo en tres continentes<\/p>\n<p class=\"recirculation-video-desc\">Los detalles Lo que comenz\u00f3 siendo una candidatura ib\u00e9rica en 2021 pas\u00f3 a sumar a Ucrania en 2022 en lo que fue un imposible. En 2023 lleg\u00f3 el pa\u00eds africano y luego Argentina, Paraguay y Uruguay por los 100 a\u00f1os del torneo.<\/p>\n<p> <\/a><\/p>\n","protected":false},"excerpt":{"rendered":"Marc M\u00e1rquez tendr\u00e1 que esperar un poco m\u00e1s para completar su ansiada remontada y optar a revalidar el&hellip;\n","protected":false},"author":2,"featured_media":704191,"comment_status":"","ping_status":"","sticky":false,"template":"","format":"standard","meta":{"footnotes":""},"categories":[93],"tags":[168,25,24,126734,13638,12143,110362,23,167],"class_list":["post-704190","post","type-post","status-publish","format-standard","has-post-thumbnail","category-deportes","tag-deportes","tag-es","tag-espana","tag-gp-de-gran-bretana","tag-marc-marquez","tag-motogp","tag-noticias-ultima-hora","tag-spain","tag-sports"],"share_on_mastodon":{"url":"https:\/\/pubeurope.com\/@es\/117070788576111866","error":""},"_links":{"self":[{"href":"https:\/\/www.europesays.com\/es\/wp-json\/wp\/v2\/posts\/704190","targetHints":{"allow":["GET"]}}],"collection":[{"href":"https:\/\/www.europesays.com\/es\/wp-json\/wp\/v2\/posts"}],"about":[{"href":"https:\/\/www.europesays.com\/es\/wp-json\/wp\/v2\/types\/post"}],"author":[{"embeddable":true,"href":"https:\/\/www.europesays.com\/es\/wp-json\/wp\/v2\/users\/2"}],"replies":[{"embeddable":true,"href":"https:\/\/www.europesays.com\/es\/wp-json\/wp\/v2\/comments?post=704190"}],"version-history":[{"count":0,"href":"https:\/\/www.europesays.com\/es\/wp-json\/wp\/v2\/posts\/704190\/revisions"}],"wp:featuredmedia":[{"embeddable":true,"href":"https:\/\/www.europesays.com\/es\/wp-json\/wp\/v2\/media\/704191"}],"wp:attachment":[{"href":"https:\/\/www.europesays.com\/es\/wp-json\/wp\/v2\/media?parent=704190"}],"wp:term":[{"taxonomy":"category","embeddable":true,"href":"https:\/\/www.europesays.com\/es\/wp-json\/wp\/v2\/categories?post=704190"},{"taxonomy":"post_tag","embeddable":true,"href":"https:\/\/www.europesays.com\/es\/wp-json\/wp\/v2\/tags?post=704190"}],"curies":[{"name":"wp","href":"https:\/\/api.w.org\/{rel}","templated":true}]}}