{"id":704430,"date":"2026-08-10T14:00:14","date_gmt":"2026-08-10T14:00:14","guid":{"rendered":"https:\/\/www.europesays.com\/es\/704430\/"},"modified":"2026-08-10T14:00:14","modified_gmt":"2026-08-10T14:00:14","slug":"la-moncloa-interior-activa-el-puesto-de-mando-unificado-que-coordina-el-dispositivo-de-seguimiento-del-eclipse-solar","status":"publish","type":"post","link":"https:\/\/www.europesays.com\/es\/704430\/","title":{"rendered":"La Moncloa. Interior activa el Puesto de Mando Unificado que coordina el dispositivo de seguimiento del eclipse solar"},"content":{"rendered":"<p class=\"main-image\">&#13;&#13;<img decoding=\"async\" alt=\"Puesto de Mando Unificado que dirige y coordina el dispositivo de seguimiento del eclipse solar.\" title=\"Puesto de Mando Unificado que dirige y coordina el dispositivo de seguimiento del eclipse solar.\" src=\"https:\/\/www.europesays.com\/es\/wp-content\/uploads\/2026\/08\/100826-pmu-seguimiento-eclipse-solar.JPG\"\/>&#13;Puesto de Mando Unificado que dirige y coordina el dispositivo de seguimiento del eclipse solar.&#13;&#13;<\/p>\n<p>&#13;<\/p>\n<p>El Ministerio del Interior ha activado el Puesto de Mando Unificado (PMU) que dirigir\u00e1 y coordinar\u00e1 los dispositivos de seguridad y de protecci\u00f3n civil para prever cualquier tipo de emergencia que pueda afectar a los cientos de miles de personas que este mi\u00e9rcoles contemplar\u00e1n el eclipse solar en los territorios de la Pen\u00ednsula en los que podr\u00e1 observarse en su totalidad. <\/p>\n<p>El PMU ha quedado instalado en Centro Nacional de Seguimiento y Coordinaci\u00f3n de Emergencias (CENEM) de la Secretar\u00eda General de Protecci\u00f3n Civil y Emergencias e integra un equipo de este centro y otro de la Secretar\u00eda de Estado de Seguridad al objeto de garantizar la coordinaci\u00f3n operativa y el seguimiento integral del eclipse solar, un fen\u00f3meno astron\u00f3mico que concentrar\u00e1 una elevada afluencia de ciudadanos en numerosos puntos del territorio nacional.<\/p>\n<p>El PMU monitorizar\u00e1 de manera permanente la situaci\u00f3n antes, durante y despu\u00e9s del eclipse para habilitar la toma de decisiones en tiempo real y la coordinaci\u00f3n entre todos los organismos implicados. En este Puesto de Mando Unificado est\u00e1n presentes tambi\u00e9n responsables de Polic\u00eda Nacional, Guardia Civil y Direcci\u00f3n General de Tr\u00e1fico (DGT).<\/p>\n<p>Como elemento central del operativo, el PMU contar\u00e1 con una herramienta tecnol\u00f3gica de seguimiento desarrollada de manera espec\u00edfica para este evento que integrar\u00e1 la informaci\u00f3n procedente de los distintos puntos de observaci\u00f3n y de los organismos participantes.<\/p>\n<p>Esta plataforma permitir\u00e1 disponer de una visi\u00f3n conjunta y actualizada de la situaci\u00f3n sobre el terreno, facilitando la supervisi\u00f3n continua del dispositivo, el intercambio de informaci\u00f3n y una mayor capacidad de an\u00e1lisis y respuesta ante cualquier incidencia que pudiera producirse.<\/p>\n<p>La activaci\u00f3n de este centro de coordinaci\u00f3n se enmarca en las medidas preventivas adoptadas por el Sistema Nacional de Protecci\u00f3n Civil para garantizar la seguridad de la poblaci\u00f3n y minimizar los riesgos asociados a la movilidad, la concentraci\u00f3n de personas y las posibles emergencias derivadas del evento.<\/p>\n<p>Las autoridades recuerdan a la ciudadan\u00eda la importancia de seguir las recomendaciones oficiales para la observaci\u00f3n segura del eclipse, planificar con antelaci\u00f3n cualquier desplazamiento y respetar las indicaciones de los servicios de emergencia y seguridad. Se insiste en el uso de gafas homologadas para la visi\u00f3n del evento, as\u00ed como en extremar las precauciones para prevenir incendios forestales y proteger los espacios naturales que puedan registrar una mayor afluencia de visitantes.<\/p>\n<p>&#13;<\/p>\n","protected":false},"excerpt":{"rendered":"&#13;&#13;&#13;Puesto de Mando Unificado que dirige y coordina el dispositivo de seguimiento del eclipse solar.&#13;&#13; &#13; El Ministerio&hellip;\n","protected":false},"author":2,"featured_media":704431,"comment_status":"","ping_status":"","sticky":false,"template":"","format":"standard","meta":{"footnotes":""},"categories":[5],"tags":[517,17,18,25,24,13,14,11,584,19,20,9,10,15,16,2330,23,12,21,22],"class_list":["post-704430","post","type-post","status-publish","format-standard","has-post-thumbnail","category-titulares","tag-actualidad","tag-breaking-news","tag-breakingnews","tag-es","tag-espana","tag-featured-news","tag-featurednews","tag-headlines","tag-interior","tag-latest-news","tag-latestnews","tag-news","tag-noticias","tag-noticias-destacadas","tag-noticiasdestacadas","tag-prensa","tag-spain","tag-titulares","tag-ultimas-noticias","tag-ultimasnoticias"],"share_on_mastodon":{"url":"https:\/\/pubeurope.com\/@es\/117071578832792754","error":""},"_links":{"self":[{"href":"https:\/\/www.europesays.com\/es\/wp-json\/wp\/v2\/posts\/704430","targetHints":{"allow":["GET"]}}],"collection":[{"href":"https:\/\/www.europesays.com\/es\/wp-json\/wp\/v2\/posts"}],"about":[{"href":"https:\/\/www.europesays.com\/es\/wp-json\/wp\/v2\/types\/post"}],"author":[{"embeddable":true,"href":"https:\/\/www.europesays.com\/es\/wp-json\/wp\/v2\/users\/2"}],"replies":[{"embeddable":true,"href":"https:\/\/www.europesays.com\/es\/wp-json\/wp\/v2\/comments?post=704430"}],"version-history":[{"count":0,"href":"https:\/\/www.europesays.com\/es\/wp-json\/wp\/v2\/posts\/704430\/revisions"}],"wp:featuredmedia":[{"embeddable":true,"href":"https:\/\/www.europesays.com\/es\/wp-json\/wp\/v2\/media\/704431"}],"wp:attachment":[{"href":"https:\/\/www.europesays.com\/es\/wp-json\/wp\/v2\/media?parent=704430"}],"wp:term":[{"taxonomy":"category","embeddable":true,"href":"https:\/\/www.europesays.com\/es\/wp-json\/wp\/v2\/categories?post=704430"},{"taxonomy":"post_tag","embeddable":true,"href":"https:\/\/www.europesays.com\/es\/wp-json\/wp\/v2\/tags?post=704430"}],"curies":[{"name":"wp","href":"https:\/\/api.w.org\/{rel}","templated":true}]}}