{"id":704456,"date":"2026-08-10T14:21:10","date_gmt":"2026-08-10T14:21:10","guid":{"rendered":"https:\/\/www.europesays.com\/es\/704456\/"},"modified":"2026-08-10T14:21:10","modified_gmt":"2026-08-10T14:21:10","slug":"eclipses-historicos-donde-el-mundo-se-paralizo-para-mirar-el-cielo","status":"publish","type":"post","link":"https:\/\/www.europesays.com\/es\/704456\/","title":{"rendered":"Eclipses hist\u00f3ricos donde el mundo se paraliz\u00f3 para mirar el cielo"},"content":{"rendered":"<p>Espa\u00f1a se prepara para vivir un eclipse hist\u00f3rico este 12 de agosto. Miles de personas ya se organizan para encontrar el mejor lugar desde el que contemplarlo. Pero no ser\u00e1 la primera vez que un eclipse provoca grandes desplazamientos: en distintos lugares del mundo, estos fen\u00f3menos han generado atascos, aglomeraciones e incluso cambios en el calendario escolar. El m\u00e1s reciente gran eclipse solar total visible en Norteam\u00e9rica ocurri\u00f3 el <b>8 de abril de 2024<\/b>. Atraves\u00f3 <b>M\u00e9xico<\/b>, <b>Estados Unidos <\/b>y <b>Canad\u00e1 <\/b>y fue seguido por millones de personas. Ante la llegada masiva de visitantes, algunas zonas prepararon dispositivos especiales de tr\u00e1fico y cientos de colegios en varios estados estadounidenses cerraron o modificaron su actividad escolar.<\/p>\n<p>Pero el precedente m\u00e1s llamativo en las carreteras fue el <b>21 de agosto de 2017<\/b>. El eclipse atraves\u00f3 Estados Unidos de costa a costa y provoc\u00f3 importantes retenciones. En <b>Idaho<\/b>, los atascos continuaron<b> m\u00e1s de ocho horas <\/b>despu\u00e9s de terminar el eclipse. Algunos conductores aseguraron haber tardado <b>m\u00e1s de tres horas en recorrer unos 48 kil\u00f3metros <\/b>entre Idaho Falls y Blackfoot.<\/p>\n<p>El <b>14 de octubre de 2023<\/b> fue otra fecha se\u00f1alada. Millones de personas salieron a contemplar un eclipse solar anular, conocido como \u00ab<b>anillo de fuego<\/b>\u00ab. Se produce cuando la Luna pasa entre la Tierra y el Sol estando cerca de su mayor distancia de nuestro planeta. Al verse ligeramente m\u00e1s peque\u00f1a que el Sol, no consigue ocultarlo por completo y deja visible un brillante anillo de luz.<\/p>\n<p>1999: un eclipse hist\u00f3rico en Europa<\/p>\n<p>El <b>11 de agosto de 1999<\/b>, Europa vivi\u00f3 uno de los eclipses solares m\u00e1s medi\u00e1ticos del siglo XX. La sombra de la Luna convirti\u00f3 el d\u00eda en noche a lo largo de la franja de totalidad y millones de personas salieron a contemplarlo.<\/p>\n<p>La sombra recorri\u00f3 pa\u00edses como <b>Reino Unido<\/b>, Francia, <b>B\u00e9lgica<\/b>, Alemania, <b>Austria<\/b>, Hungr\u00eda y <b>Ruman\u00eda<\/b>. En este \u00faltimo pa\u00eds se alcanz\u00f3 la <b>m\u00e1xima duraci\u00f3n <\/b>de la totalidad: <b>2 minutos y 23 segundos<\/b>.<\/p>\n<p>Ahora, 27 a\u00f1os despu\u00e9s, la historia vuelve a Espa\u00f1a. El <b>12 de agosto de 2026<\/b>, un eclipse solar total atravesar\u00e1 la Pen\u00ednsula Ib\u00e9rica. Ser\u00e1 el <b>primero visible como total desde la Pen\u00ednsula desde 1912<\/b>, hace 114 a\u00f1os. La franja de totalidad cruzar\u00e1 13 comunidades aut\u00f3nomas.<\/p>\n<p>Y la excepcionalidad no termina ah\u00ed. Espa\u00f1a vivir\u00e1 un aut\u00e9ntico <b>tr\u00edo de eclipses<\/b>: uno total en 2026, otro total en 2027 y un eclipse anular en 2028. El de <b>2 de agosto de 2027<\/b> ser\u00e1 especialmente extraordinario: ser\u00e1 el eclipse solar total m\u00e1s largo del siglo XXI visible desde Europa, con hasta <b>cinco minutos de totalidad en Ceuta<\/b>.<\/p>\n<p><img alt=\"Patitos de goma\" width=\"472\" height=\"266\" src=\"https:\/\/www.europesays.com\/es\/wp-content\/uploads\/2026\/08\/patitos-goma_177.jpg\" loading=\"lazy\" class=\"lazy video-main-picture\"  decoding=\"async\" \/><\/p>\n","protected":false},"excerpt":{"rendered":"Espa\u00f1a se prepara para vivir un eclipse hist\u00f3rico este 12 de agosto. Miles de personas ya se organizan&hellip;\n","protected":false},"author":2,"featured_media":704457,"comment_status":"","ping_status":"","sticky":false,"template":"","format":"standard","meta":{"footnotes":""},"categories":[42],"tags":[17,18,32994,19046,24,629,13,14,11,1903,61,62,63,64,19,20,9,10,15,16,5635,12,21,22,65,66,67],"class_list":["post-704456","post","type-post","status-publish","format-standard","has-post-thumbnail","category-internacional","tag-breaking-news","tag-breakingnews","tag-eclipse","tag-eclipse-solar","tag-espana","tag-estados-unidos","tag-featured-news","tag-featurednews","tag-headlines","tag-historico","tag-internacional","tag-international","tag-international-news","tag-internationalnews","tag-latest-news","tag-latestnews","tag-news","tag-noticias","tag-noticias-destacadas","tag-noticiasdestacadas","tag-planeta","tag-titulares","tag-ultimas-noticias","tag-ultimasnoticias","tag-world","tag-world-news","tag-worldnews"],"share_on_mastodon":{"url":"https:\/\/pubeurope.com\/@es\/117071662049298403","error":""},"_links":{"self":[{"href":"https:\/\/www.europesays.com\/es\/wp-json\/wp\/v2\/posts\/704456","targetHints":{"allow":["GET"]}}],"collection":[{"href":"https:\/\/www.europesays.com\/es\/wp-json\/wp\/v2\/posts"}],"about":[{"href":"https:\/\/www.europesays.com\/es\/wp-json\/wp\/v2\/types\/post"}],"author":[{"embeddable":true,"href":"https:\/\/www.europesays.com\/es\/wp-json\/wp\/v2\/users\/2"}],"replies":[{"embeddable":true,"href":"https:\/\/www.europesays.com\/es\/wp-json\/wp\/v2\/comments?post=704456"}],"version-history":[{"count":0,"href":"https:\/\/www.europesays.com\/es\/wp-json\/wp\/v2\/posts\/704456\/revisions"}],"wp:featuredmedia":[{"embeddable":true,"href":"https:\/\/www.europesays.com\/es\/wp-json\/wp\/v2\/media\/704457"}],"wp:attachment":[{"href":"https:\/\/www.europesays.com\/es\/wp-json\/wp\/v2\/media?parent=704456"}],"wp:term":[{"taxonomy":"category","embeddable":true,"href":"https:\/\/www.europesays.com\/es\/wp-json\/wp\/v2\/categories?post=704456"},{"taxonomy":"post_tag","embeddable":true,"href":"https:\/\/www.europesays.com\/es\/wp-json\/wp\/v2\/tags?post=704456"}],"curies":[{"name":"wp","href":"https:\/\/api.w.org\/{rel}","templated":true}]}}