{"id":704728,"date":"2026-08-10T17:55:17","date_gmt":"2026-08-10T17:55:17","guid":{"rendered":"https:\/\/www.europesays.com\/es\/704728\/"},"modified":"2026-08-10T17:55:17","modified_gmt":"2026-08-10T17:55:17","slug":"aprilia-ve-venir-la-amenaza-de-marquez-los-siguiente-circuitos-son-muy-ducati","status":"publish","type":"post","link":"https:\/\/www.europesays.com\/es\/704728\/","title":{"rendered":"Aprilia ve venir la &#8216;amenaza&#8217; de M\u00e1rquez: \u00abLos siguiente circuitos son muy Ducati&#8230;\u00bb"},"content":{"rendered":"<p class=\"L6-news-detail__text\"><b><a title=\"Aprilia\" href=\"https:\/\/www.lasexta.com\/noticias\/deportes\/motor\/raul-fernandez-confirma-vuelta-aprilia-bajon-marquez_202608096a787e91a046ad6ebca79fb5.html\" target=\"_blank\" rel=\"nofollow noopener\">Aprilia<\/a><\/b> ha dominado con mucha contundencia el <b>Gran Premio de Gran Breta\u00f1a<\/b>. Las motos de la marca veneciana han sido muy superiores al resto de la parrilla y el podio ha sido una gran prueba de ello.<\/p>\n<p class=\"L6-news-detail__text\"><b>Ra\u00fal Fern\u00e1ndez<\/b>, <b><a title=\"Jorge Mart\u00edn\" href=\"https:\/\/www.lasexta.com\/noticias\/deportes\/motor\/formula1\/cuantos-caballos-potencia-tendra-aston-martin-alonso-nuevo-motor-honda-responde_202608096a786e96a046ad6ebca788a8.html\" target=\"_blank\" rel=\"nofollow noopener\">Jorge Mart\u00edn<\/a><\/b> y <b>Marco Bezzecchi<\/b>, los tres pilotos de Aprilia, fueron los tres primeros clasificados de una carrera en la que, adem\u00e1s, estuvieron muy por encima de sus m\u00e1ximo rivales por el t\u00edtulo, las Ducati. <b><a title=\"\u00c1lex M\u00e1rquez\" href=\"https:\/\/www.lasexta.com\/noticias\/deportes\/motor\/brutal-autocritica-alex-marquez-perder-podio-silverstone-estoy-cabreado_202608106a79d1f1a046ad6ebca9b0af.html\" target=\"_blank\" rel=\"nofollow noopener\">\u00c1lex M\u00e1rquez<\/a><\/b> fue cuarto y Marc, s\u00e9ptimo.<\/p>\n<p class=\"L6-news-detail__text\">Lo realmente diferencial fue la gesti\u00f3n del neum\u00e1tico trasero. La <b>Ducati<\/b> sufri\u00f3 mucho tanto en las \u00faltimas vueltas de la &#8216;sprint&#8217; como de la carrera del domingo. En un GP en el que Marc llegaba a solo 18 puntos de Jorge. El ilerdense se va a m\u00e1s de 40 adem\u00e1s de haber perdido la tercera posici\u00f3n con <b>Bezzecchi<\/b>.<\/p>\n<p class=\"L6-news-detail__text\">A\u00fan as\u00ed, <b>Massimo Rivola<\/b> no se f\u00eda lo m\u00e1s m\u00ednimo de Marc y de Ducati. El directivo no quiere que haya un exceso de confianza en Aprilia despu\u00e9s de este magn\u00edfico GP de Gran Breta\u00f1a: \u00abArag\u00f3n creo que es un <b>circuito muy de Marc<\/b>; los otros dos (Misano y el Red Bull Ring), <b>muy de Ducati<\/b>\u00ab.<\/p>\n<p class=\"L6-news-detail__text\">\u00abPero creo que Aprilia ha demostrado desde mediados del a\u00f1o pasado que empieza a llevarse bien con muchas m\u00e1s pistas que en el pasado. Y con dos pilotos as\u00ed y con un equipo tan unido y en forma, no quiero decir que <b>no le tengamos miedo a nadie<\/b>, pero desde luego nos la jugaremos hasta el final\u00bb, ha asegurado Rivola en declaraciones que recoge &#8216;Motosan&#8217;.<\/p>\n<p class=\"L6-news-detail__text\"><b><a title=\"*A\u00f1ade laSexta como tu medio de referencia en Google y no te pierdas toda la actualidad y el mejor contenido\" href=\"https:\/\/www.google.com\/preferences\/source?q=lasexta.com\" target=\"_blank\" rel=\"nofollow noopener\">*A\u00f1ade laSexta como tu medio de referencia en Google y no te pierdas toda la actualidad y el mejor contenido<\/a><\/b><\/p>\n<p class=\"L6-support-news-video__title\">Decisi\u00f3n inminente<\/p>\n<p> <a href=\"https:\/\/www.lasexta.com\/noticias\/deportes\/futbol\/barca-real-madrid-pelean-rodri-clasico-juega-despachos_202608066a7488f271b42a0b5ddfc78b.html\" class=\"L6-news__link\" rel=\"nofollow noopener\" target=\"_blank\">Bar\u00e7a y Real Madrid se pelean por Rodri: &#8216;El Cl\u00e1sico&#8217; se juega en los despachos<\/p>\n<p class=\"recirculation-video-desc\">El club blanco estaba muy cerca de cerrar su fichaje, pero el FC Barcelona ha irrumpido en las \u00faltimas horas.<\/p>\n<p> <\/a><\/p>\n","protected":false},"excerpt":{"rendered":"Aprilia ha dominado con mucha contundencia el Gran Premio de Gran Breta\u00f1a. Las motos de la marca veneciana&hellip;\n","protected":false},"author":2,"featured_media":704729,"comment_status":"","ping_status":"","sticky":false,"template":"","format":"standard","meta":{"footnotes":""},"categories":[93],"tags":[168,25,24,13638,12143,110362,23,167],"class_list":["post-704728","post","type-post","status-publish","format-standard","has-post-thumbnail","category-deportes","tag-deportes","tag-es","tag-espana","tag-marc-marquez","tag-motogp","tag-noticias-ultima-hora","tag-spain","tag-sports"],"share_on_mastodon":{"url":"https:\/\/pubeurope.com\/@es\/117072502758435872","error":""},"_links":{"self":[{"href":"https:\/\/www.europesays.com\/es\/wp-json\/wp\/v2\/posts\/704728","targetHints":{"allow":["GET"]}}],"collection":[{"href":"https:\/\/www.europesays.com\/es\/wp-json\/wp\/v2\/posts"}],"about":[{"href":"https:\/\/www.europesays.com\/es\/wp-json\/wp\/v2\/types\/post"}],"author":[{"embeddable":true,"href":"https:\/\/www.europesays.com\/es\/wp-json\/wp\/v2\/users\/2"}],"replies":[{"embeddable":true,"href":"https:\/\/www.europesays.com\/es\/wp-json\/wp\/v2\/comments?post=704728"}],"version-history":[{"count":0,"href":"https:\/\/www.europesays.com\/es\/wp-json\/wp\/v2\/posts\/704728\/revisions"}],"wp:featuredmedia":[{"embeddable":true,"href":"https:\/\/www.europesays.com\/es\/wp-json\/wp\/v2\/media\/704729"}],"wp:attachment":[{"href":"https:\/\/www.europesays.com\/es\/wp-json\/wp\/v2\/media?parent=704728"}],"wp:term":[{"taxonomy":"category","embeddable":true,"href":"https:\/\/www.europesays.com\/es\/wp-json\/wp\/v2\/categories?post=704728"},{"taxonomy":"post_tag","embeddable":true,"href":"https:\/\/www.europesays.com\/es\/wp-json\/wp\/v2\/tags?post=704728"}],"curies":[{"name":"wp","href":"https:\/\/api.w.org\/{rel}","templated":true}]}}