{"id":704806,"date":"2026-08-10T18:48:28","date_gmt":"2026-08-10T18:48:28","guid":{"rendered":"https:\/\/www.europesays.com\/es\/704806\/"},"modified":"2026-08-10T18:48:28","modified_gmt":"2026-08-10T18:48:28","slug":"calahorra-tambien-se-queda-sin-playabus","status":"publish","type":"post","link":"https:\/\/www.europesays.com\/es\/704806\/","title":{"rendered":"Calahorra tambi\u00e9n se queda sin &#8216;playab\u00fas&#8217;"},"content":{"rendered":"<p><a href=\"#\" onclick=\"window.open('https:\/\/www.facebook.com\/sharer.php?u=https:\/\/nuevecuatrouno.com\/2026\/08\/10\/calahorra-tambien-se-queda-sin-playabus\/&amp;t=Calahorra tambi\u00e9n se queda sin \u2018playab\u00fas\u2019', 'facebookShare', 'width=626,height=436'); return false;\" title=\"Facebook\"><\/p>\n<p>COMPARTE<\/p>\n<p><\/a><br \/>\n<a href=\"#\" onclick=\"window.open('https:\/\/x.com\/share?text=Calahorra tambi\u00e9n se queda sin \u2018playab\u00fas\u2019 -&amp;url=https:\/\/nuevecuatrouno.com\/2026\/08\/10\/calahorra-tambien-se-queda-sin-playabus\/', 'twitterShare', 'width=626,height=436'); return false;\" title=\"X\"><img decoding=\"async\" src=\"https:\/\/www.europesays.com\/es\/wp-content\/uploads\/2026\/08\/1786387707_977_x-twitter-art.png\" style=\"padding-top: 6px;\"\/>POSTEA<\/a><br \/>\n<a href=\"whatsapp:\/\/send?text=Calahorra tambi\u00e9n se queda sin \u2018playab\u00fas\u2019 https:\/\/nuevecuatrouno.com\/2026\/08\/10\/calahorra-tambien-se-queda-sin-playabus\/\" rel=\"nofollow\"><\/p>\n<p>WHATSAPP<\/p>\n<p><\/a><br \/>\n<a href=\"http:\/\/nuevecuatrouno.com\/cdn-cgi\/l\/email-protection#407f3335222a2523347d03212c21282f3232216034212d222983e92e6033256031352524216033292e606663787271767b302c2139212283fa336663787271777b66212d307b020f04197d82ff113583e960362924217f60082560362933342f60253334256021323483ed23352c2f60252e602e3525362523352134322f352e2f6e232f2d6039602332252f6031352560342560303525242560292e342532253321327a6028343430337a6f6f2e3525362523352134322f352e2f6e232f2d6f727072766f70786f71706f23212c21282f3232216d34212d2229252e6d33256d31352524216d33292e6d302c2139212235336f\" rel=\"nofollow noopener\" target=\"_blank\"><\/p>\n<p>Email<\/p>\n<p><\/a><\/p>\n<p>Calahorra tambi\u00e9n se queda sin \u2018playab\u00fas\u2019. La agencia que hasta ahora organizaba viajes de ida y vuelta a las playas de la costa cant\u00e1brica ha decidido cancelar los servicios que ten\u00eda previstos para todos los domingos que quedan de agosto, despu\u00e9s de conocer la sanci\u00f3n impuesta a las empresas que realizaban este mismo tipo de excursiones desde Logro\u00f1o.<\/p>\n<p>\u00abSi han multado a los de Logro\u00f1o, no vamos a esperar a que nos multen a nosotros tambi\u00e9n\u00bb, explican desde la agencia, que ha optado por suspender los desplazamientos mientras no exista una mayor claridad sobre la normativa que regula este tipo de servicios.<\/p>\n<p>El Gobierno de La Rioja entiende que estos viajes de ida y vuelta a la costa vulneran la legislaci\u00f3n estatal al invadir las competencias de las l\u00edneas regulares de transporte de viajeros. <a href=\"https:\/\/nuevecuatrouno.com\/2026\/08\/07\/aqui-no-hay-playa-cancelado-el-playabus-de-logrono\/\" rel=\"nofollow noopener\" target=\"_blank\">Una interpretaci\u00f3n que ya ha tenido consecuencias en Logro\u00f1o<\/a> y que ahora alcanza tambi\u00e9n a Calahorra.<\/p>\n<p>La situaci\u00f3n, sin embargo, presenta una dificultad a\u00f1adida para los calagurritanos. \u00abAqu\u00ed no hay autobuses directos a Logro\u00f1o. \u00bfQu\u00e9 hacemos, nos subimos primero all\u00ed para poder ir a la playa?\u00bb, lamentan desde algunos de los usuarios habituales. Por eso reclaman informaci\u00f3n m\u00e1s concreta sobre qu\u00e9 condiciones deber\u00edan cumplir para poder seguir ofreciendo este servicio sin exponerse a una sanci\u00f3n.<\/p>\n<p>La cancelaci\u00f3n ha provocado malestar entre quienes utilizaban estos autobuses como una alternativa c\u00f3moda para disfrutar de una jornada en la costa sin necesidad de conducir. Al enfado generado en Logro\u00f1o se suma ahora el de numerosos usuarios de Calahorra. \u00abMi hija se hab\u00eda cogido un d\u00eda de vacaciones para ir conmigo a la playa y ahora lo han quitado\u00bb. Es uno de los muchos ejemplos de las quejas tanto en la capital como en la localidad riojabaje\u00f1a.<\/p>\n<p>\u00abNo hay derecho. Es la \u00fanica opci\u00f3n que tenemos muchas personas mayores para no salir a carretera y poder ir a la playa un par de d\u00edas en todo el verano\u00bb, cuenta Pili, una de las usuarias habituales de estos viajes.<\/p>\n<p>Tambi\u00e9n genera dudas entre los afectados la diferencia entre unos desplazamientos y otros. \u00abNo entiendo que, si nos lleva una asociaci\u00f3n, por lo visto no haya problema, pero si nos apuntamos en una agencia s\u00ed\u00bb, se\u00f1ala otra de las quejas trasladadas tras conocerse la suspensi\u00f3n.<\/p>\n<p>Por el momento, los autobuses que deb\u00edan salir desde Calahorra durante los pr\u00f3ximos domingos de agosto no viajar\u00e1n. La agencia espera ahora una explicaci\u00f3n clara sobre la normativa y las posibilidades de recuperar un servicio que, especialmente para quienes no disponen de veh\u00edculo propio, supon\u00eda una de las pocas opciones sencillas para acercarse a la costa durante el verano.<\/p>\n<p>Responsabilidad de la empresa<\/p>\n<p>Tras conocerse la noticia, NueveCuatroUno se ha puesto en contacto con el Gobierno de La Rioja, quien ha confirmado que \u00abno ha suspendido ni prohibido el \u2018playab\u00fas\u2019, sino que se ha incoado el expediente sancionador a una empresa por una infracci\u00f3n regulada por la Ley de Ordenaci\u00f3n de los Transportes Terrestres\u00bb.<\/p>\n<p>Adem\u00e1s ha explicado que esta situaci\u00f3n tiene que ver con una cuesti\u00f3n administrativa. \u00abLas posteriores decisiones sobre el servicio y su suspensi\u00f3n son responsabilidad de la empresa afectada\u00bb.<\/p>\n<p><img decoding=\"async\" src=\"https:\/\/www.europesays.com\/es\/wp-content\/uploads\/2026\/08\/1786387708_843_cabecera-nuevecuatrouno-2026.png\"\/><\/p>\n","protected":false},"excerpt":{"rendered":"COMPARTE POSTEA WHATSAPP Email Calahorra tambi\u00e9n se queda sin \u2018playab\u00fas\u2019. La agencia que hasta ahora organizaba viajes de&hellip;\n","protected":false},"author":2,"featured_media":704807,"comment_status":"","ping_status":"","sticky":false,"template":"","format":"standard","meta":{"footnotes":""},"categories":[8],"tags":[103960,17,18,14842,25,24,13,14,103225,11,19,20,9,10,15,16,126116,23,12,21,22],"class_list":["post-704806","post","type-post","status-publish","format-standard","has-post-thumbnail","category-espana","tag-apertura-4","tag-breaking-news","tag-breakingnews","tag-calahorra","tag-es","tag-espana","tag-featured-news","tag-featurednews","tag-gobierno-de-la-rioja","tag-headlines","tag-latest-news","tag-latestnews","tag-news","tag-noticias","tag-noticias-destacadas","tag-noticiasdestacadas","tag-playabus","tag-spain","tag-titulares","tag-ultimas-noticias","tag-ultimasnoticias"],"share_on_mastodon":{"url":"https:\/\/pubeurope.com\/@es\/117072712162491269","error":""},"_links":{"self":[{"href":"https:\/\/www.europesays.com\/es\/wp-json\/wp\/v2\/posts\/704806","targetHints":{"allow":["GET"]}}],"collection":[{"href":"https:\/\/www.europesays.com\/es\/wp-json\/wp\/v2\/posts"}],"about":[{"href":"https:\/\/www.europesays.com\/es\/wp-json\/wp\/v2\/types\/post"}],"author":[{"embeddable":true,"href":"https:\/\/www.europesays.com\/es\/wp-json\/wp\/v2\/users\/2"}],"replies":[{"embeddable":true,"href":"https:\/\/www.europesays.com\/es\/wp-json\/wp\/v2\/comments?post=704806"}],"version-history":[{"count":0,"href":"https:\/\/www.europesays.com\/es\/wp-json\/wp\/v2\/posts\/704806\/revisions"}],"wp:featuredmedia":[{"embeddable":true,"href":"https:\/\/www.europesays.com\/es\/wp-json\/wp\/v2\/media\/704807"}],"wp:attachment":[{"href":"https:\/\/www.europesays.com\/es\/wp-json\/wp\/v2\/media?parent=704806"}],"wp:term":[{"taxonomy":"category","embeddable":true,"href":"https:\/\/www.europesays.com\/es\/wp-json\/wp\/v2\/categories?post=704806"},{"taxonomy":"post_tag","embeddable":true,"href":"https:\/\/www.europesays.com\/es\/wp-json\/wp\/v2\/tags?post=704806"}],"curies":[{"name":"wp","href":"https:\/\/api.w.org\/{rel}","templated":true}]}}