{"id":704816,"date":"2026-08-10T18:58:14","date_gmt":"2026-08-10T18:58:14","guid":{"rendered":"https:\/\/www.europesays.com\/es\/704816\/"},"modified":"2026-08-10T18:58:14","modified_gmt":"2026-08-10T18:58:14","slug":"la-ud-logrones-decide-no-jugar-en-las-gaunas-ante-el-zaragoza-por-el-mal-estado-del-cesped","status":"publish","type":"post","link":"https:\/\/www.europesays.com\/es\/704816\/","title":{"rendered":"La UD Logro\u00f1\u00e9s decide no jugar en Las Gaunas ante el Zaragoza por el mal estado del c\u00e9sped"},"content":{"rendered":"<p><a href=\"#\" onclick=\"window.open('https:\/\/www.facebook.com\/sharer.php?u=https:\/\/nuevecuatrouno.com\/2026\/08\/10\/ud-logrones-decide-no-jugar-gaunas-zaragoza-mal-estado-cesped\/&amp;t=La UD Logro\u00f1\u00e9s decide no jugar en Las Gaunas ante el Zaragoza por el mal estado del c\u00e9sped', 'facebookShare', 'width=626,height=436'); return false;\" title=\"Facebook\"><\/p>\n<p>COMPARTE<\/p>\n<p><\/a><br \/>\n<a href=\"#\" onclick=\"window.open('https:\/\/x.com\/share?text=La UD Logro\u00f1\u00e9s decide no jugar en Las Gaunas ante el Zaragoza por el mal estado del c\u00e9sped -&amp;url=https:\/\/nuevecuatrouno.com\/2026\/08\/10\/ud-logrones-decide-no-jugar-gaunas-zaragoza-mal-estado-cesped\/', 'twitterShare', 'width=626,height=436'); return false;\" title=\"X\"><img decoding=\"async\" src=\"https:\/\/www.europesays.com\/es\/wp-content\/uploads\/2026\/08\/1786388293_652_x-twitter-art.png\" style=\"padding-top: 6px;\"\/>POSTEA<\/a><br \/>\n<a href=\"whatsapp:\/\/send?text=La UD Logro\u00f1\u00e9s decide no jugar en Las Gaunas ante el Zaragoza por el mal estado del c\u00e9sped https:\/\/nuevecuatrouno.com\/2026\/08\/10\/ud-logrones-decide-no-jugar-gaunas-zaragoza-mal-estado-cesped\/\" rel=\"nofollow\"><\/p>\n<p>WHATSAPP<\/p>\n<p><\/a><br \/>\n<a href=\"http:\/\/nuevecuatrouno.com\/cdn-cgi\/l\/email-protection#a19ed2d4c3cbc4c2d59cedc081f4e581edcec6d3ce62106208d281c5c4c2c8c5c481cfce81cbd4c6c0d381c4cf81edc0d281e6c0d4cfc0d281c0cfd5c481c4cd81fbc0d3c0c6cedbc081d1ced381c4cd81ccc0cd81c4d2d5c0c5ce81c5c4cd81c26208d2d1c4c587c0ccd19ae3eee5f89c631ef0d4620881d7c8c5c09e81e9c481d7c8d2d5ce81c4d2d5c481c0d3d5620cc2d4cdce81c4cf81cfd4c4d7c4c2d4c0d5d3ced4cfce8fc2cecc81d881c2d3c4ce81d0d4c481d5c481d1d4c4c5c481c8cfd5c4d3c4d2c0d39b81c9d5d5d1d29b8e8ecfd4c4d7c4c2d4c0d5d3ced4cfce8fc2cecc8e939193978e91998e90918ed4c58ccdcec6d3cecfc4d28cc5c4c2c8c5c48ccfce8ccbd4c6c0d38cc6c0d4cfc0d28cdbc0d3c0c6cedbc08cccc0cd8cc4d2d5c0c5ce8cc2c4d2d1c4c58e\" rel=\"nofollow noopener\" target=\"_blank\"><\/p>\n<p>Email<\/p>\n<p><\/a><\/p>\n<p>La UD Logro\u00f1\u00e9s, en colaboraci\u00f3n directa con el Real Zaragoza, ha tomado la decisi\u00f3n de no jugar en Las Gaunas su partido de presentaci\u00f3n de este verano para hacerlo finalmente en la Ciudad Deportiva de Valdegastea, el viernes a partir de las 19:15 horas. A pesar de tener el permiso del Ayuntamiento de Logro\u00f1o a trav\u00e9s de Logro\u00f1o Deporte para aprovechar esta instalaci\u00f3n, la entidad ha tomado la decisi\u00f3n de afrontar una cita de inter\u00e9s deportivo en su propia instalaci\u00f3n donde se garantiza el mejor c\u00e9sped de hierba natural de la regi\u00f3n a pesar de la problem\u00e1tica que le genera tanto con los aficionados como con los medios de comunicaci\u00f3n en un partido que ser\u00e1 emitido en directo por Arag\u00f3n Televisi\u00f3n.<\/p>\n<p>La raz\u00f3n es el mal estado del terreno de juego de Las Gaunas a tan solo tres semanas del inicio de la temporada en Primera Federaci\u00f3n. Casi tres meses despu\u00e9s del final de la temporada pasada en la que tres clubes compartieron estadio, las labores de mantenimiento de la cubierta vegetal no\u00a0 parecen haber sido las m\u00e1s acertadas durante el est\u00edo -donde se ha jugado un mundial de fresbee- como para llegar a tiempo a esta cita programada a principios de este verano. Y tal y como ha podido saber NueveCuatroUno, el c\u00e9sped de la zona del fondo norte de Las Gaunas -sobre el que m\u00e1s horas al d\u00eda incide el sol- no presenta el estado adecuado para albergar una cita como la de este viernes, y existe el temor real de que el c\u00e9sped no llegue en el mejor estado al primer partido de liga el pr\u00f3ximo lunes 31 de agosto a las 19:00 horas.<\/p>\n<p>Y para garantizar la salud de los futbolistas y el correcto desarrollo t\u00e9cnico del juego y que el partido sea una prueba real de lo que ambos clubes entienden podr\u00e1n encontrarse esta temporada en Primera Federaci\u00f3n, UD Logro\u00f1\u00e9s y Real Zaragoza han acordado jugar el partido amistoso en las instalaci\u00f3n de F\u00e9lix Revuelta, perdiendo eso s\u00ed la ciudad de Logro\u00f1o una oportunidad de presentarse con sus mejores galas ante un hist\u00f3rico del f\u00fatbol espa\u00f1ol con una de las aficiones m\u00e1s importantes del pa\u00eds.<\/p>\n<p>El club solicit\u00f3 a finales de junio el uso de Las Gaunas para enfrentarse al Real Zaragoza en este partido amistoso que pretend\u00eda ser de presentaci\u00f3n. En cuanto supo que solo dos clubes iban a jugar como locales en Las Gaunas durante la temporada que comenzar\u00e1 en breve, la entidad riojana entendi\u00f3 que pod\u00eda recuperar un partido un tanto especial durante el largo verano -pagando el canon por el uso-, una cita que durante temporadas sirvi\u00f3 para presentar al nuevo equipo a sus socios y para que los jugadores conocieran su nuevo estadio.<\/p>\n<p>Cita que no se ha podido jugar por diversos motivos durante las \u00faltimas pretemporadas, en especial durante la \u00faltima legislatura: un verano fue un hongo provocado por la sequ\u00eda; otro, por un tratamiento excesivo que acab\u00f3 por quemar el c\u00e9sped; otro, por el uso del estadio de hasta tres equipos que exig\u00eda proteger el c\u00e9sped al m\u00e1ximo antes de que diera comienzo la competici\u00f3n. Y este verano, el c\u00e9sped vuelve a estar mal. De nada ha servido que el Ayuntamiento de Logro\u00f1o aumentara el pliego de mantenimiento del c\u00e9sped -y por tanto su presupuesto- la temporada pasada para adecuarse a tres equipos us\u00e1ndolo. La realidad es que de nuevo el c\u00e9sped no est\u00e1 bien, tanto como para que la UD Logro\u00f1\u00e9s haya decidido jugar en su propia instalaci\u00f3n a pesar de los problemas log\u00edsticos que esto le acarrea, al contar con una instalaci\u00f3n pensada para entrenar y no tanto para albergar encuentros de esta entidad.<\/p>\n<p><img decoding=\"async\" src=\"https:\/\/www.europesays.com\/es\/wp-content\/uploads\/2026\/08\/1786388294_165_cabecera-nuevecuatrouno-2026.png\"\/><\/p>\n","protected":false},"excerpt":{"rendered":"COMPARTE POSTEA WHATSAPP Email La UD Logro\u00f1\u00e9s, en colaboraci\u00f3n directa con el Real Zaragoza, ha tomado la decisi\u00f3n&hellip;\n","protected":false},"author":2,"featured_media":704817,"comment_status":"","ping_status":"","sticky":false,"template":"","format":"standard","meta":{"footnotes":""},"categories":[268],"tags":[808,104315,168,25,24,280,282,16144,799,281,23,167,104405],"class_list":["post-704816","post","type-post","status-publish","format-standard","has-post-thumbnail","category-futbol","tag-ahora","tag-apertura-1","tag-deportes","tag-es","tag-espana","tag-football","tag-futbol","tag-primera-federacion","tag-real-zaragoza","tag-soccer","tag-spain","tag-sports","tag-ud-logrones"],"share_on_mastodon":{"url":"https:\/\/pubeurope.com\/@es\/117072751837222446","error":""},"_links":{"self":[{"href":"https:\/\/www.europesays.com\/es\/wp-json\/wp\/v2\/posts\/704816","targetHints":{"allow":["GET"]}}],"collection":[{"href":"https:\/\/www.europesays.com\/es\/wp-json\/wp\/v2\/posts"}],"about":[{"href":"https:\/\/www.europesays.com\/es\/wp-json\/wp\/v2\/types\/post"}],"author":[{"embeddable":true,"href":"https:\/\/www.europesays.com\/es\/wp-json\/wp\/v2\/users\/2"}],"replies":[{"embeddable":true,"href":"https:\/\/www.europesays.com\/es\/wp-json\/wp\/v2\/comments?post=704816"}],"version-history":[{"count":0,"href":"https:\/\/www.europesays.com\/es\/wp-json\/wp\/v2\/posts\/704816\/revisions"}],"wp:featuredmedia":[{"embeddable":true,"href":"https:\/\/www.europesays.com\/es\/wp-json\/wp\/v2\/media\/704817"}],"wp:attachment":[{"href":"https:\/\/www.europesays.com\/es\/wp-json\/wp\/v2\/media?parent=704816"}],"wp:term":[{"taxonomy":"category","embeddable":true,"href":"https:\/\/www.europesays.com\/es\/wp-json\/wp\/v2\/categories?post=704816"},{"taxonomy":"post_tag","embeddable":true,"href":"https:\/\/www.europesays.com\/es\/wp-json\/wp\/v2\/tags?post=704816"}],"curies":[{"name":"wp","href":"https:\/\/api.w.org\/{rel}","templated":true}]}}