{"id":70484,"date":"2025-08-25T06:00:20","date_gmt":"2025-08-25T06:00:20","guid":{"rendered":"https:\/\/www.europesays.com\/es\/70484\/"},"modified":"2025-08-25T06:00:20","modified_gmt":"2025-08-25T06:00:20","slug":"luis-figo-y-helen-svedin-derrochan-amor-y-lucen-cuerpazos-en-las-playas-de-portugal-quien-dijo-crisis","status":"publish","type":"post","link":"https:\/\/www.europesays.com\/es\/70484\/","title":{"rendered":"Luis Figo y Helen Svedin derrochan amor y lucen cuerpazos en las playas de Portugal: \u00bfQui\u00e9n dijo crisis?"},"content":{"rendered":"<p id=\"ej_S-6WVgy\" data-wc=\"94\">Nunca han hablado de ello p\u00fablicamente, ni para confirmarlo ni desmentirlo, as\u00ed que solo ellos dos saben si atravesaron realmente o no por una crisis -y el grado de la misma- hace unos meses. Se lleg\u00f3 a decir incluso que viv\u00edan ya por separado, despu\u00e9s de casi 25 a\u00f1os de matrimonio, por lo que su historia de amor habr\u00eda tocado a su fin. Sin embargo, m\u00e1s all\u00e1 de los rumores, lo \u00fanico cierto es que <strong>Luis Figo y Helen Svedin\u00a0<\/strong>siguen haciendo planes juntos como pareja y no parece que les vaya nada mal.<\/p>\n<p> <img src=\"https:\/\/www.europesays.com\/es\/wp-content\/uploads\/2025\/08\/422a51e0a200-533062296185228018050610441858853737643779371n.jpg\"   width=\"770\" height=\"1024\" loading=\"lazy\" decoding=\"async\" alt=\"Figo, a bordo del lujoso yate durante sus vacaciones en Portugal\" fetchpriority=\"auto\" class=\"image ho-image\"\/>Figo, a bordo del lujoso yate durante sus vacaciones en Portugal<\/p>\n<p> <img src=\"https:\/\/www.europesays.com\/es\/wp-content\/uploads\/2025\/08\/b5ed3c560d71-536489088185240880190556905090370158258032425n.jpg\"   width=\"768\" height=\"1024\" loading=\"lazy\" decoding=\"async\" alt=\"Media Image\" fetchpriority=\"auto\" class=\"image ho-image\"\/>\u00a9 helenesvedinfigo<\/p>\n<p> <img src=\"https:\/\/www.europesays.com\/es\/wp-content\/uploads\/2025\/08\/02b46d021bfc-537710871185240027800610442415693036430467286n.jpg\"   width=\"770\" height=\"1024\" loading=\"lazy\" decoding=\"async\" alt=\"Media Image\" fetchpriority=\"auto\" class=\"image ho-image\"\/>\u00a9 luis__figo<\/p>\n<p id=\"eddML6-N5Uf\" data-wc=\"76\">Est\u00e1 siendo un <strong>verano apasionante<\/strong> para el exfutbolista luso y la modelo n\u00f3rdica, con una especie de<strong>\u00a0vuelta a sus or\u00edgenes\u00a0<\/strong>en los dos destinos principales que han elegido para pasar sus vacaciones en compa\u00f1\u00eda de dos de sus hijas. <a class=\"hm-link\" href=\"https:\/\/www.hola.com\/actualidad\/20250806848687\/luis-figo-helen-svedin-vacaciones-suecia-hijas-yerno\/\" data-mrf-recirculation=\"article-body-link\" rel=\"nofollow noopener\" target=\"_blank\">Primero fue Suecia,<\/a> tierra natal de la bell\u00edsima maniqu\u00ed, hasta donde viajaron a principios de agosto con Martina (23 a\u00f1os) y Daniela Figo (26), esta \u00faltima acompa\u00f1ada por su novio, el influencer y arist\u00f3crata Beltr\u00e1n Lozano.<\/p>\n<p> <img src=\"https:\/\/www.europesays.com\/es\/wp-content\/uploads\/2025\/08\/c0df830f1fb4-537680922185240026600610446971042576747660568n.jpg\"   width=\"768\" height=\"1024\" loading=\"lazy\" decoding=\"async\" alt=\"El exfutbolista y su esposa, Helen Svedin, en tierras lusas\" fetchpriority=\"auto\" class=\"image ho-image\"\/>\u00a9 luis__figoEl exfutbolista y su esposa, Helen Svedin, en tierras lusas<\/p>\n<p> <img src=\"https:\/\/www.europesays.com\/es\/wp-content\/uploads\/2025\/08\/395a25f35e0c-537535306185249278660556908635011596227856288n.jpg\"   width=\"768\" height=\"1024\" loading=\"lazy\" decoding=\"async\" alt=\"Media Image\" fetchpriority=\"auto\" class=\"image ho-image\"\/>\u00a9 helenesvedinfigo<\/p>\n<p id=\"exumOLQdGRV\" data-wc=\"92\">Tras esa experiencia inolvidable en el norte de Europa, tocaba ir al sur hasta el pa\u00eds que vio nacer al que fuera estrella de equipos como el FC Barcelona y el Real Madrid. En Portugal y sus impresionantes playas, hemos visto a Luis y Helen derrochando amor y lucir cuerpazos, tanto en la cubierta de su lujoso barco como refresc\u00e1ndose a la orilla del mar o dando un paseo al atardecer. En definitiva, unos d\u00edas de relax verdaderamente m\u00e1gicos por los lugares que est\u00e1n pudiendo visitar y que tanto significan para ellos.<\/p>\n<p> <img src=\"https:\/\/www.europesays.com\/es\/wp-content\/uploads\/2025\/08\/325b3706cc2e-534876055185228018230610444820545585611736599n.jpg\"   width=\"770\" height=\"1024\" loading=\"lazy\" decoding=\"async\" alt=\"Media Image\" fetchpriority=\"auto\" class=\"image ho-image\"\/>\u00a9 luis__figo<\/p>\n<p> <img src=\"https:\/\/www.europesays.com\/es\/wp-content\/uploads\/2025\/08\/aa0f6c38ac58-538399107185240027890610442095842745702671127n.jpg\"   width=\"770\" height=\"1024\" loading=\"lazy\" decoding=\"async\" alt=\"Media Image\" fetchpriority=\"auto\" class=\"image ho-image\"\/>\u00a9 luis__figo<\/p>\n<p> <img src=\"https:\/\/www.europesays.com\/es\/wp-content\/uploads\/2025\/08\/5409be5c277b-537747750185245258510556902904551267588717889n.jpg\"   width=\"768\" height=\"1024\" loading=\"lazy\" decoding=\"async\" alt=\"Media Image\" fetchpriority=\"auto\" class=\"image ho-image\"\/>\u00a9 helenesvedinfigo<\/p>\n<p id=\"evciB4P3Qp\" data-wc=\"76\">De hecho, tanto el exjugador y comentarista (52 a\u00f1os) como su esposa (50) han mostrado en redes sociales algunas pinceladas de estos enclaves tan espectaculares, la mayor\u00eda ubicados en plena naturaleza y donde se puede desconectar como en ning\u00fan sitio. Acumulando as\u00ed un buen pu\u00f1ado de recuerdos en estos para\u00edsos donde, quien sabe, ambos se han terminado de reconciliar -si es que les hac\u00eda falta hacerlo- o sencillamente<strong>\u00a0han afianzado a\u00fan m\u00e1s lo que ya tienen<\/strong>.<\/p>\n<p> <img src=\"https:\/\/www.europesays.com\/es\/wp-content\/uploads\/2025\/08\/5f3643520ca6-529457316185217489790610445128727483383561536n.jpg\"   width=\"770\" height=\"1024\" loading=\"lazy\" decoding=\"async\" alt=\"Media Image\" fetchpriority=\"auto\" class=\"image ho-image\"\/>\u00a9 luis__figo<\/p>\n<p> <img src=\"https:\/\/www.europesays.com\/es\/wp-content\/uploads\/2025\/08\/9c10e797ff36-537821328185240028130610441738373608075354638n.jpg\"   width=\"770\" height=\"1024\" loading=\"lazy\" decoding=\"async\" alt=\"Media Image\" fetchpriority=\"auto\" class=\"image ho-image\"\/>\u00a9 luis__figo<\/p>\n<p id=\"eqXTXGuJh8A\" data-wc=\"93\">Para Figo, ha sido un verano de contrastes ya que hace dos semanas conocimos una triste noticia que le toc\u00f3 de lleno.<strong>\u00a0Mor\u00eda de un infarto el exfutbolista Jorge Costa (53)<\/strong>, quien fuera su compa\u00f1ero en la selecci\u00f3n portuguesa y gran amigo. \u00abMi dulce bicho&#8230; as\u00ed es como te llamaba cari\u00f1osamente.<strong>\u00a0<\/strong>Vivimos juntos tantas experiencias, historias, momentos&#8230;\u00bb, le dec\u00eda el que es embajador de la UEFA desde 2017. \u00abMe he quedado sin palabras. El f\u00fatbol ha perdido a un l\u00edder, un campe\u00f3n y un ejemplo a seguir.<strong>\u00a0Tu legado nunca ser\u00e1 olvidado<\/strong>\u00ab, sentenciaba.<\/p>\n<p> <img src=\"https:\/\/www.europesays.com\/es\/wp-content\/uploads\/2025\/08\/4a384805bcf4-52722726118520841032061044960496577732203336n.jpg\"   width=\"1024\" height=\"1024\" loading=\"lazy\" decoding=\"async\" alt=\"Media Image\" fetchpriority=\"auto\" class=\"image ho-image\"\/>\u00a9 luis__figo<\/p>\n<p> <img src=\"https:\/\/www.europesays.com\/es\/wp-content\/uploads\/2025\/08\/daa534ef16ca-527609400185208410410610443855906890795358283n.jpg\"   width=\"1024\" height=\"1024\" loading=\"lazy\" decoding=\"async\" alt=\"Media Image\" fetchpriority=\"auto\" class=\"image ho-image\"\/>\u00a9 luis__figo<\/p>\n","protected":false},"excerpt":{"rendered":"Nunca han hablado de ello p\u00fablicamente, ni para confirmarlo ni desmentirlo, as\u00ed que solo ellos dos saben si&hellip;\n","protected":false},"author":2,"featured_media":70485,"comment_status":"","ping_status":"","sticky":false,"template":"","format":"standard","meta":{"footnotes":""},"categories":[174],"tags":[517,255,146,147,25,24,256,16434,16435,23],"class_list":["post-70484","post","type-post","status-publish","format-standard","has-post-thumbnail","category-famosos","tag-actualidad","tag-celebrities","tag-entertainment","tag-entretenimiento","tag-es","tag-espana","tag-famosos","tag-helen-svedin","tag-luis-figo","tag-spain"],"share_on_mastodon":{"url":"","error":""},"_links":{"self":[{"href":"https:\/\/www.europesays.com\/es\/wp-json\/wp\/v2\/posts\/70484","targetHints":{"allow":["GET"]}}],"collection":[{"href":"https:\/\/www.europesays.com\/es\/wp-json\/wp\/v2\/posts"}],"about":[{"href":"https:\/\/www.europesays.com\/es\/wp-json\/wp\/v2\/types\/post"}],"author":[{"embeddable":true,"href":"https:\/\/www.europesays.com\/es\/wp-json\/wp\/v2\/users\/2"}],"replies":[{"embeddable":true,"href":"https:\/\/www.europesays.com\/es\/wp-json\/wp\/v2\/comments?post=70484"}],"version-history":[{"count":0,"href":"https:\/\/www.europesays.com\/es\/wp-json\/wp\/v2\/posts\/70484\/revisions"}],"wp:featuredmedia":[{"embeddable":true,"href":"https:\/\/www.europesays.com\/es\/wp-json\/wp\/v2\/media\/70485"}],"wp:attachment":[{"href":"https:\/\/www.europesays.com\/es\/wp-json\/wp\/v2\/media?parent=70484"}],"wp:term":[{"taxonomy":"category","embeddable":true,"href":"https:\/\/www.europesays.com\/es\/wp-json\/wp\/v2\/categories?post=70484"},{"taxonomy":"post_tag","embeddable":true,"href":"https:\/\/www.europesays.com\/es\/wp-json\/wp\/v2\/tags?post=70484"}],"curies":[{"name":"wp","href":"https:\/\/api.w.org\/{rel}","templated":true}]}}