{"id":705052,"date":"2026-08-10T21:53:23","date_gmt":"2026-08-10T21:53:23","guid":{"rendered":"https:\/\/www.europesays.com\/es\/705052\/"},"modified":"2026-08-10T21:53:23","modified_gmt":"2026-08-10T21:53:23","slug":"byd-ti-7-caracteristicas-precios-y-mas-detalles","status":"publish","type":"post","link":"https:\/\/www.europesays.com\/es\/705052\/","title":{"rendered":"BYD Ti 7: caracter\u00edsticas, precios y m\u00e1s detalles"},"content":{"rendered":"<p data-journey-content=\"true\" data-node-id=\"4\" class=\"css-1ood0zq emevuu60\">Fangchengbao es una marca de BYD orientada a \u201cproductos especiales\u201d, modelos diferenciales que luego han acabado llegando a Europa bajo alguna de sus otras marcas. El mejor ejemplo lo tenemos con el <a href=\"https:\/\/www.caranddriver.com\/es\/coches\/novedades\/a71895261\/denza-z\/\" target=\"_blank\" data-vars-ga-outbound-link=\"https:\/\/www.caranddriver.com\/es\/coches\/novedades\/a71895261\/denza-z\/\" data-vars-ga-ux-element=\"Hyperlink\" data-vars-ga-call-to-action=\"Denza Z\" data-node-id=\"4.1\" class=\"body-link css-1jjwy84 emevuu60\" rel=\"nofollow noopener\">Denza Z<\/a> y ahora con el Ti 7, un SUV h\u00edbrido enchufable que atraviesa las fronteras chinas para competir en el Viejo Continente en el segmento D, con una destacada relaci\u00f3n calidad\/precio como principal sello comercial.<\/p>\n<p><img draggable=\"true\" alt=\"byd ti 7\" title=\"byd ti 7\" loading=\"lazy\" width=\"3000\" height=\"1674\" decoding=\"async\" data-nimg=\"1\" style=\"color:transparent;width:100%;height:auto;\"   src=\"https:\/\/www.europesays.com\/es\/wp-content\/uploads\/2026\/08\/baf73b40-3ba7-4b0b-a021-5ce52e1aad37.jpg\" class=\"css-0 e1ddfba50\"\/><\/p>\n<p>BYD\/\/Car and Driver<\/p>\n<p>Caracter\u00edsticas generales del BYD Ti 7<\/p>\n<p data-journey-content=\"true\" data-node-id=\"12\" class=\"css-1ood0zq emevuu60\">Su andadura en su pa\u00eds natal est\u00e1 siendo todo un \u00e9xito, as\u00ed que BYD decide probar suerte en nuestro continente con un SUV de 7 plazas y casi 5 metros cuyo dise\u00f1o nos recuerda, y mucho, al del <a href=\"https:\/\/www.caranddriver.com\/es\/coches\/novedades\/a33965905\/land-rover-defender-2021\/\" target=\"_blank\" data-vars-ga-outbound-link=\"https:\/\/www.caranddriver.com\/es\/coches\/novedades\/a33965905\/land-rover-defender-2021\/\" data-vars-ga-ux-element=\"Hyperlink\" data-vars-ga-call-to-action=\"Land Rover Defender\" data-node-id=\"12.1\" class=\"body-link css-1jjwy84 emevuu60\" rel=\"nofollow noopener\">Land Rover Defender<\/a>. Su objetivo es claro: ofrecer destacadas aptitudes tanto fuera como dentro de la carretera, con una est\u00e9tica imponente, avanzada tecnolog\u00eda de propulsi\u00f3n y un precio mucho m\u00e1s bajo que el del modelo brit\u00e1nico.<\/p>\n<p><img draggable=\"true\" alt=\"byd ti 7\" title=\"byd ti 7\" loading=\"lazy\" width=\"3000\" height=\"1674\" decoding=\"async\" data-nimg=\"1\" style=\"color:transparent;width:100%;height:auto;\"   src=\"https:\/\/www.europesays.com\/es\/wp-content\/uploads\/2026\/08\/8eacfd55-ac62-4498-b14a-dcc3b564f089.jpg\" class=\"css-0 e1ddfba50\"\/><\/p>\n<p>BYD\/\/Car and Driver<\/p>\n<p data-journey-content=\"true\" data-node-id=\"17\" class=\"css-1ood0zq emevuu60\">La silueta \u201cboxy\u201d (tipo caja) har\u00e1 que este BYD sea f\u00e1cilmente identificable dentro de la familia del fabricante chino, dise\u00f1ada para optimizar tanto el espacio interior como los \u00e1ngulos todoterreno. Cap\u00f3 elevado, pasos de rueda bien marcados, paragolpes sobredimensionados y un port\u00f3n vertical que incluye rueda de repuesto marcan el dise\u00f1o de un modelo dotado de un m\u00f3dulo LiDAR en el techo. <\/p>\n<p data-journey-content=\"true\" data-node-id=\"22\" class=\"css-1ood0zq emevuu60\">De puertas para dentro, aunque no han trascendido im\u00e1genes, se espera un habit\u00e1culo tecnol\u00f3gico envuelto de materiales de alta calidad y la capacidad de adaptarse al ecosistema de conectividad de Xiaomi. Esto permitir\u00e1 conectar tablets de marcas como Xiaomi, Huawei o Apple y utilizarlas para manejar distintas funcionalidades del coche, como el climatizador o la m\u00fasica. <\/p>\n<p><img draggable=\"true\" alt=\"byd ti 7\" title=\"byd ti 7\" loading=\"lazy\" width=\"3000\" height=\"1675\" decoding=\"async\" data-nimg=\"1\" style=\"color:transparent;width:100%;height:auto;\"   src=\"https:\/\/www.europesays.com\/es\/wp-content\/uploads\/2026\/08\/95a872d2-997f-45fc-b460-20e540900d63.jpg\" class=\"css-0 e1ddfba50\"\/><\/p>\n<p>BYD\/\/Car and Driver<\/p>\n<p>Motor y chasis del BYD Ti 7                                                                                                                           <\/p>\n<p data-journey-content=\"true\" data-node-id=\"28\" class=\"css-1ood0zq emevuu60\">A diferencia del <a href=\"https:\/\/www.caranddriver.com\/es\/coches\/novedades\/a72444298\/denza-bao-5\/\" target=\"_blank\" data-vars-ga-outbound-link=\"https:\/\/www.caranddriver.com\/es\/coches\/novedades\/a72444298\/denza-bao-5\/\" data-vars-ga-ux-element=\"Hyperlink\" data-vars-ga-call-to-action=\"Denza BAO 5\" data-node-id=\"28.1\" class=\"body-link css-1jjwy84 emevuu60\" rel=\"nofollow noopener\">Denza BAO 5<\/a> (vendido en China tambi\u00e9n por Fangchengbao), que utiliza un chasis tradicional de largueros y travesa\u00f1os, el Ti 7 apuesta por un chasis monocasco. Al cargo de la propulsi\u00f3n se encuentra la tecnolog\u00eda Super DM-p de BYD, es decir, un sistema h\u00edbrido enchufable que combina un bloque t\u00e9rmico de 1.5 litros con dos motores el\u00e9ctricos (uno delante y otro detr\u00e1s) para generar un total de 408 caballos de potencia. De ah\u00ed que el Ti 7 logre alcanzar los 100 km\/h en solo 4,8 segundos.<\/p>\n<p data-journey-content=\"true\" data-node-id=\"32\" class=\"css-1ood0zq emevuu60\">A nivel de chasis destaca la suspensi\u00f3n inteligente DiSus-P de BYD, encargada tanto de adaptar la dureza de los amortiguadores de forma predictiva como nivel automaticamente la altura del veh\u00edculo. Por cierto, la bater\u00eda de 35,6 kWh del sistema PHEV permite recorrer hasta 120 kil\u00f3metros en modo puramente el\u00e9ctrico.<\/p>\n<p><img draggable=\"true\" alt=\"byd ti 7\" title=\"byd ti 7\" loading=\"lazy\" width=\"3000\" height=\"1729\" decoding=\"async\" data-nimg=\"1\" style=\"color:transparent;width:100%;height:auto;\"   src=\"https:\/\/www.europesays.com\/es\/wp-content\/uploads\/2026\/08\/02098561-a183-462c-813a-2f951313db86.jpg\" class=\"css-0 e1ddfba50\"\/><\/p>\n<p>BYD\/\/Car and Driver<\/p>\n<p>Precio y lanzamiento del BYD Ti 7<\/p>\n<p data-journey-content=\"true\" data-node-id=\"38\" class=\"css-1ood0zq emevuu60\">BYD ha decidido iniciar la comercializaci\u00f3n de este coche en territorio europeo a trav\u00e9s del Reino Unido, donde se ofrecer\u00e1 \u00fanicamente en su acabado tope de gama Excellence, que ofrece much\u00edsimo equipamiento a un precio imbatible. De serie no faltan llantas de 20 pulgadas, asientos con ventilaci\u00f3n y calefacci\u00f3n en las dos primeras filas de asientos, climatizador de tres zonas, equipo de sonido de 18 altavoces y hasta una nevera y un calentador de bebidas. <\/p>\n<p data-journey-content=\"true\" data-node-id=\"42\" class=\"css-1ood0zq emevuu60\">Su llegada est\u00e1 prevista para enero de 2027 y todav\u00eda habr\u00e1 que esperar para ver si se extiende a nuestro pa\u00eds. El precio es el siguiente:<\/p>\n<ul data-node-id=\"45\" class=\"css-119vjyh emevuu60\">\n<li data-node-id=\"45.0\">BYD Ti 7 \u2013 47.995 libras esterlinas (56.081 euros al cambio)<\/li>\n<\/ul>\n","protected":false},"excerpt":{"rendered":"Fangchengbao es una marca de BYD orientada a \u201cproductos especiales\u201d, modelos diferenciales que luego han acabado llegando a&hellip;\n","protected":false},"author":2,"featured_media":705053,"comment_status":"","ping_status":"","sticky":false,"template":"","format":"standard","meta":{"footnotes":""},"categories":[80],"tags":[82,253,95,94,25,24,975,23],"class_list":["post-705052","post","type-post","status-publish","format-standard","has-post-thumbnail","category-economia","tag-business","tag-discover","tag-economia","tag-economy","tag-es","tag-espana","tag-seo","tag-spain"],"share_on_mastodon":{"url":"https:\/\/pubeurope.com\/@es\/117073438857271552","error":""},"_links":{"self":[{"href":"https:\/\/www.europesays.com\/es\/wp-json\/wp\/v2\/posts\/705052","targetHints":{"allow":["GET"]}}],"collection":[{"href":"https:\/\/www.europesays.com\/es\/wp-json\/wp\/v2\/posts"}],"about":[{"href":"https:\/\/www.europesays.com\/es\/wp-json\/wp\/v2\/types\/post"}],"author":[{"embeddable":true,"href":"https:\/\/www.europesays.com\/es\/wp-json\/wp\/v2\/users\/2"}],"replies":[{"embeddable":true,"href":"https:\/\/www.europesays.com\/es\/wp-json\/wp\/v2\/comments?post=705052"}],"version-history":[{"count":0,"href":"https:\/\/www.europesays.com\/es\/wp-json\/wp\/v2\/posts\/705052\/revisions"}],"wp:featuredmedia":[{"embeddable":true,"href":"https:\/\/www.europesays.com\/es\/wp-json\/wp\/v2\/media\/705053"}],"wp:attachment":[{"href":"https:\/\/www.europesays.com\/es\/wp-json\/wp\/v2\/media?parent=705052"}],"wp:term":[{"taxonomy":"category","embeddable":true,"href":"https:\/\/www.europesays.com\/es\/wp-json\/wp\/v2\/categories?post=705052"},{"taxonomy":"post_tag","embeddable":true,"href":"https:\/\/www.europesays.com\/es\/wp-json\/wp\/v2\/tags?post=705052"}],"curies":[{"name":"wp","href":"https:\/\/api.w.org\/{rel}","templated":true}]}}