{"id":705258,"date":"2026-08-11T05:27:14","date_gmt":"2026-08-11T05:27:14","guid":{"rendered":"https:\/\/www.europesays.com\/es\/705258\/"},"modified":"2026-08-11T05:27:14","modified_gmt":"2026-08-11T05:27:14","slug":"el-envejecimiento-del-cerebro-como-se-transforma-el-organo-a-medida-que-pasan-los-anos-segun-la-ciencia","status":"publish","type":"post","link":"https:\/\/www.europesays.com\/es\/705258\/","title":{"rendered":"El envejecimiento del cerebro: c\u00f3mo se transforma el \u00f3rgano a medida que pasan los a\u00f1os, seg\u00fan la ciencia"},"content":{"rendered":"<p><img alt=\"Cerebro humano de perfil con cinco secciones de distintos colores (azul, verde, naranja, fucsia, amarillo) con iconos y texturas. Fondo azul petr\u00f3leo.\" class=\"global-image\" decoding=\"async\" fetchpriority=\"high\" height=\"1536\" loading=\"eager\" src=\"https:\/\/www.europesays.com\/es\/wp-content\/uploads\/2026\/08\/Z53NMURV2JEGTL7GJOAWWYWA6E.png\" width=\"2752\"\/>Un estudio de la Universidad de Cambridge identific\u00f3 cinco etapas del envejecimiento del cerebro y cuatro puntos de inflexi\u00f3n a lo largo de la vida (Imagen Ilustrativa Infobae)<\/p>\n<p>10 Ago, 2026 11:02 p. m. EST<\/p>\n<p class=\"paragraph\" data-paragraph-number=\"1\">El <a href=\"https:\/\/www.infobae.com\/tag\/cerebro\/\" target=\"_blank\" rel=\"noreferrer nofollow noopener\" title=\"https:\/\/www.infobae.com\/tag\/cerebro\/\"><b>cerebro<\/b><\/a> no envejece de manera uniforme ni avanza en l\u00ednea recta desde la infancia hasta la vejez. A lo largo de la vida, <b>modifica sus conexiones, reorganiza sus circuitos y atraviesa momentos de mayor estabilidad o de mayor vulnerabilidad<\/b>. Esa din\u00e1mica ayuda a explicar por qu\u00e9 ciertas capacidades cambian con el tiempo y por qu\u00e9 la <a href=\"https:\/\/www.infobae.com\/tag\/salud-cerebral\/\" target=\"_blank\" rel=\"noreferrer nofollow noopener\" title=\"https:\/\/www.infobae.com\/tag\/salud-cerebral\/\">salud cerebral<\/a> se ha vuelto un eje cada vez m\u00e1s relevante en las conversaciones sobre envejecimiento y longevidad.<\/p>\n<p class=\"paragraph\" data-paragraph-number=\"2\">Mantener este \u00f3rgano en buen estado forma parte de una mirada m\u00e1s amplia sobre la salud a largo plazo. En ese marco, distintos trabajos cient\u00edficos vienen mostrando que <b>el paso de los a\u00f1os no solo afecta al cuerpo<\/b>, sino tambi\u00e9n a la forma en que se conectan y se comunican las distintas regiones cerebrales. La Universidad de Cambridge aport\u00f3 una nueva forma de mirar ese proceso al identificar <b>etapas bien definidas en la evoluci\u00f3n del cableado cerebral humano<\/b>.<\/p>\n<p class=\"paragraph\" data-paragraph-number=\"3\">El hallazgo suma una referencia \u00fatil para entender que <b>el desarrollo cerebral no termina en la adolescencia temprana ni se reduce a un declive lineal en la vejez<\/b>. Seg\u00fan plantean los investigadores, existen fases reconocibles en las que el \u00f3rgano fortalece, estabiliza o debilita sus redes, y ese mapa puede aportar contexto para pensar la salud cerebral durante toda la vida.<\/p>\n<p class=\"paragraph\" data-paragraph-number=\"4\">La investigaci\u00f3n fue dirigida por un equipo de la Universidad de Cambridge y analiz\u00f3 3802 cerebros de personas de entre 0 y 90 a\u00f1os a partir de estudios de resonancia magn\u00e9tica por difusi\u00f3n. De acuerdo con la publicaci\u00f3n de la universidad, esa t\u00e9cnica permite mapear conexiones neuronales al observar c\u00f3mo se desplazan las mol\u00e9culas de agua a trav\u00e9s del tejido cerebral. Seg\u00fan explic\u00f3 Alexa Mousley, autora principal del trabajo e investigadora vinculada a Cambridge, ese abordaje <b>permiti\u00f3 identificar cinco grandes etapas del desarrollo cerebral separadas por cuatro puntos de inflexi\u00f3n alrededor de los 9, 32, 66 y 83 a\u00f1os<\/b>. La <a rel=\"noopener nofollow\" href=\"https:\/\/www.nature.com\/articles\/s41467-025-65974-8\" target=\"_blank\">revisi\u00f3n<\/a> fue difundida en Nature Communications y mostr\u00f3 que <b>el cerebro se reorganiza a lo largo de toda la vida<\/b>, aunque no con un ritmo constante.<\/p>\n<p><img alt=\"(Imagen Ilustrativa Infobae)\" class=\"global-image\" decoding=\"async\" fetchpriority=\"low\" height=\"768\" loading=\"lazy\" src=\"https:\/\/www.europesays.com\/es\/wp-content\/uploads\/2026\/08\/7C6S3WIKLFADBCJTF6Z4GOS5WI.png\" width=\"1408\"\/>Entre el nacimiento y los 9 a\u00f1os, el cerebro atraviesa una poda de sinapsis mientras aumentan la materia gris y la materia blanca (Imagen Ilustrativa Infobae)<\/p>\n<p class=\"paragraph\" data-paragraph-number=\"5\">La <b>primera etapa<\/b> va desde <b>el nacimiento hasta los 9 a\u00f1os<\/b>. En ese per\u00edodo se produce una reducci\u00f3n de sinapsis, las conexiones entre neuronas, como parte de un proceso de poda que deja activas las conexiones m\u00e1s utilizadas. Al mismo tiempo, aumentan con rapidez la materia gris y la materia blanca, dos componentes centrales para funciones como el aprendizaje y la memoria.<\/p>\n<p class=\"paragraph\" data-paragraph-number=\"6\">La <b>segunda etapa<\/b> se extiende, en promedio, <b>desde los 9 hasta los 32 a\u00f1os<\/b>. Seg\u00fan indic\u00f3 la Universidad de Cambridge, se trata de una fase marcada por una <b>creciente eficiencia en la red cerebral<\/b>. La materia blanca sigue en aumento y las v\u00edas de comunicaci\u00f3n se vuelven m\u00e1s directas y r\u00e1pidas. Mousley afirm\u00f3 en declaraciones recogidas por la BBC que esta es la \u00fanica etapa en la que la eficiencia de la red neuronal aumenta de forma sostenida. El estudio ubica all\u00ed el cambio topol\u00f3gico m\u00e1s fuerte de toda la vida, con un punto de inflexi\u00f3n especialmente marcado alrededor de los 32 a\u00f1os.<\/p>\n<p class=\"paragraph\" data-paragraph-number=\"7\"><b>Desde los 32 hasta los 66 a\u00f1os aparece la fase adulta<\/b>, la m\u00e1s extensa. De acuerdo con los autores, durante esas m\u00e1s de tres d\u00e9cadas<b> la arquitectura cerebral se estabiliza y no muestra grandes cambios estructurales<\/b>. National Geographic se\u00f1al\u00f3 que en este tramo el cerebro entra en una meseta prolongada, con v\u00edas de comunicaci\u00f3n relativamente estables y sin la intensidad de reorganizaci\u00f3n que caracteriza a los a\u00f1os previos.<\/p>\n<p class=\"paragraph\" data-paragraph-number=\"8\">El <b>cuarto momento comienza alrededor de los 66 a\u00f1os<\/b> y fue definido por los investigadores como una <b>etapa de envejecimiento precoz<\/b>. Seg\u00fan explic\u00f3 Mousley, en este per\u00edodo aumenta la reducci\u00f3n de la conectividad a medida que la materia blanca empieza a degenerarse con mayor velocidad. No se trata de un cambio brusco, sino de una modificaci\u00f3n en la forma en que se organiza la red cerebral, con regiones que empiezan a funcionar de manera m\u00e1s compartimentada.<\/p>\n<p><img alt=\"Perfil de una persona adulta mayor con el cerebro transl\u00facido, mostrando conexiones neuronales, ondas de sonido y el o\u00eddo, en un entorno difuso.\" class=\"global-image\" decoding=\"async\" fetchpriority=\"low\" height=\"1536\" loading=\"lazy\" src=\"https:\/\/www.europesays.com\/es\/wp-content\/uploads\/2026\/08\/JZATF7NU7BCLFCTXBQCIK2KFAI.png\" width=\"2752\"\/>Desde los 66 a\u00f1os, el envejecimiento del cerebro muestra una reducci\u00f3n de la conectividad asociada con la degeneraci\u00f3n m\u00e1s r\u00e1pida de la materia blanca (Imagen Ilustrativa Infobae)<\/p>\n<p class=\"paragraph\" data-paragraph-number=\"9\"><b>La quinta etapa inicia a los 83 a\u00f1os aproximadamente<\/b>. De acuerdo con la revisi\u00f3n, en ese momento la red cerebral se fragmenta m\u00e1s y <b>la comunicaci\u00f3n global pierde fuerza<\/b>, con una mayor dependencia de ciertas regiones para sostener el intercambio de informaci\u00f3n. La casa de estudios aclar\u00f3 que hay menos datos para este tramo porque resulta m\u00e1s dif\u00edcil encontrar cerebros sanos en edades avanzadas, pero los registros disponibles muestran una <b>transici\u00f3n desde una conectividad m\u00e1s global hacia otra m\u00e1s local<\/b>.<\/p>\n<p class=\"paragraph\" data-paragraph-number=\"10\">El estudio no propone una gu\u00eda de conductas ni establece que todas las personas atraviesen estos cambios exactamente a la misma edad. Seg\u00fan aclar\u00f3 la BBC, los propios investigadores se\u00f1alaron que <b>algunas personas alcanzar\u00e1n esos hitos antes o despu\u00e9s que otras<\/b>. En esa misma l\u00ednea, Richard Betzel, neurocient\u00edfico de la Universidad de Minnesota que no particip\u00f3 del trabajo, afirm\u00f3 en National Geographic que estos resultados <b>reflejan promedios poblacionales y no deben interpretarse como marcas exactas para cada individuo<\/b>.<\/p>\n<p class=\"paragraph\" data-paragraph-number=\"11\">Aun as\u00ed, el trabajo aporta una referencia para pensar la salud cerebral de manera sostenida y no solo cuando aparecen se\u00f1ales de deterioro. Seg\u00fan sostuvo Duncan Astle, uno de los autores del estudio, las diferencias en la conectividad cerebral pueden predecir dificultades relacionadas con la atenci\u00f3n, el lenguaje, la memoria y una amplia variedad de comportamientos.<\/p>\n<p><img alt=\"Una pantalla muestra cuatro cortes axiales de resonancia magn\u00e9tica funcional cerebral con zonas de activaci\u00f3n roja y amarilla. Dos manos enguantadas se\u00f1alan la pantalla.\" class=\"global-image\" decoding=\"async\" fetchpriority=\"low\" height=\"1536\" loading=\"lazy\" src=\"https:\/\/www.europesays.com\/es\/wp-content\/uploads\/2026\/08\/2GCXC2S6KREOTHLFP76EGOOPUI.png\" width=\"2752\"\/>El estudio sobre salud cerebral advierte que estas etapas del cerebro son promedios poblacionales y no edades exactas para cada persona (Imagen Ilustrativa Infobae)<\/p>\n<p class=\"paragraph\" data-paragraph-number=\"12\">En la adultez media, la principal caracter\u00edstica es la estabilidad. National Geographic indic\u00f3 que en ese largo tramo no sobresalen grandes cambios de reorganizaci\u00f3n estructural, aunque el cerebro sigue modific\u00e1ndose. M\u00e1s adelante, desde los 66 a\u00f1os, <b>el estudio marca una etapa en la que la conectividad empieza a reducirse con mayor claridad<\/b>. Cambridge vincul\u00f3 ese momento con una reorganizaci\u00f3n gradual de las redes cerebrales, en una etapa de la vida en la que tambi\u00e9n <b>aumenta el riesgo de problemas de salud que pueden afectar al cerebro<\/b>, como la hipertensi\u00f3n.<\/p>\n<p class=\"paragraph\" data-paragraph-number=\"13\">M\u00e1s que fijar una edad exacta para cada cambio, la investigaci\u00f3n sugiere que<b> la salud cerebral puede pensarse como un proceso continuo<\/b>. Betzel plante\u00f3 en National Geographic que estos puntos de transici\u00f3n podr\u00edan funcionar como un est\u00edmulo para prestar m\u00e1s atenci\u00f3n al cerebro en distintos momentos de la vida. Ese aporte no reemplaza una evaluaci\u00f3n individual, pero s\u00ed suma un marco para entender que <b>el cerebro tambi\u00e9n atraviesa etapas definidas mientras envejece<\/b>.<\/p>\n","protected":false},"excerpt":{"rendered":"Un estudio de la Universidad de Cambridge identific\u00f3 cinco etapas del envejecimiento del cerebro y cuatro puntos de&hellip;\n","protected":false},"author":2,"featured_media":705259,"comment_status":"","ping_status":"","sticky":false,"template":"","format":"standard","meta":{"footnotes":""},"categories":[92],"tags":[2670,21266,126885,7993,25,24,165,24461,7550,166,23],"class_list":["post-705258","post","type-post","status-publish","format-standard","has-post-thumbnail","category-salud","tag-cerebro","tag-cognicion","tag-desarrollo-cerebral","tag-envejecimiento","tag-es","tag-espana","tag-health","tag-ilustracion","tag-neurociencia","tag-salud","tag-spain"],"share_on_mastodon":{"url":"https:\/\/pubeurope.com\/@es\/117075224587990260","error":""},"_links":{"self":[{"href":"https:\/\/www.europesays.com\/es\/wp-json\/wp\/v2\/posts\/705258","targetHints":{"allow":["GET"]}}],"collection":[{"href":"https:\/\/www.europesays.com\/es\/wp-json\/wp\/v2\/posts"}],"about":[{"href":"https:\/\/www.europesays.com\/es\/wp-json\/wp\/v2\/types\/post"}],"author":[{"embeddable":true,"href":"https:\/\/www.europesays.com\/es\/wp-json\/wp\/v2\/users\/2"}],"replies":[{"embeddable":true,"href":"https:\/\/www.europesays.com\/es\/wp-json\/wp\/v2\/comments?post=705258"}],"version-history":[{"count":0,"href":"https:\/\/www.europesays.com\/es\/wp-json\/wp\/v2\/posts\/705258\/revisions"}],"wp:featuredmedia":[{"embeddable":true,"href":"https:\/\/www.europesays.com\/es\/wp-json\/wp\/v2\/media\/705259"}],"wp:attachment":[{"href":"https:\/\/www.europesays.com\/es\/wp-json\/wp\/v2\/media?parent=705258"}],"wp:term":[{"taxonomy":"category","embeddable":true,"href":"https:\/\/www.europesays.com\/es\/wp-json\/wp\/v2\/categories?post=705258"},{"taxonomy":"post_tag","embeddable":true,"href":"https:\/\/www.europesays.com\/es\/wp-json\/wp\/v2\/tags?post=705258"}],"curies":[{"name":"wp","href":"https:\/\/api.w.org\/{rel}","templated":true}]}}