{"id":705396,"date":"2026-08-11T07:17:37","date_gmt":"2026-08-11T07:17:37","guid":{"rendered":"https:\/\/www.europesays.com\/es\/705396\/"},"modified":"2026-08-11T07:17:37","modified_gmt":"2026-08-11T07:17:37","slug":"el-real-zaragoza-pasa-al-ataque-el-club-acentua-la-ofensiva-por-un-delantero-y-un-mediapunta-mientras-ibai-perfila-un-once-muy-definido","status":"publish","type":"post","link":"https:\/\/www.europesays.com\/es\/705396\/","title":{"rendered":"El Real Zaragoza pasa al ataque: El club acent\u00faa la ofensiva por un delantero y un mediapunta mientras Ibai perfila un once muy definido"},"content":{"rendered":"<p class=\"ft-text\">Poco a poco, el <a class=\"ft-link ft-link--decoration\" href=\"https:\/\/www.elperiodicodearagon.com\/real-zaragoza\/\" target=\"_blank\" rel=\"nofollow noopener\">Real Zaragoza<\/a> va tomando forma. La idea, el estilo y la identidad perseguidas por <strong>Ibai G\u00f3mez<\/strong> avanzan con relativas dificultades todav\u00eda ante la falta de efectivos clave y la gran cantidad de faena por hacer tanto en el campo como en los despachos. A expensas de que la plantilla sea capaz de poner en pr\u00e1ctica lo que su entrenador pretende, los jugadores siguen absorbiendo conceptos y movimientos cuando ya quedan menos de tres semanas para que la competici\u00f3n eche a andar.<\/p>\n<p class=\"ft-text\">Va teniendo claro Ibai ese once llamado a formar en la foto en la primera jornada frente al N\u00e1stic. Las pistas dejadas por el t\u00e9cnico vasco son claras, como qued\u00f3 de manifiesto el pasado s\u00e1bado, cuando el equipo te\u00f3ricamente m\u00e1s titular remont\u00f3 en la segunda parte el partido ante una Real Sociedad B que se march\u00f3 al descanso con un gol de renta y la sensaci\u00f3n de haber maniatado con suficiencia a un Zaragoza que hab\u00eda afrontado la contienda con numerosos jugadores destinados, en principio, a la suplencia.<\/p>\n<p class=\"ft-text\">En todo caso, lo que est\u00e1 claro es que el frente ofensivo es la \u00fanica zona del campo pendiente de completar del todo. Como Ibai pregon\u00f3 al t\u00e9rmino del Memorial Carlos Lapetra, <strong>\u00abnecesitamos tres fichajes\u00bb, <\/strong>y, aunque el vasco no detall\u00f3 esta vez la tercera posici\u00f3n a cubrir adem\u00e1s del delantero centro y el central pretendidos, el tercero, como avanz\u00f3 este diario, es un mediapunta r\u00e1pido que acuda al espacio y pueda caer a banda. El elegido estar\u00eda llamado a competir con Pinilla en una posici\u00f3n que tambi\u00e9n pueden cubrir otros efectivos, como Rub\u00e9n D\u00edez y donde Ibai ha probado, sin \u00e9xito, a Saidu y Ademo. <\/p>\n<p class=\"ft-text\">Esos dos atacantes por llegar completar\u00edan una formaci\u00f3n inicial en la que las cosas van quedando claras. Por ejemplo, <strong>Francho<\/strong>, si es que al final se queda, parece partir con ventaja sobre Gabilondo en el lateral derecho, mientras que Pereira se lo est\u00e1 poniendo dif\u00edcil a Escudero en el otro costado. <strong>Diego <\/strong>es fijo en un centro de la zaga donde ahora <strong>Tachi <\/strong>parte como su pareja, si bien el zaguero que reforzar\u00e1 esa parcela en los pr\u00f3ximos d\u00edas apunta a la titularidad.<\/p>\n<p class=\"ft-text\">En el centro del campo, el panorama tambi\u00e9n parece despejarse conforme el equipo va acumulando horas de trabajo. <strong>Ademo y Ander, <\/strong>que formaron pareja en la sala de m\u00e1quinas en la segunda parte ante el filial de la Real, apuntan a ser el d\u00fao titular, con <strong>Jard\u00ed y Hansson,<\/strong> <strong>del que se espera un paso adelante, <\/strong>en las bandas para dejar las dos posiciones m\u00e1s adelantadas para el punta de referencia que se persigue y para el mediapunta a\u00f1adido a la lista de la compra, con Pinilla en la rec\u00e1mara.<\/p>\n<p class=\"ft-text\">Y falta la porter\u00eda, un puesto tan especial como delicado en el que el Zaragoza ha optado por apuestas de riesgo tras quedarse sin Fuoli, al que se reservaba la titularidad dejando a Anartz Pe\u00f1a en la suplencia. Sin embargo, la imposibilidad de traer al meta aragon\u00e9s aboc\u00f3 a recurrir a alternativas, entre las que se barajaron varios nombres. Finalmente, el elegido fue <strong>Sem Westerveld,<\/strong> un portero joven sin experiencia en la categor\u00eda ni en el f\u00fatbol espa\u00f1ol, pero cuyo perfil, al igual que el de Pe\u00f1a, se ajustaba al estilo promulgado por Ibai, que exige valent\u00eda y juego de pies al cancerbero como elemento, muchas veces, iniciador del juego. En este sentido, parece que Westerveld se va imponiendo poco a poco a Pe\u00f1a en esa carrera hacia la titularidad en la que hasta hace poco era Anartz el que part\u00eda con ventaja. En todo caso, la porter\u00eda es, seguramente, la posici\u00f3n que m\u00e1s dudas provoca m\u00e1s all\u00e1 de esa delantera todav\u00eda por completar con los dos jugadores llamados a liderar el apartado ofensivo.<\/p>\n","protected":false},"excerpt":{"rendered":"Poco a poco, el Real Zaragoza va tomando forma. La idea, el estilo y la identidad perseguidas por&hellip;\n","protected":false},"author":2,"featured_media":705397,"comment_status":"","ping_status":"","sticky":false,"template":"","format":"standard","meta":{"footnotes":""},"categories":[268],"tags":[1422,5030,168,25,24,280,282,3659,3954,798,799,281,23,167,491],"class_list":["post-705396","post","type-post","status-publish","format-standard","has-post-thumbnail","category-futbol","tag-ataque","tag-delantero","tag-deportes","tag-es","tag-espana","tag-football","tag-futbol","tag-ibai","tag-pasa","tag-real","tag-real-zaragoza","tag-soccer","tag-spain","tag-sports","tag-zaragoza"],"share_on_mastodon":{"url":"https:\/\/pubeurope.com\/@es\/117075656307158252","error":""},"_links":{"self":[{"href":"https:\/\/www.europesays.com\/es\/wp-json\/wp\/v2\/posts\/705396","targetHints":{"allow":["GET"]}}],"collection":[{"href":"https:\/\/www.europesays.com\/es\/wp-json\/wp\/v2\/posts"}],"about":[{"href":"https:\/\/www.europesays.com\/es\/wp-json\/wp\/v2\/types\/post"}],"author":[{"embeddable":true,"href":"https:\/\/www.europesays.com\/es\/wp-json\/wp\/v2\/users\/2"}],"replies":[{"embeddable":true,"href":"https:\/\/www.europesays.com\/es\/wp-json\/wp\/v2\/comments?post=705396"}],"version-history":[{"count":0,"href":"https:\/\/www.europesays.com\/es\/wp-json\/wp\/v2\/posts\/705396\/revisions"}],"wp:featuredmedia":[{"embeddable":true,"href":"https:\/\/www.europesays.com\/es\/wp-json\/wp\/v2\/media\/705397"}],"wp:attachment":[{"href":"https:\/\/www.europesays.com\/es\/wp-json\/wp\/v2\/media?parent=705396"}],"wp:term":[{"taxonomy":"category","embeddable":true,"href":"https:\/\/www.europesays.com\/es\/wp-json\/wp\/v2\/categories?post=705396"},{"taxonomy":"post_tag","embeddable":true,"href":"https:\/\/www.europesays.com\/es\/wp-json\/wp\/v2\/tags?post=705396"}],"curies":[{"name":"wp","href":"https:\/\/api.w.org\/{rel}","templated":true}]}}