{"id":705706,"date":"2026-08-11T11:01:12","date_gmt":"2026-08-11T11:01:12","guid":{"rendered":"https:\/\/www.europesays.com\/es\/705706\/"},"modified":"2026-08-11T11:01:12","modified_gmt":"2026-08-11T11:01:12","slug":"un-tribunal-ruso-prohibe-al-unico-partido-antiguerra-participar-en-las-elecciones-parlamentarias","status":"publish","type":"post","link":"https:\/\/www.europesays.com\/es\/705706\/","title":{"rendered":"Un tribunal ruso proh\u00edbe al \u00fanico partido antiguerra participar en las elecciones parlamentarias"},"content":{"rendered":"<p>    <img src=\"https:\/\/www.europesays.com\/es\/wp-content\/uploads\/2026\/08\/1786446072_520_2026-08-10T173A583A46Z-91875757.jpg\" width=\"1024\" height=\"682\" alt=\"\" loading=\"eager\" decoding=\"sync\" fetchpriority=\"high\"\/><\/p>\n<p>            afp_tickers        <\/p>\n<p>        Este contenido fue publicado en    <\/p>\n<p>        11 agosto 2026 &#8211; 12:22\n<\/p>\n<p>La Corte Suprema de Rusia prohibi\u00f3 el lunes que el partido Yabloko, el \u00fanico del pa\u00eds que se opone a la guerra, pueda participar en las elecciones parlamentarias del pr\u00f3ximo septiembre.<\/p>\n<p>El juez Viacheslav Kirilov declar\u00f3 que \u00abhab\u00edan sido aceptados\u00bb los pedidos para anular el registro de la candidatura del partido Yabloko en estas elecciones.<\/p>\n<p>Un partido nacionalista pro-Kremlin hab\u00eda recurrido al alto tribunal para evitar que Yabloko concurriera a las elecciones parlamentarias, ganadas desde 2003 por la formaci\u00f3n \u00abRusia Unida\u00bb del presidente Vladimir Putin.<\/p>\n<p>Un centenar de simpatizantes del partido antibelicista, en su mayor\u00eda j\u00f3venes, se congregaron frente al tribunal y corearon \u00ab\u00a1Verg\u00fcenza! \u00a1Verg\u00fcenza!\u00bb despu\u00e9s de conocerse el fallo.<\/p>\n<p>El l\u00edder de Yabloko (\u00abmanzana\u00bb en ruso), Nikol\u00e1i Ribakov, les anunci\u00f3 que iban a recurrir la decisi\u00f3n.<\/p>\n<p>\u00abTenemos un largo camino por delante y una tarea grande e importante: detener las muertes y devolver la paz\u00bb, afirm\u00f3. \u00abTodo lo que hagamos debe estar dedicado a eso\u00bb, agreg\u00f3.<\/p>\n<p>Con la mayor\u00eda de los opositores de Putin encarcelados, exiliados o muertos, Yabloko es el \u00fanico partido liberal que sigue operando en Rusia.<\/p>\n<p>El partido ha recibido el apoyo de varias figuras opositoras en el exilio, incluida Yulia Navalnaya, viuda del fallecido l\u00edder opositor Alex\u00e9i Navalni. Ambos est\u00e1n catalogados como \u00abextremistas\u00bb en Rusia.<\/p>\n<p>Una encuesta realizada a comienzos de este a\u00f1o situ\u00f3 a Yabloko en apenas un tres por ciento de apoyo, por debajo del umbral del cinco por ciento necesario para entrar en la Duma, la c\u00e1mara baja de Rusia.\u00a0<\/p>\n<p>La \u00faltima vez que la formaci\u00f3n obtuvo representaci\u00f3n en la Duma estatal fue en las elecciones de 2003.<\/p>\n<p>Los intentos de poner fin por la v\u00eda diplom\u00e1tica a la guerra en Ucrania, que dura ya casi cuatro a\u00f1os y medio, han fracasado hasta ahora.<\/p>\n<p>Putin mantiene sus firmes exigencias territoriales para acabar con los combates y descarta entablar negociaciones con su par ucraniano, Volodimir Zelenski.<\/p>\n<p>Encuestas independientes muestran que la mayor\u00eda de los rusos est\u00e1n a favor de iniciar negociaciones de paz con Kiev.<\/p>\n<p>bur\/dbh\/ahg<\/p>\n","protected":false},"excerpt":{"rendered":"afp_tickers Este contenido fue publicado en 11 agosto 2026 &#8211; 12:22 La Corte Suprema de Rusia prohibi\u00f3 el&hellip;\n","protected":false},"author":2,"featured_media":705707,"comment_status":"","ping_status":"","sticky":false,"template":"","format":"standard","meta":{"footnotes":""},"categories":[42],"tags":[17,18,6654,13,14,11,61,62,63,64,19,20,9,10,15,16,88,90,12,21,22,65,66,67],"class_list":["post-705706","post","type-post","status-publish","format-standard","has-post-thumbnail","category-internacional","tag-breaking-news","tag-breakingnews","tag-election","tag-featured-news","tag-featurednews","tag-headlines","tag-internacional","tag-international","tag-international-news","tag-internationalnews","tag-latest-news","tag-latestnews","tag-news","tag-noticias","tag-noticias-destacadas","tag-noticiasdestacadas","tag-politics","tag-ticker","tag-titulares","tag-ultimas-noticias","tag-ultimasnoticias","tag-world","tag-world-news","tag-worldnews"],"share_on_mastodon":{"url":"https:\/\/pubeurope.com\/@es\/117076538553374194","error":""},"_links":{"self":[{"href":"https:\/\/www.europesays.com\/es\/wp-json\/wp\/v2\/posts\/705706","targetHints":{"allow":["GET"]}}],"collection":[{"href":"https:\/\/www.europesays.com\/es\/wp-json\/wp\/v2\/posts"}],"about":[{"href":"https:\/\/www.europesays.com\/es\/wp-json\/wp\/v2\/types\/post"}],"author":[{"embeddable":true,"href":"https:\/\/www.europesays.com\/es\/wp-json\/wp\/v2\/users\/2"}],"replies":[{"embeddable":true,"href":"https:\/\/www.europesays.com\/es\/wp-json\/wp\/v2\/comments?post=705706"}],"version-history":[{"count":0,"href":"https:\/\/www.europesays.com\/es\/wp-json\/wp\/v2\/posts\/705706\/revisions"}],"wp:featuredmedia":[{"embeddable":true,"href":"https:\/\/www.europesays.com\/es\/wp-json\/wp\/v2\/media\/705707"}],"wp:attachment":[{"href":"https:\/\/www.europesays.com\/es\/wp-json\/wp\/v2\/media?parent=705706"}],"wp:term":[{"taxonomy":"category","embeddable":true,"href":"https:\/\/www.europesays.com\/es\/wp-json\/wp\/v2\/categories?post=705706"},{"taxonomy":"post_tag","embeddable":true,"href":"https:\/\/www.europesays.com\/es\/wp-json\/wp\/v2\/tags?post=705706"}],"curies":[{"name":"wp","href":"https:\/\/api.w.org\/{rel}","templated":true}]}}