{"id":705744,"date":"2026-08-11T11:31:23","date_gmt":"2026-08-11T11:31:23","guid":{"rendered":"https:\/\/www.europesays.com\/es\/705744\/"},"modified":"2026-08-11T11:31:23","modified_gmt":"2026-08-11T11:31:23","slug":"gianni-daniele-jefe-medico-de-la-federacion-italiana-de-tenis-sobre-alcaraz-se-habria-creado-en-su-mente-una-especie-de-depresion","status":"publish","type":"post","link":"https:\/\/www.europesays.com\/es\/705744\/","title":{"rendered":"Gianni Daniele, jefe m\u00e9dico de la Federaci\u00f3n italiana de tenis, sobre Alcaraz: \u00abSe habr\u00eda creado en su mente una especie de depresi\u00f3n\u00bb"},"content":{"rendered":"<p class=\"c-paragraph\">El presidente de la Comisi\u00f3n M\u00e9dica de la Federaci\u00f3n Italiana de Tenis, <b>Gianni Daniele<\/b>, ha hablado sobre la<a href=\"https:\/\/www.20minutos.es\/deportes\/tenis\/andy-murray-icono-tenis-lesion-muneca-carlos-alcaraz-es-muy-dificil-superar-fisica-mentalmente_7023697_0.html\" title=\"Andy Murray, icono del tenis: &quot;La lesi\u00f3n de mu\u00f1eca de Carlos Alcaraz es muy dif\u00edcil de superar f\u00edsica y mentalmente&quot;\" rel=\"nofollow noopener\" target=\"_blank\"> dura lesi\u00f3n de mu\u00f1eca <\/a>de<a href=\"https:\/\/www.20minutos.es\/tags\/deportes\/carlos-alcaraz.html\" title=\"Carlos Alcaraz\" rel=\"nofollow noopener\" target=\"_blank\"> Carlos Alcaraz<\/a> y ha dejado caer que esos problemas estar\u00edan traslad\u00e1ndose a su mente tras permanecer<b> m\u00e1s de cuatro meses fuera de la competici\u00f3n.\u00a0<\/b><\/p>\n<p class=\"c-paragraph\">\u00abDesde Espa\u00f1a, no se ha sabido con claridad qu\u00e9 tipo de lesi\u00f3n ha tenido Carlos en su mu\u00f1eca derecha. Ahora <b>est\u00e1 surgiendo la hip\u00f3tesis de una debilidad mental<\/b>\u00ab, a\u00f1adi\u00f3, en\u00a0una <a href=\"https:\/\/www.repubblica.it\/sport\/tennis\/2026\/08\/10\/news\/sinner_perche_infortunato_alcaraz-425520840\/?ref=pay_amp\" rel=\"nofollow noreferrer noopener\" target=\"_blank\">entrevista con la Reppublica.\u00a0<\/a><\/p>\n<p class=\"c-paragraph\">A su vez, el propio Daniele destac\u00f3 que Carlitos podr\u00eda estar pasando por una especie de \u00abdepresi\u00f3n\u00bb por no recuperar su \u00abintensidad\u00bb en pista: \u00abAl tener dificultades para recuperar la intensidad de entrenamiento de antes, <b>se habr\u00eda creado en su cabeza una especie de depresi\u00f3n<\/b>, un c\u00edrculo vicioso que no le da la seguridad de antes\u00bb.<\/p>\n<p class=\"c-paragraph\">\u00ab<b>Las dudas empezar\u00edan a ganar terreno en su mente<\/b>, y es una l\u00e1stima, incluso para el n\u00famero uno, no encontrar un rival de una clase tan inmensa\u00bb, ha concluido el m\u00e9dico, refiri\u00e9ndose a la competencia que tendr\u00e1 Sinner por lo m\u00e1s alto del ranking ATP.<\/p>\n<p class=\"c-paragraph\">Alcaraz lleva de baja por esa <b>lesi\u00f3n en su mu\u00f1eca derecha desde el pasado 15 de abril<\/b>, cuando tuvo que retirarse del Conde de God\u00f3 tras su debut, y a\u00fan no ha regresado a las pistas: desde su lesi\u00f3n, el murciano se ha perdido varios torneos, entre ellos los dos &#8216;grandes&#8217;, Roland Garros y Wimbledon, y hace unos d\u00edas anunci\u00f3 que tampoco competir\u00eda en el Masters 1000 de Cincinnati.\u00a0<\/p>\n","protected":false},"excerpt":{"rendered":"El presidente de la Comisi\u00f3n M\u00e9dica de la Federaci\u00f3n Italiana de Tenis, Gianni Daniele, ha hablado sobre la&hellip;\n","protected":false},"author":2,"featured_media":705745,"comment_status":"","ping_status":"","sticky":false,"template":"","format":"standard","meta":{"footnotes":""},"categories":[274],"tags":[545,168,25,24,126964,544,120679,23,167,327,326],"class_list":["post-705744","post","type-post","status-publish","format-standard","has-post-thumbnail","category-tenis","tag-carlos-alcaraz","tag-deportes","tag-es","tag-espana","tag-gianni-daniele","tag-jannik-sinner","tag-lesion-muneca","tag-spain","tag-sports","tag-tenis","tag-tennis"],"share_on_mastodon":{"url":"https:\/\/pubeurope.com\/@es\/117076655429083220","error":""},"_links":{"self":[{"href":"https:\/\/www.europesays.com\/es\/wp-json\/wp\/v2\/posts\/705744","targetHints":{"allow":["GET"]}}],"collection":[{"href":"https:\/\/www.europesays.com\/es\/wp-json\/wp\/v2\/posts"}],"about":[{"href":"https:\/\/www.europesays.com\/es\/wp-json\/wp\/v2\/types\/post"}],"author":[{"embeddable":true,"href":"https:\/\/www.europesays.com\/es\/wp-json\/wp\/v2\/users\/2"}],"replies":[{"embeddable":true,"href":"https:\/\/www.europesays.com\/es\/wp-json\/wp\/v2\/comments?post=705744"}],"version-history":[{"count":0,"href":"https:\/\/www.europesays.com\/es\/wp-json\/wp\/v2\/posts\/705744\/revisions"}],"wp:featuredmedia":[{"embeddable":true,"href":"https:\/\/www.europesays.com\/es\/wp-json\/wp\/v2\/media\/705745"}],"wp:attachment":[{"href":"https:\/\/www.europesays.com\/es\/wp-json\/wp\/v2\/media?parent=705744"}],"wp:term":[{"taxonomy":"category","embeddable":true,"href":"https:\/\/www.europesays.com\/es\/wp-json\/wp\/v2\/categories?post=705744"},{"taxonomy":"post_tag","embeddable":true,"href":"https:\/\/www.europesays.com\/es\/wp-json\/wp\/v2\/tags?post=705744"}],"curies":[{"name":"wp","href":"https:\/\/api.w.org\/{rel}","templated":true}]}}