{"id":705850,"date":"2026-08-11T12:54:11","date_gmt":"2026-08-11T12:54:11","guid":{"rendered":"https:\/\/www.europesays.com\/es\/705850\/"},"modified":"2026-08-11T12:54:11","modified_gmt":"2026-08-11T12:54:11","slug":"la-arquitectura-gaditana-pierde-a-uno-de-sus-iconos","status":"publish","type":"post","link":"https:\/\/www.europesays.com\/es\/705850\/","title":{"rendered":"La arquitectura gaditana pierde a uno de sus iconos"},"content":{"rendered":"<p style=\"\">La arquitectura gaditana ha perdido este martes a uno de sus referentes. Se trata de <strong>Rafael Otero Gonz\u00e1lez<\/strong>. Su impronta en la ciudad est\u00e1 marcada por la reforma del Teatro Falla y el nuevo edificio de la Tesorer\u00eda de la Seguridad Social, entre otros,  &#8230; adem\u00e1s de la Escuela de Ingenieros, en el campus de Puerto Real.<\/p>\n<p class=\"v-d-p\" style=\"\"> En 1985 se le encarg\u00f3 la<strong> reforma del Teatro Falla<\/strong>, un proyecto delicado y, a la vez, muy complicado debido al <strong>estado deficiente<\/strong> en el que se encontraba el edificio. La recuperaci\u00f3n del inmueble le llev\u00f3 cinco a\u00f1os, hasta su inauguraci\u00f3n. Por esta obra recibi\u00f3 el Premio Andaluc\u00eda de Cultura a la Defensa del Patrimonio Art\u00edstico, en 990.<\/p>\n<p class=\"v-d-p\" style=\"\">Otra de sus grandes obras en la ciudad ha sido el edificio de la Junta de Andaluc\u00eda, en la <strong>plaza Asdr\u00fabal<\/strong>. Fue inaugurado en 2005 y alberga varias de las delegaciones provinciales de la Junta de Andaluc\u00eda. Se trata de un inmueble \u00abmoderno\u00bb, con la \u00abtendencia racionalista cl\u00e1sica del brutalismo\u00bb.<\/p>\n<p class=\"v-d-p\" style=\"\">Junto al edificio de la Junta de Andaluc\u00eda en Asdr\u00fabal, se encuentra la s<strong>ede de la Seguridad Social<\/strong>, proyectado tambi\u00e9n por Rafael Otero. Tiene una volumetr\u00eda y un espacio mirando al mar muy bueno.<\/p>\n<p class=\"v-d-p\" style=\"\">Fuera de C\u00e1diz cuenta tambi\u00e9n con obras  como la escuela de Ingenier\u00eda en Puerto Real, unos centros educativos en Chipiona o en El Puerto de Santa Mar\u00eda, el club social de la Autoridad Portuaria de Algeciras, o la rehabilitaci\u00f3n del Teatro Villamarta de Jerez que har\u00eda tambi\u00e9n junto a Jos\u00e9 Antonio Carbajal. En 2019 fue homenajeado por el Colegio de Arquitectos de C\u00e1diz por sus 40 a\u00f1os de profesi\u00f3n.<\/p>\n","protected":false},"excerpt":{"rendered":"La arquitectura gaditana ha perdido este martes a uno de sus referentes. Se trata de Rafael Otero Gonz\u00e1lez.&hellip;\n","protected":false},"author":2,"featured_media":705851,"comment_status":"","ping_status":"","sticky":false,"template":"","format":"standard","meta":{"footnotes":""},"categories":[173],"tags":[801,229,233,231,230,232,234,146,147,25,24,21719,12442,3457,23],"class_list":["post-705850","post","type-post","status-publish","format-standard","has-post-thumbnail","category-arte-y-diseno","tag-arquitectura","tag-arte","tag-arte-y-diseno","tag-arts","tag-arts-and-design","tag-design","tag-diseno","tag-entertainment","tag-entretenimiento","tag-es","tag-espana","tag-gaditana","tag-iconos","tag-pierde","tag-spain"],"share_on_mastodon":{"url":"https:\/\/pubeurope.com\/@es\/117076981389229379","error":""},"_links":{"self":[{"href":"https:\/\/www.europesays.com\/es\/wp-json\/wp\/v2\/posts\/705850","targetHints":{"allow":["GET"]}}],"collection":[{"href":"https:\/\/www.europesays.com\/es\/wp-json\/wp\/v2\/posts"}],"about":[{"href":"https:\/\/www.europesays.com\/es\/wp-json\/wp\/v2\/types\/post"}],"author":[{"embeddable":true,"href":"https:\/\/www.europesays.com\/es\/wp-json\/wp\/v2\/users\/2"}],"replies":[{"embeddable":true,"href":"https:\/\/www.europesays.com\/es\/wp-json\/wp\/v2\/comments?post=705850"}],"version-history":[{"count":0,"href":"https:\/\/www.europesays.com\/es\/wp-json\/wp\/v2\/posts\/705850\/revisions"}],"wp:featuredmedia":[{"embeddable":true,"href":"https:\/\/www.europesays.com\/es\/wp-json\/wp\/v2\/media\/705851"}],"wp:attachment":[{"href":"https:\/\/www.europesays.com\/es\/wp-json\/wp\/v2\/media?parent=705850"}],"wp:term":[{"taxonomy":"category","embeddable":true,"href":"https:\/\/www.europesays.com\/es\/wp-json\/wp\/v2\/categories?post=705850"},{"taxonomy":"post_tag","embeddable":true,"href":"https:\/\/www.europesays.com\/es\/wp-json\/wp\/v2\/tags?post=705850"}],"curies":[{"name":"wp","href":"https:\/\/api.w.org\/{rel}","templated":true}]}}