{"id":706066,"date":"2026-08-11T15:32:18","date_gmt":"2026-08-11T15:32:18","guid":{"rendered":"https:\/\/www.europesays.com\/es\/706066\/"},"modified":"2026-08-11T15:32:18","modified_gmt":"2026-08-11T15:32:18","slug":"trump-cambio-de-avion-en-secreto-tras-la-cumbre-de-la-otan-debido-a-amenazas-iranies","status":"publish","type":"post","link":"https:\/\/www.europesays.com\/es\/706066\/","title":{"rendered":"Trump cambi\u00f3 de avi\u00f3n en secreto tras la cumbre de la OTAN debido a amenazas iran\u00edes"},"content":{"rendered":"<p>    <img src=\"https:\/\/www.europesays.com\/es\/wp-content\/uploads\/2026\/08\/2026-08-11T133A023A58Z-91880230.jpg\" width=\"1024\" height=\"682\" alt=\"\" loading=\"eager\" decoding=\"sync\" fetchpriority=\"high\"\/><\/p>\n<p>            afp_tickers        <\/p>\n<p>        Este contenido fue publicado en    <\/p>\n<p>        11 agosto 2026 &#8211; 15:02\n<\/p>\n<p>El presidente de Estados Unidos, Donald Trump, sali\u00f3 de Turqu\u00eda en secreto el mes pasado en un avi\u00f3n m\u00e1s peque\u00f1o debido a una amenaza de asesinato procedente de Ir\u00e1n, inform\u00f3 este lunes The Washington Post.<\/p>\n<p>Seg\u00fan un funcionario estadounidense an\u00f3nimo citado por ese medio, Trump abord\u00f3 un Air Force One en Ankara el 8 de julio, pero luego se traslad\u00f3 a otra aeronave.<\/p>\n<p>Un avi\u00f3n m\u00e1s peque\u00f1o, un C-32A, lo llev\u00f3 a Reino Unido mientras que los medios y algunos funcionarios creyeron que Trump segu\u00eda en el avi\u00f3n m\u00e1s grande.<\/p>\n<p>La amenaza iran\u00ed ya hab\u00eda sido mencionada anteriormente por medios estadounidenses como el motivo por el que Trump no abandon\u00f3 Turqu\u00eda a bordo del nuevo Boeing 747-8, obsequiado a Estados Unidos por Catar, con el que hab\u00eda llegado al pa\u00eds.<\/p>\n<p>Trump, que estaba en Ankara para una cumbre de la OTAN, dijo entonces que tomar\u00eda el Boeing 747 m\u00e1s antiguo para que los miembros del ej\u00e9rcito estadounidense en una base a\u00e9rea en Reino Unido pudieran visitar el nuevo avi\u00f3n.<\/p>\n<p>Sin embargo, varios medios estadounidenses, entre ellos The New York Times, informaron que una amenaza de Ir\u00e1n hab\u00eda motivado el cambio de avi\u00f3n.<\/p>\n<p>A los periodistas que viajaban en el avi\u00f3n antiguo que sali\u00f3 de Ankara tambi\u00e9n se les pidi\u00f3 mantener las persianas de las ventanillas cerradas, lo que aument\u00f3 las sospechas sobre preocupaciones de seguridad.<\/p>\n<p>Seg\u00fan el Times, el intercambio de aviones provoc\u00f3 un nuevo escrutinio del jet regalado por Catar no contaba con las mismas caracter\u00edsticas de seguridad que el avi\u00f3n m\u00e1s antiguo, incluidas defensas antimisiles.<\/p>\n<p>La familia real de Catar don\u00f3 el lujoso avi\u00f3n de pasajeros el a\u00f1o pasado, despu\u00e9s de que Trump se quejara del estado de los dos envejecidos Boeing 747 que hab\u00edan servido como Air Force One desde 1990.<\/p>\n<p>Cuando la AFP pregunt\u00f3 por el informe del Washington Post, la Casa Blanca envi\u00f3 un comunicado defendiendo la seguridad del nuevo avi\u00f3n.\u00a0<\/p>\n<p>\u00abEl nuevo Air Force One es una aeronave de \u00faltima generaci\u00f3n que ha sido equipada con protocolos de seguridad de alto nivel que garantizan la seguridad del presidente y de su equipo\u00bb, dijo el director de Comunicaciones, Steven Cheung, en el comunicado.<\/p>\n<p>sia\/eml\/cr\/mvl<\/p>\n","protected":false},"excerpt":{"rendered":"afp_tickers Este contenido fue publicado en 11 agosto 2026 &#8211; 15:02 El presidente de Estados Unidos, Donald Trump,&hellip;\n","protected":false},"author":2,"featured_media":706067,"comment_status":"","ping_status":"","sticky":false,"template":"","format":"standard","meta":{"footnotes":""},"categories":[42],"tags":[22914,17,18,82,11643,13,14,4437,11,61,62,63,64,19,20,30195,26533,9,10,15,16,88,26534,90,12,22917,21,22,65,66,67],"class_list":["post-706066","post","type-post","status-publish","format-standard","has-post-thumbnail","category-internacional","tag-air-transport","tag-breaking-news","tag-breakingnews","tag-business","tag-defence","tag-featured-news","tag-featurednews","tag-government","tag-headlines","tag-internacional","tag-international","tag-international-news","tag-internationalnews","tag-latest-news","tag-latestnews","tag-military-equipment","tag-national-security","tag-news","tag-noticias","tag-noticias-destacadas","tag-noticiasdestacadas","tag-politics","tag-security-measures","tag-ticker","tag-titulares","tag-transport","tag-ultimas-noticias","tag-ultimasnoticias","tag-world","tag-world-news","tag-worldnews"],"share_on_mastodon":{"url":"","error":"Validation failed: Text character limit of 500 exceeded"},"_links":{"self":[{"href":"https:\/\/www.europesays.com\/es\/wp-json\/wp\/v2\/posts\/706066","targetHints":{"allow":["GET"]}}],"collection":[{"href":"https:\/\/www.europesays.com\/es\/wp-json\/wp\/v2\/posts"}],"about":[{"href":"https:\/\/www.europesays.com\/es\/wp-json\/wp\/v2\/types\/post"}],"author":[{"embeddable":true,"href":"https:\/\/www.europesays.com\/es\/wp-json\/wp\/v2\/users\/2"}],"replies":[{"embeddable":true,"href":"https:\/\/www.europesays.com\/es\/wp-json\/wp\/v2\/comments?post=706066"}],"version-history":[{"count":0,"href":"https:\/\/www.europesays.com\/es\/wp-json\/wp\/v2\/posts\/706066\/revisions"}],"wp:featuredmedia":[{"embeddable":true,"href":"https:\/\/www.europesays.com\/es\/wp-json\/wp\/v2\/media\/706067"}],"wp:attachment":[{"href":"https:\/\/www.europesays.com\/es\/wp-json\/wp\/v2\/media?parent=706066"}],"wp:term":[{"taxonomy":"category","embeddable":true,"href":"https:\/\/www.europesays.com\/es\/wp-json\/wp\/v2\/categories?post=706066"},{"taxonomy":"post_tag","embeddable":true,"href":"https:\/\/www.europesays.com\/es\/wp-json\/wp\/v2\/tags?post=706066"}],"curies":[{"name":"wp","href":"https:\/\/api.w.org\/{rel}","templated":true}]}}