{"id":706228,"date":"2026-08-11T17:30:12","date_gmt":"2026-08-11T17:30:12","guid":{"rendered":"https:\/\/www.europesays.com\/es\/706228\/"},"modified":"2026-08-11T17:30:12","modified_gmt":"2026-08-11T17:30:12","slug":"un-video-muestra-como-un-balcon-se-derrumba-sobre-cuatro-personas-en-el-terremoto-de-colombia","status":"publish","type":"post","link":"https:\/\/www.europesays.com\/es\/706228\/","title":{"rendered":"Un v\u00eddeo muestra como un balc\u00f3n se derrumba sobre cuatro personas en el terremoto de Colombia"},"content":{"rendered":"<p class=\"c-paragraph\">Numerosos v\u00eddeos en redes sociales dan fe de la intensidad y la gravedad del devastador<b> terremoto de magnitud 7,4 que sacudi\u00f3 Colombia<\/b> este lunes. <a href=\"https:\/\/www.20minutos.es\/internacional\/colombia-amanece-entre-escombros-primer-dia-tras-terremoto-que-deja-224-muertos-cientos-desaparecidos_7024717_0.html\" title=\"Colombia afronta el primer d\u00eda de b\u00fasqueda contra reloj de desaparecidos tras el terremoto que deja 224 muertos y 900 heridos\" target=\"_blank\" rel=\"nofollow noopener\">El temblor ha dejado ya 224 fallecidos y m\u00e1s de 900 heridos<\/a> a causa de los numerosos derrumbes y da\u00f1os graves en edificios y estructuras.\u00a0<\/p>\n<p class=\"c-paragraph\">Un v\u00eddeo difundido en redes sociales muestra el momento en el que parte de la estructura de un edificio se desploma sobre cuatro personas que trataban de ponerse a salvo durante el terremoto. Advertimos de que<b> las im\u00e1genes pueden herir la sensibilidad de los espectadores<\/b>.<\/p>\n<p class=\"c-paragraph\">La escena muestra a varias personas saliendo del edificio mientras se producen las fuertes sacudidas. Apenas unos segundos despu\u00e9s, <b>un balc\u00f3n se desprende y cae sobre las personas que se encontraban en las inmediaciones<\/b>. \u00abAy, Dios m\u00edo, no puede ser\u00bb, se escucha decir a una mujer que presencia el momento. Las im\u00e1genes han sido difundidas en redes sociales por la cuenta Mystery World News (@mysteryWN en X). El post en redes sociales asegura que las cuatro personas sobre las que se derrumba el balc\u00f3n habr\u00edan fallecido.<\/p>\n<p class=\"c-paragraph\"><b>Cientos de personas contin\u00faan desaparecidas<\/b> y los equipos de emergencia trabajan a contrarreloj para localizar a posibles supervivientes atrapados bajo los escombros en ciudades como Cali, Pereira, Quibd\u00f3, Manizales y Armenia.\u00a0<\/p>\n<p class=\"c-paragraph\">El se\u00edsmo se registr\u00f3 a las 07:34 horas del lunes (14:34 en Espa\u00f1a) y tuvo\u00a0 su epicentro en San Jos\u00e9 del Palmar, en el departamento del Choc\u00f3, en la costa del Pac\u00edfico, a 82 kil\u00f3metros de profundidad. <b>Cali se encuentra entre las zonas m\u00e1s golpeadas<\/b>, con 85 fallecidos confirmados, mientras las autoridades contin\u00faan evaluando los da\u00f1os provocados por el terremoto.<\/p>\n","protected":false},"excerpt":{"rendered":"Numerosos v\u00eddeos en redes sociales dan fe de la intensidad y la gravedad del devastador terremoto de magnitud&hellip;\n","protected":false},"author":2,"featured_media":706229,"comment_status":"","ping_status":"","sticky":false,"template":"","format":"standard","meta":{"footnotes":""},"categories":[42],"tags":[17,18,2170,13,14,11,61,62,63,64,19,20,1156,9,10,15,16,12,21,22,16743,2338,65,66,67],"class_list":["post-706228","post","type-post","status-publish","format-standard","has-post-thumbnail","category-internacional","tag-breaking-news","tag-breakingnews","tag-como","tag-featured-news","tag-featurednews","tag-headlines","tag-internacional","tag-international","tag-international-news","tag-internationalnews","tag-latest-news","tag-latestnews","tag-muestra","tag-news","tag-noticias","tag-noticias-destacadas","tag-noticiasdestacadas","tag-titulares","tag-ultimas-noticias","tag-ultimasnoticias","tag-un","tag-video","tag-world","tag-world-news","tag-worldnews"],"share_on_mastodon":{"url":"https:\/\/pubeurope.com\/@es\/117078066809284173","error":""},"_links":{"self":[{"href":"https:\/\/www.europesays.com\/es\/wp-json\/wp\/v2\/posts\/706228","targetHints":{"allow":["GET"]}}],"collection":[{"href":"https:\/\/www.europesays.com\/es\/wp-json\/wp\/v2\/posts"}],"about":[{"href":"https:\/\/www.europesays.com\/es\/wp-json\/wp\/v2\/types\/post"}],"author":[{"embeddable":true,"href":"https:\/\/www.europesays.com\/es\/wp-json\/wp\/v2\/users\/2"}],"replies":[{"embeddable":true,"href":"https:\/\/www.europesays.com\/es\/wp-json\/wp\/v2\/comments?post=706228"}],"version-history":[{"count":0,"href":"https:\/\/www.europesays.com\/es\/wp-json\/wp\/v2\/posts\/706228\/revisions"}],"wp:featuredmedia":[{"embeddable":true,"href":"https:\/\/www.europesays.com\/es\/wp-json\/wp\/v2\/media\/706229"}],"wp:attachment":[{"href":"https:\/\/www.europesays.com\/es\/wp-json\/wp\/v2\/media?parent=706228"}],"wp:term":[{"taxonomy":"category","embeddable":true,"href":"https:\/\/www.europesays.com\/es\/wp-json\/wp\/v2\/categories?post=706228"},{"taxonomy":"post_tag","embeddable":true,"href":"https:\/\/www.europesays.com\/es\/wp-json\/wp\/v2\/tags?post=706228"}],"curies":[{"name":"wp","href":"https:\/\/api.w.org\/{rel}","templated":true}]}}