{"id":706264,"date":"2026-08-11T17:55:15","date_gmt":"2026-08-11T17:55:15","guid":{"rendered":"https:\/\/www.europesays.com\/es\/706264\/"},"modified":"2026-08-11T17:55:15","modified_gmt":"2026-08-11T17:55:15","slug":"logrono-recupera-el-playabus-aunque-sin-ruta-a-san-sebastian","status":"publish","type":"post","link":"https:\/\/www.europesays.com\/es\/706264\/","title":{"rendered":"Logro\u00f1o recupera el &#8216;playab\u00fas&#8217;, aunque sin ruta a San Sebasti\u00e1n"},"content":{"rendered":"<p><a href=\"#\" onclick=\"window.open('https:\/\/www.facebook.com\/sharer.php?u=https:\/\/nuevecuatrouno.com\/2026\/08\/11\/logrono-recupera-playabus-sin-ruta-san-sebastian\/&amp;t=Logro\u00f1o recupera el \u2018playab\u00fas\u2019, aunque sin ruta a San Sebasti\u00e1n', 'facebookShare', 'width=626,height=436'); return false;\" title=\"Facebook\"><\/p>\n<p>COMPARTE<\/p>\n<p><\/a><br \/>\n<a href=\"#\" onclick=\"window.open('https:\/\/x.com\/share?text=Logro\u00f1o recupera el \u2018playab\u00fas\u2019, aunque sin ruta a San Sebasti\u00e1n -&amp;url=https:\/\/nuevecuatrouno.com\/2026\/08\/11\/logrono-recupera-playabus-sin-ruta-san-sebastian\/', 'twitterShare', 'width=626,height=436'); return false;\" title=\"X\"><img decoding=\"async\" src=\"https:\/\/www.europesays.com\/es\/wp-content\/uploads\/2026\/08\/1786470914_975_x-twitter-art.png\" style=\"padding-top: 6px;\"\/>POSTEA<\/a><br \/>\n<a href=\"whatsapp:\/\/send?text=Logro\u00f1o recupera el \u2018playab\u00fas\u2019, aunque sin ruta a San Sebasti\u00e1n https:\/\/nuevecuatrouno.com\/2026\/08\/11\/logrono-recupera-playabus-sin-ruta-san-sebastian\/\" rel=\"nofollow\"><\/p>\n<p>WHATSAPP<\/p>\n<p><\/a><br \/>\n<a href=\"http:\/\/nuevecuatrouno.com\/cdn-cgi\/l\/email-protection#f4cb8781969e919780c9b89b93869b37459bd48691978184918695d49198d4d2d7ccc6c5c2cf8498958d9596374e87d2d7ccc6c5c3cfd8d495819a858191d4879d9ad486818095d495d4a7959ad4a791969587809d37559ad2959984cfb6bbb0adc9364ba581375dd4829d9095cbd4bc91d4829d87809bd491878091d495868037599781989bd4919ad49a8191829197819580869b819a9bda979b99d48dd49786919bd4858191d48091d48481919091d49d9a80918691879586ced49c80808487cedbdb9a8191829197819580869b819a9bda979b99dbc6c4c6c2dbc4ccdbc5c5db989b93869b9a9bd98691978184918695d98498958d95968187d9879d9ad986818095d987959ad98791969587809d959adb\" rel=\"nofollow noopener\" target=\"_blank\"><\/p>\n<p>Email<\/p>\n<p><\/a><\/p>\n<p>Poco a poco, las aguas (marinas) van volviendo a su cauce. El \u2018playab\u00fas\u2019 est\u00e1 de vuelta desde <a href=\"https:\/\/nuevecuatrouno.com\/tema\/logrono\/\" rel=\"nofollow noopener\" target=\"_blank\">Logro\u00f1o<\/a>, aunque con matices, tras la agria pol\u00e9mica derivada de la<a href=\"https:\/\/nuevecuatrouno.com\/2026\/08\/07\/aqui-no-hay-playa-cancelado-el-playabus-de-logrono\/\" rel=\"nofollow noopener\" target=\"_blank\"> suspensi\u00f3n de los servicios \u2018playab\u00fas\u2019 por parte de las agencias riojanas<\/a> a consecuencia de una sanci\u00f3n de Transportes de Navarra por presunta competencia desleal respecto a los servicios regulares a destinos mar\u00edtimos.<\/p>\n<p>Tal y como ha anunciado una de las agencias comercializadores del \u2018playab\u00fas\u2019 (Zafiro Tours), este pr\u00f3ximo s\u00e1bado se restablecer\u00e1 el servicio desde la capital riojana, con un viaje especial de ida y vuelta en el mismo d\u00eda a la playa de Lekeitio, a un precio de 20 euros por persona).<\/p>\n<p>Tras ella, la agencia comercializa otros destinos, como San Juan de Luz (domingo, 16), Zarauz (mi\u00e9rcoles, 19), Hendaya (23 de agosto), Fuenterrab\u00eda (el d\u00eda 26) o Capbreton (30 de agosto). Adem\u00e1s, el d\u00eda 28 est\u00e1 programada una salida a Laredo. En todos estos viajes, la salida tendr\u00e1 lugar desde la estaci\u00f3n de autobuses de Logro\u00f1o a las 7:35 horas y la Gran V\u00eda, para regresar tras un d\u00eda de playa a las siete de la tarde.<\/p>\n<p>Eso s\u00ed, todav\u00eda deben esperar los chapuzones en las playas de San Sebasti\u00e1n, ya que este destino fue objeto de la denuncia interpuesta por Jim\u00e9nez Movilidad (que opera esta ruta con cuatro viajes de ida y otros tantos de vuelta cada d\u00eda) ante el Gobierno navarro, que ha derivado en la suspensi\u00f3n temporal de los viajes\u00a0 desde el pasado viernes. De hecho, aunque el pr\u00f3ximo 26 de agosto estaba prevista la partida de un \u2018playab\u00fas\u2019 a la capital guipuzcoana, ahora ese destino aparece reemplazado por Hondarribia.<\/p>\n<p>Hasta la reanudaci\u00f3n del servicio -al menos, por parte de una de las agencias- se han visto afectados los \u2018playab\u00fas\u2019 que organizaban un d\u00eda de playa en Castro Urdiales y Biarritz (el pasado viernes), en Zarautz y Santo\u00f1a (el s\u00e1bado) y en Biarritz y San Sebasti\u00e1n (el pasado domingo).<\/p>\n<p><img decoding=\"async\" src=\"https:\/\/www.europesays.com\/es\/wp-content\/uploads\/2026\/08\/1786470915_545_cabecera-nuevecuatrouno-2026.png\"\/><\/p>\n","protected":false},"excerpt":{"rendered":"COMPARTE POSTEA WHATSAPP Email Poco a poco, las aguas (marinas) van volviendo a su cauce. El \u2018playab\u00fas\u2019 est\u00e1&hellip;\n","protected":false},"author":2,"featured_media":706265,"comment_status":"","ping_status":"","sticky":false,"template":"","format":"standard","meta":{"footnotes":""},"categories":[8],"tags":[808,104315,17,18,25,24,13,14,11,19,20,6173,9,10,15,16,126116,23,12,21,22],"class_list":["post-706264","post","type-post","status-publish","format-standard","has-post-thumbnail","category-espana","tag-ahora","tag-apertura-1","tag-breaking-news","tag-breakingnews","tag-es","tag-espana","tag-featured-news","tag-featurednews","tag-headlines","tag-latest-news","tag-latestnews","tag-logrono","tag-news","tag-noticias","tag-noticias-destacadas","tag-noticiasdestacadas","tag-playabus","tag-spain","tag-titulares","tag-ultimas-noticias","tag-ultimasnoticias"],"share_on_mastodon":{"url":"https:\/\/pubeurope.com\/@es\/117078166072304527","error":""},"_links":{"self":[{"href":"https:\/\/www.europesays.com\/es\/wp-json\/wp\/v2\/posts\/706264","targetHints":{"allow":["GET"]}}],"collection":[{"href":"https:\/\/www.europesays.com\/es\/wp-json\/wp\/v2\/posts"}],"about":[{"href":"https:\/\/www.europesays.com\/es\/wp-json\/wp\/v2\/types\/post"}],"author":[{"embeddable":true,"href":"https:\/\/www.europesays.com\/es\/wp-json\/wp\/v2\/users\/2"}],"replies":[{"embeddable":true,"href":"https:\/\/www.europesays.com\/es\/wp-json\/wp\/v2\/comments?post=706264"}],"version-history":[{"count":0,"href":"https:\/\/www.europesays.com\/es\/wp-json\/wp\/v2\/posts\/706264\/revisions"}],"wp:featuredmedia":[{"embeddable":true,"href":"https:\/\/www.europesays.com\/es\/wp-json\/wp\/v2\/media\/706265"}],"wp:attachment":[{"href":"https:\/\/www.europesays.com\/es\/wp-json\/wp\/v2\/media?parent=706264"}],"wp:term":[{"taxonomy":"category","embeddable":true,"href":"https:\/\/www.europesays.com\/es\/wp-json\/wp\/v2\/categories?post=706264"},{"taxonomy":"post_tag","embeddable":true,"href":"https:\/\/www.europesays.com\/es\/wp-json\/wp\/v2\/tags?post=706264"}],"curies":[{"name":"wp","href":"https:\/\/api.w.org\/{rel}","templated":true}]}}